{"id":122959,"date":"2007-07-24T13:46:17","date_gmt":"2007-07-24T13:46:17","guid":{"rendered":"http:\/\/diariodominicano.ddns.net\/?p=122959"},"modified":"2007-07-24T13:46:17","modified_gmt":"2007-07-24T13:46:17","slug":"ctc-seran-integrados-a-la-red-educativa-del-instituto-tecnologico-de-monterrey","status":"publish","type":"post","link":"https:\/\/diariodominicano.com\/?p=122959","title":{"rendered":"CTC ser\u00e1n integrados a la Red Educativa del Instituto Tecnol\u00f3gico de Monterrey"},"content":{"rendered":"<p><body><\/p>\n<p align=\"justify\"><span class=\"titulogrande1\">CTC  ser\u00e1n integrados a la   Red Educativa del Instituto Tecnol\u00f3gico de Monterrey<\/span><br \/>&#13;<br \/>\n  \u00a0\u00a0 <br \/>&#13;<br \/>\n  <span class=\"text1noticias\"><strong>Santo Domingo.- <\/strong>Como resultado de un acuerdo  que ser\u00e1 firmado\u00a0 hoy \u00a0martes 24 de julio por el Despacho de la Primera Dama y el  Instituto Tecnol\u00f3gico y de Educaci\u00f3n Superior de Monterrey (ITESM), once  Centros Tecnol\u00f3gicos Comunitarios (CTC) ofrecer\u00e1n una serie de cursos en l\u00ednea para  personas de escasos recursos econ\u00f3micos.<br \/>&#13;<br \/>\n\u00a0\u00a0 <br \/>&#13;<br \/>\n El rector del ITESM, \u00a0Rafael Rangel, vendr\u00e1 al pa\u00eds para la firma de  dicho acuerdo con la primera dama, Margarita Cede\u00f1o de Fern\u00e1ndez y luego participar\u00e1  en una cena en Palacio, ofrecida por la pareja presidencial.<br \/>&#13;<br \/>\n\u00a0\u00a0 <br \/>&#13;<br \/>\n Los CTC que iniciar\u00e1n con este programa son  los de Hato del Yaque en Santiago de los Caballeros,\u00a0 Los Alm\u00e1cigos de Santiago Rodr\u00edguez,  Casta\u00f1uelas, de Monte Cristi, Hondo Valle de El\u00edas  Pi\u00f1a y Restauraci\u00f3n en Dajab\u00f3n, en la zona noroeste.<\/span><\/p>\n<p>&#13;<\/p>\n<p align=\"justify\" class=\"text1noticias\">Igualmente en la zona Sur  ser\u00e1n impartidos en Padre las Casas de Azua, RanchoArriba de San Jos\u00e9 de Ocoa,  en Polo, Barahona, y La   Descubierta en la provincia Independencia.<br \/>&#13;<br \/>\n\u00a0\u00a0 <br \/>&#13;<br \/>\n En tanto que en la regi\u00f3n Este del pa\u00eds,  ser\u00e1n beneficiados con estos cursos en l\u00ednea las comunidades de El Seibo y  Sabana de la Mar  en Hato Mayor, y m\u00e1s adelante ser\u00e1n integrados los dem\u00e1s CTC a nivel  nacional.\u00a0 <br \/>&#13;<br \/>\n\u00a0\u00a0 <br \/>&#13;<br \/>\n La familia como n\u00facleo de la sociedad y la  mujer y el hombre como cabezas de familia y en muchas ocasiones mujeres madres  solteras, pueden realizar de forma gratuita cursos como \u201cLas  Relaciones de la Familia\u201d,  \u201c\u00bfPor qu\u00e9 es tan necesaria e importante la educaci\u00f3n familiar?\u201d, \u201cLa  importancia del rol paterno\u201d, \u201cNadie puede ser uno mismo si no es  alguien en casa\u201d, \u201cMadre soltera: \u00bfc\u00f3mo prepararla?\u201d, \u201cEducar con el ejemplo\u201d,  \u201cLa educaci\u00f3n de los hijos\u201d, \u201c\u00bfLos ni\u00f1os pueden respetar?\u201d, \u201c\u00bfC\u00f3mo educar a  adolescentes?\u201d. <br \/>&#13;<br \/>\n\u00a0\u00a0 <br \/>&#13;<br \/>\n Tambi\u00e9n, \u201cEl adulterio\u201d, \u201cC\u00f3mo criar  campeones\u201d, \u201cLa depresi\u00f3n\u201d, \u201c\u00bfD\u00f3nde est\u00e1 pap\u00e1?\u201d, \u201cEducar en valores humanos\u201d,  \u201cM\u00e1s vale prevenir que lamentar\u201d, \u201cNo desahogar las rabias con los  hijos\u201d, \u201cPensamientos para la felicidad\u201d, \u201c\u00bfLa televisi\u00f3n forma o deforma?\u201d,  son s\u00f3lo parte de la gama de cursos que ofrecer\u00e1n los CTC, como resultado del  acuerdo con el prestigioso Instituto Tecnol\u00f3gico de Monterrey.<br \/>&#13;<br \/>\n\u00a0\u00a0 <br \/>&#13;<br \/>\n Para aquellos que se desarrollan en el \u00e1rea  del campo los CTC les ofrece sin costo los cursos de Desarrollo Agr\u00edcola, que  incluye aprovechamiento de los bosques, cultivos nutricionales,  mejores plantas y cosechas con humus; Desarrollo Pecuario, con cuidados de  bovinos y porcinos y curso general sobre caprinocultura y en Desarrollo Laboral, dec\u00e1logo  de desarrollo, conceptos b\u00e1sicos de higiene y seguridad en el trabajo y como  resolver problemas en el trabajo.<\/p>\n<p>&#13;<\/p>\n<p align=\"justify\" class=\"text1noticias\">Adem\u00e1s un curso muy especial que le ayudar\u00e1 a  iniciar su propio negocio como \u201cElaboraci\u00f3n de un plan de negocios para obtener  financiamiento\u201d.<br \/>&#13;<br \/>\n\u00a0\u00a0 <br \/>&#13;<br \/>\nLos  servidores p\u00fablicos tendr\u00e1n la oportunidad de optar por los cursos \u201cGu\u00eda para el  Monitoreo Ciudadano\u201d, \u201c\u00c9tica y Transparencia\u201d, \u201cEstrategia de un Buen Gobierno Municipal\u201d y \u201cLa Integridad como  Estrategia para ser Rentable\u201d. Adem\u00e1s, las organizaciones de la Sociedad Civil  tienen desde ahora la oportunidad de recibir capacitaci\u00f3n con\u00a0 el curso de \u201cEl Poder de la Participaci\u00f3n Social\u201d. <br \/>&#13;<br \/>\n\u00a0\u00a0 <br \/>&#13;<br \/>\n Adem\u00e1s, las organizaciones de la Sociedad Civil  tienen la oportunidad de recibir capacitaci\u00f3n con el curso que lleva por nombre  \u201cOrganizaciones de la   Sociedad Civil\u201d.<br \/>&#13;<br \/>\n\u00a0\u00a0 <br \/>&#13;<br \/>\n Y a un bajo costo\u00a0 los interesados podr\u00e1n optar por cursos  especializados que incluyen niveles desde doctorados, maestr\u00edas, diplomados,  conferencias, en diferentes \u00e1reas, hasta  cursos b\u00e1sicos para manejar un computador, quienes tendr\u00e1n acceso a bases de  datos especializadas, programas educativos e interactuar\u00e1n con tutores y\u00a0 asesores de manera permanente.<br \/>&#13;<br \/>\n\u00a0\u00a0 <br \/>&#13;<br \/>\n Para profesionales, ser\u00e1n impertidas, a  precios especiales, maestr\u00edas en Administraci\u00f3n de Instituciones Educativas; en  Ciencias de la Informaci\u00f3n  y Administraci\u00f3n del Conocimiento; en Educaci\u00f3n; en Tecnolog\u00eda Educativa, grado  conjunto con British Columbia y el Doctorado en Innovaci\u00f3n y Tecnolog\u00eda  Educativa.<br \/>&#13;<br \/>\n\u00a0\u00a0 <br \/>&#13;<br \/>\n Adem\u00e1s los maestros interesados podr\u00e1n optar  por realizar cursos y diplomados como \u201cHabilidades B\u00e1sicas para la Docencia\u201d, \u201cT\u00e9cnicas y  Modelos de Calidad en el Sal\u00f3n de Clases\u201d, \u201cPlaneaci\u00f3n y Dise\u00f1o de un Curso\u201d, \u201cLa Funci\u00f3n del Profesor como Asesor\u201d,  \u201cAsertividad y Escucha Activa en el Ambiente Educativo\u201d, \u201cPensamiento<br \/>&#13;<br \/>\nCr\u00edtico y Creativo\u201d, \u201cEl  Desarrollo del Alumno\u201d, \u201cT\u00e9cnicas de Integraci\u00f3n Grupal\u201d, \u201cAprendiendo a Aprender\u201d,  \u201cEvaluaci\u00f3n del Aprendizaje\u201d y \u201cEducando para los Valores\u201d.<br \/>&#13;<br \/>\n\u00a0\u00a0 <br \/>&#13;<br \/>\n Tambi\u00e9n, \u201cLa Tecnolog\u00eda y El Sentido  de los Medios en la   Ense\u00f1anza y el Aprendizaje\u201d, \u201cCurso B\u00e1sico de Estad\u00edstica\u201d,  \u201cCreaci\u00f3n de p\u00e1ginas WEB\u201d, \u201cBiblioteca de Proyectos\u201d, \u201cProyectos en Multimedia  para Escuelas Secundarias\u201d, \u201cProyectos realizados por profesores participantes  del Programa de Actualizaci\u00f3n de Tecnolog\u00eda Educativa para Escuelas Secundarias  (ATEES)\u201d, \u201cObjeto de Aprendizaje\u201d y \u201cEducaci\u00f3n Temprana\u201d.<br \/>&#13;<br \/>\n\u00a0\u00a0 <br \/>&#13;<br \/>\n Los interesados en realizar diplomados podr\u00e1n  optar por el Diplomado en Liderazgo, Calidad y Competencias Docentes; Diplomado  en Liderazgo, Calidad y Competencias Directivas y el Diplomado Competencias  Docentes para la   Ense\u00f1anza Efectiva de las Matem\u00e1ticas, entre otros.<br \/>&#13;<br \/>\n\u00a0\u00a0 <br \/>&#13;<br \/>\n De la misma forma, se ofrecer\u00e1n cursos de  Preparanet, para despu\u00e9s del bachillerato, que fortalecen los conocimientos  aprendidos en la secundaria, as\u00ed como cursos de Alfabetizaci\u00f3n  en l\u00ednea para personas j\u00f3venes y adultas, como son: \u201cPara Empezar\u201d, \u201cNuestra  Palabra\u201d, \u201cOrtograf\u00eda y su Impacto en la Comunicaci\u00f3n Escrita\u201d, \u201cComponentes de una  Oraci\u00f3n\u201d, \u201cC\u00f3mo Redactar Utilizando la   Magia de la Palabra\u201d,  \u201cMatem\u00e1ticas para Empezar\u201d y \u201cMatem\u00e1ticas B\u00e1sicas\u201d.<br \/>&#13;<br \/>\n\u00a0\u00a0 <br \/>&#13;<br \/>\n Para los que se inician en el mundo de la  tecnolog\u00eda, los CTC ofrecer\u00e1n los cursos en l\u00ednea \u201c\u00bfC\u00f3mo se usan las  computadoras?\u201d, \u201cUso de la computadora\u201d, \u201cUso de los componentes f\u00edsicos de la  computadora\u201d, \u201cManejo del sistema Windows y sus utiler\u00edas\u201d, \u201cHabilidades  b\u00e1sicas de inform\u00e1tica\u201d, \u201cNavegando por Internet\u201d y \u201cCreaci\u00f3n y dise\u00f1o de  p\u00e1ginas Web\u201d. <br \/>&#13;<br \/>\n\u00a0\u00a0 <br \/>&#13;<br \/>\n Igualmente, se dictar\u00e1n conferencias acerca  de \u201cHabilidades Inform\u00e1ticas para la Pr\u00e1ctica Docente\u201d,  \u201cPedagog\u00eda Creativa\u201d, \u201cCompetencias para una Evaluaci\u00f3n Integral\u201d,  \u201cConocimientos y Promoci\u00f3n de Valores para la Vida Cotidiana\u201d, \u201cPrograma  de Actualizaci\u00f3n en Tecnolog\u00eda Educativa para Escuelas Secundarias (ATEES)\u201d, \u201cCompetencias  Educativas para el Siglo XXI\u201d,\u00a0  \u201cEstrategia para la Ense\u00f1anza Efectiva de las Matem\u00e1ticas\u201d, y otras.<\/p>\n<p>&#13;<\/p>\n<p align=\"justify\" class=\"text1noticias\"><strong>Instituto Tecnol\u00f3gico y de Educaci\u00f3n Superior de  Monterrey<\/strong><br \/>&#13;<br \/>\n    <strong>\u00a0\u00a0 <\/strong><br \/>&#13;<br \/>\n El Instituto Tecnol\u00f3gico y de Educaci\u00f3n  Superior de Monterrey (ITESM) es una instituci\u00f3n privada, sin fines de lucro,  cuyo objetivo es el desarrollo de la comunidad y de M\u00e9xico. Fue fundada en 1943  por un grupo de empresarios mexicanos, quienes crearon una  asociaci\u00f3n llamada Educaci\u00f3n y Educaci\u00f3n Superior. <\/p>\n<p>&#13;<\/p>\n<p align=\"justify\" class=\"text1noticias\">M\u00e1s tarde, se fundaron otras  asociaciones similares para comenzar a administrar campus ubicados fuera de la  ciudad de Monterrey. La misi\u00f3n del Tecnol\u00f3gico es formar personas comprometidas  con el desarrollo social,pol\u00edtico y econ\u00f3mico de sus comunidades, y que sean  competitivas internacionalmente en su \u00e1rea deconocimiento. La misi\u00f3n  incluye hacer investigaci\u00f3n y extensi\u00f3n relevantes para el desarrollo sostenible de  M\u00e9xico. Hoy en d\u00eda, el Tecnol\u00f3gico de Monterrey es un centro para la creaci\u00f3n y la  transferencia de conocimiento, con presencia en M\u00e9xico, con 33 campus en  Am\u00e9rica Latina y el mundo.<\/p>\n<p>&#13;<\/p>\n<h6> 2007-07-24 13:46:17 <\/h6>\n<p><!--\n<link rel=\"stylesheet\" href=\"css\/bootstrap.min.css\">\n\n\n<ul class=\"pagination\">\n\t    \n\t\n\n<li >\n\t<a href='?page_no=28838'>Previous<\/a>\n\t<\/li>\n\n\n       \n    \n\n<li><a href='?page_no=1'>1<\/a><\/li>\n\n\n\n<li><a href='?page_no=2'>2<\/a><\/li>\n\n\n\n<li><a>...<\/a><\/li>\n\n\n\n<li><a href='?page_no=28837'>28837<\/a><\/li>\n\n\n\n<li><a href='?page_no=28838'>28838<\/a><\/li>\n\n\n\n<li class='active'><a>28839<\/a><\/li>\n\n\n\n<li><a href='?page_no=28840'>28840<\/a><\/li>\n\n\n\n<li><a href='?page_no=28841'>28841<\/a><\/li>\n\n\n\n<li><a>...<\/a><\/li>\n\n\n\n<li><a href='?page_no=30472'>30472<\/a><\/li>\n\n\n\n<li><a href='?page_no=30473'>30473<\/a><\/li>\n\n    \n\t\n\n<li >\n\t<a href='?page_no=28840'>Next<\/a>\n\t<\/li>\n\n\n    \n\n<li><a href='?page_no=30473'>Last &rsaquo;&rsaquo;<\/a><\/li>\n\n<\/ul>\n\n\n--><br \/>\n<\/body><\/p>\n","protected":false},"excerpt":{"rendered":"<p>CTC ser\u00e1n integrados a la Red Educativa del Instituto Tecnol\u00f3gico de Monterrey&#13; \u00a0\u00a0 &#13; Santo Domingo.- Como resultado de un acuerdo que ser\u00e1 firmado\u00a0 hoy \u00a0martes 24 de julio por el Despacho de la Primera Dama y el Instituto Tecnol\u00f3gico y de Educaci\u00f3n Superior de Monterrey (ITESM), once Centros Tecnol\u00f3gicos Comunitarios (CTC) ofrecer\u00e1n una serie [&hellip;]<\/p>\n","protected":false},"author":3,"featured_media":0,"comment_status":"open","ping_status":"open","sticky":false,"template":"","format":"standard","meta":{"footnotes":""},"categories":[18],"tags":[],"class_list":["post-122959","post","type-post","status-publish","format-standard","hentry","category-economia"],"_links":{"self":[{"href":"https:\/\/diariodominicano.com\/index.php?rest_route=\/wp\/v2\/posts\/122959","targetHints":{"allow":["GET"]}}],"collection":[{"href":"https:\/\/diariodominicano.com\/index.php?rest_route=\/wp\/v2\/posts"}],"about":[{"href":"https:\/\/diariodominicano.com\/index.php?rest_route=\/wp\/v2\/types\/post"}],"author":[{"embeddable":true,"href":"https:\/\/diariodominicano.com\/index.php?rest_route=\/wp\/v2\/users\/3"}],"replies":[{"embeddable":true,"href":"https:\/\/diariodominicano.com\/index.php?rest_route=%2Fwp%2Fv2%2Fcomments&post=122959"}],"version-history":[{"count":0,"href":"https:\/\/diariodominicano.com\/index.php?rest_route=\/wp\/v2\/posts\/122959\/revisions"}],"wp:attachment":[{"href":"https:\/\/diariodominicano.com\/index.php?rest_route=%2Fwp%2Fv2%2Fmedia&parent=122959"}],"wp:term":[{"taxonomy":"category","embeddable":true,"href":"https:\/\/diariodominicano.com\/index.php?rest_route=%2Fwp%2Fv2%2Fcategories&post=122959"},{"taxonomy":"post_tag","embeddable":true,"href":"https:\/\/diariodominicano.com\/index.php?rest_route=%2Fwp%2Fv2%2Ftags&post=122959"}],"curies":[{"name":"wp","href":"https:\/\/api.w.org\/{rel}","templated":true}]}}