{"id":122958,"date":"2007-07-24T13:48:36","date_gmt":"2007-07-24T13:48:36","guid":{"rendered":"http:\/\/diariodominicano.ddns.net\/?p=122958"},"modified":"2007-07-24T13:48:36","modified_gmt":"2007-07-24T13:48:36","slug":"el-indotel-inaugurara-centro-de-informatica-en-pedro-brand","status":"publish","type":"post","link":"https:\/\/diariodominicano.com\/?p=122958","title":{"rendered":"El Indotel inaugurar\u00e1 Centro de Inform\u00e1tica en Pedro Brand"},"content":{"rendered":"<p><body><\/p>\n<p align=\"center\" class=\"titulogrande1\"><strong>El Indotel inaugurar\u00e1 Centro de  Inform\u00e1tica en Pedro Brand<\/strong><\/p>\n<p>&#13;<\/p>\n<p align=\"justify\" class=\"text1noticias\"><strong>Santo  Domingo.-<\/strong> El Instituto Dominicano de las Telecomunicaciones (INDOTEL) inaugurar\u00e1  hoy martes un nuevo Centro de Capacitaci\u00f3n en Inform\u00e1tica (CCI) en el municipio  de Pedro Brand, Santo Domingo Oeste. \u00a0<\/p>\n<p>&#13;<\/p>\n<p align=\"justify\" class=\"text1noticias\">Los  equipos instalados corresponden a una Red de \u00c1rea Local Inal\u00e1mbrica con cinco  computadoras, un Conmutador inal\u00e1mbrico, una impresora de inyecci\u00f3n de tinta,  un inversor de 3.6 Kilos, 8 Bater\u00edas de 6 voltios, abanicos de pared y  mobiliario.<\/p>\n<p>&#13;<\/p>\n<p align=\"justify\" class=\"text1noticias\">La inauguraci\u00f3n de este Centro forma parte  de las actividades del INDOTEL, encaminadas  a poner en servicio 114 salas digitales en los pr\u00f3ximos 30 d\u00edas en comunidades,  centros comunales, academias militares, centros educativos, universidades e  instituciones dedicadas a trabajar con j\u00f3venes y ni\u00f1os de las 32 provincias del  pa\u00eds.<\/p>\n<p>&#13;<\/p>\n<p align=\"justify\" class=\"text1noticias\">El INDOTEL\u00a0  invierte m\u00e1s de mil millones de pesos en la instalaci\u00f3n de m\u00e1s de 400  Centros de Capacitaci\u00f3n en inform\u00e1tica o salas del conocimiento en comunidades  de m\u00e1s de diez mil habitantes, en toda la geograf\u00eda nacional, seg\u00fan inform\u00f3 la  instituci\u00f3n en una nota de prensa.<\/p>\n<p>&#13;<\/p>\n<p align=\"justify\" class=\"text1noticias\">La inversi\u00f3n en el CCI de Pedro Brand es de\u00a0 RD $315,000 (Trescientos quince mil Pesos  Dominicanos) aproximadamente<br \/>&#13;<br \/>\n\u00a0\u00a0\u00a0\u00a0\u00a0\u00a0\u00a0\u00a0\u00a0<br \/>&#13;<br \/>\nEl  software y contenido digital del CCI de Pedro Brand consta de:<\/p>\n<p>&#13;<\/p>\n<div align=\"justify\">&#13;<\/p>\n<ul>&#13;<\/p>\n<li class=\"text1noticias\">Sistema Operativo  Windows XP-2000, MS Office 2003<\/li>\n<p>&#13;<\/p>\n<li class=\"text1noticias\">Enlace a la Biblioteca Virtual  del Centro Franklin de la   Embajada de los EEUU. Y a la Wikipedia<\/li>\n<p>&#13;<\/p>\n<li class=\"text1noticias\">Varios cursos de  ingl\u00e9s en l\u00ednea.<\/li>\n<p>&#13;<\/p>\n<li class=\"text1noticias\">Enciclopedia  Encarta<\/li>\n<p>&#13;<\/p>\n<li class=\"text1noticias\">Libro \u201cComo se  estudia\u201d de George Fillmore Swaim<\/li>\n<p>&#13;\n  <\/ul>\n<p>&#13;\n<\/p><\/div>\n<p>&#13;<\/p>\n<p align=\"justify\" class=\"text1noticias\">El  discurso de recepci\u00f3n del CCI estar\u00e1 a cargo del s\u00edndico municipal, \u00a0Francisco F\u00e9liz. \u00a0El presidente del INDOTEL, \u00a0Jos\u00e9 Rafael Vargas, hablar\u00e1 a nombre de esa  instituci\u00f3n reguladora.<\/p>\n<p>&#13;<\/p>\n<p align=\"justify\" class=\"text1noticias\"><strong>Datos Demogr\u00e1ficos  de Pedro Brand<\/strong> <br \/>&#13;<br \/>\n  Distrito  Municipal Pedro Brand:<\/p>\n<p>&#13;<\/p>\n<div align=\"justify\">&#13;<\/p>\n<ul>&#13;<\/p>\n<ul>&#13;<\/p>\n<ul>&#13;<\/p>\n<li class=\"text1noticias\">Poblaci\u00f3n:<strong> 98,812<\/strong> habitantes<\/li>\n<p>&#13;\n      <\/ul>\n<p>&#13;\n    <\/ul>\n<p>&#13;\n  <\/ul>\n<p>&#13;\n<\/p><\/div>\n<p>&#13;<\/p>\n<p align=\"justify\">\u00a0<\/p>\n<p>&#13;<\/p>\n<div align=\"justify\">&#13;<\/p>\n<ul>&#13;<\/p>\n<ul>&#13;<\/p>\n<ul>&#13;<\/p>\n<li class=\"text1noticias\">Edad:<\/li>\n<p>&#13;<\/p>\n<ul>&#13;<\/p>\n<li class=\"text1noticias\">Poblaci\u00f3n Infantil (0 &#8211; 9 a\u00f1os): 6,467<\/li>\n<p>&#13;<\/p>\n<li class=\"text1noticias\">Adolescentes (10 &#8211; 19 a\u00f1os): 9,498<\/li>\n<p>&#13;<\/p>\n<li class=\"text1noticias\">J\u00f3venes (20 \u2013 34 a\u00f1os): 10,636<\/li>\n<p>&#13;<\/p>\n<li class=\"text1noticias\">Adultos Mayores (35 \u2013 49 a\u00f1os): 6,458<\/li>\n<p>&#13;<\/p>\n<li class=\"text1noticias\">Mayores de 50 a\u00f1os: 3,753<\/li>\n<p>&#13;\n                  <\/ul>\n<p>&#13;\n                <\/ul>\n<p>&#13;\n          <\/ul>\n<p>&#13;\n  <\/ul>\n<p>&#13;<br \/>\n  <span class=\"text1noticias\">&#13;<\/p>\n<ul>&#13;<\/p>\n<ul>&#13;<\/p>\n<ul>&#13;\n  <\/ul>\n<\/ul>\n<\/ul>\n<p><\/span>&#13;<\/p>\n<ul>&#13;<\/p>\n<li class=\"text1noticias\">Nivel de  Instrucci\u00f3n:<\/li>\n<p>&#13;\n          <\/ul>\n<p>&#13;<br \/>\n  <span class=\"text1noticias\">&#13;<\/p>\n<ul>&#13;\n  <\/ul>\n<p><\/span>&#13;<\/p>\n<ul>&#13;<\/p>\n<li class=\"text1noticias\">Pre-escolar: 2,224<\/li>\n<p>&#13;<\/p>\n<li class=\"text1noticias\">Primario:\u00a0\u00a0  22,143<\/li>\n<p>&#13;<\/p>\n<li class=\"text1noticias\">Secundario: 8,559<\/li>\n<p>&#13;<\/p>\n<li class=\"text1noticias\">Universitario: 2,817<\/li>\n<p>&#13;<\/p>\n<li class=\"text1noticias\">Post-Universitario: 241<\/li>\n<p>&#13;<\/p>\n<li class=\"text1noticias\">Ninguno: 582<\/li>\n<p>&#13;\n          <\/ul>\n<p>&#13;\n<\/p><\/div>\n<p>&#13;<\/p>\n<h6> 2007-07-24 13:48:36 <\/h6>\n<p><!--\n<link rel=\"stylesheet\" href=\"css\/bootstrap.min.css\">\n\n\n<ul class=\"pagination\">\n\t    \n\t\n\n<li >\n\t<a href='?page_no=28837'>Previous<\/a>\n\t<\/li>\n\n\n       \n    \n\n<li><a href='?page_no=1'>1<\/a><\/li>\n\n\n\n<li><a href='?page_no=2'>2<\/a><\/li>\n\n\n\n<li><a>...<\/a><\/li>\n\n\n\n<li><a href='?page_no=28836'>28836<\/a><\/li>\n\n\n\n<li><a href='?page_no=28837'>28837<\/a><\/li>\n\n\n\n<li class='active'><a>28838<\/a><\/li>\n\n\n\n<li><a href='?page_no=28839'>28839<\/a><\/li>\n\n\n\n<li><a href='?page_no=28840'>28840<\/a><\/li>\n\n\n\n<li><a>...<\/a><\/li>\n\n\n\n<li><a href='?page_no=30472'>30472<\/a><\/li>\n\n\n\n<li><a href='?page_no=30473'>30473<\/a><\/li>\n\n    \n\t\n\n<li >\n\t<a href='?page_no=28839'>Next<\/a>\n\t<\/li>\n\n\n    \n\n<li><a href='?page_no=30473'>Last &rsaquo;&rsaquo;<\/a><\/li>\n\n<\/ul>\n\n\n--><br \/>\n<\/body><\/p>\n","protected":false},"excerpt":{"rendered":"<p>El Indotel inaugurar\u00e1 Centro de Inform\u00e1tica en Pedro Brand &#13; Santo Domingo.- El Instituto Dominicano de las Telecomunicaciones (INDOTEL) inaugurar\u00e1 hoy martes un nuevo Centro de Capacitaci\u00f3n en Inform\u00e1tica (CCI) en el municipio de Pedro Brand, Santo Domingo Oeste. \u00a0 &#13; Los equipos instalados corresponden a una Red de \u00c1rea Local Inal\u00e1mbrica con cinco computadoras, [&hellip;]<\/p>\n","protected":false},"author":3,"featured_media":0,"comment_status":"open","ping_status":"open","sticky":false,"template":"","format":"standard","meta":{"footnotes":""},"categories":[18],"tags":[],"class_list":["post-122958","post","type-post","status-publish","format-standard","hentry","category-economia"],"_links":{"self":[{"href":"https:\/\/diariodominicano.com\/index.php?rest_route=\/wp\/v2\/posts\/122958","targetHints":{"allow":["GET"]}}],"collection":[{"href":"https:\/\/diariodominicano.com\/index.php?rest_route=\/wp\/v2\/posts"}],"about":[{"href":"https:\/\/diariodominicano.com\/index.php?rest_route=\/wp\/v2\/types\/post"}],"author":[{"embeddable":true,"href":"https:\/\/diariodominicano.com\/index.php?rest_route=\/wp\/v2\/users\/3"}],"replies":[{"embeddable":true,"href":"https:\/\/diariodominicano.com\/index.php?rest_route=%2Fwp%2Fv2%2Fcomments&post=122958"}],"version-history":[{"count":0,"href":"https:\/\/diariodominicano.com\/index.php?rest_route=\/wp\/v2\/posts\/122958\/revisions"}],"wp:attachment":[{"href":"https:\/\/diariodominicano.com\/index.php?rest_route=%2Fwp%2Fv2%2Fmedia&parent=122958"}],"wp:term":[{"taxonomy":"category","embeddable":true,"href":"https:\/\/diariodominicano.com\/index.php?rest_route=%2Fwp%2Fv2%2Fcategories&post=122958"},{"taxonomy":"post_tag","embeddable":true,"href":"https:\/\/diariodominicano.com\/index.php?rest_route=%2Fwp%2Fv2%2Ftags&post=122958"}],"curies":[{"name":"wp","href":"https:\/\/api.w.org\/{rel}","templated":true}]}}