{"id":122957,"date":"2007-07-24T19:13:24","date_gmt":"2007-07-24T19:13:24","guid":{"rendered":"http:\/\/diariodominicano.ddns.net\/?p=122957"},"modified":"2007-07-24T19:13:24","modified_gmt":"2007-07-24T19:13:24","slug":"mcdonalds-da-perdidas-por-segunda-vez-en-su-historia","status":"publish","type":"post","link":"https:\/\/diariodominicano.com\/?p=122957","title":{"rendered":"McDonald&#8217;s da p\u00e9rdidas por segunda vez en su historia"},"content":{"rendered":"<p><body><\/p>\n<p><strong class=\"titulogrande1\">McDonald&#8217;s da  p\u00e9rdidas por segunda vez en su historia<\/strong><br \/>&#13;<br \/>\n  <br \/>&#13;<br \/>\n    <strong>La compa\u00f1\u00eda afirma que  los n\u00fameros rojos se deben a la venta de restaurantes en Am\u00e9rica Latina y  Caribe <\/strong><\/p>\n<p>&#13;<\/p>\n<p align=\"justify\" class=\"text1noticias\">La cadena de restauraci\u00f3n McDonald&#8217;s ha registrado p\u00e9rdidas por  importe de 711,7 millones de d\u00f3lares (515 millones de euros) al cierre del  segundo trimestre, frente al beneficio de 834 millones de d\u00f3lares (603,7  millones de euros) obtenido un a\u00f1o antes.<br \/>&#13;<br \/>\n  <br \/>&#13;<br \/>\n  La compa\u00f1\u00eda ha explicado que sus resultados trimestrales, que  por segunda vez en su historia se cerraron con p\u00e9rdidas, han contabilizado una  carga extraordinaria por importe neto de 0,60 d\u00f3lares (0,43 euros) por acci\u00f3n  debido a la cesi\u00f3n de licencias de 1.600 establecimientos en 18 pa\u00edses de  Latinoam\u00e9rica y Caribe con el objetivo de reducir su exposici\u00f3n en la regi\u00f3n.<br \/>&#13;<br \/>\n  <br \/>&#13;<br \/>\n  El consejero delegado de McDonald\u00bbs, Jim Skinner, ha admitido  que el resultado de la compa\u00f1\u00eda refleja el impacto financiero de la previamente  anunciada transacci\u00f3n de licencias en Latinoam\u00e9rica, y ha afirmado que  \u00abest\u00e1 operaci\u00f3n sirve para fortalecer los fundamentos de su modelo de  franquicia y consolida el compromiso de la empresa con la mejora del valor para  los accionistas\u00bb.<br \/>&#13;<br \/>\n  <br \/>&#13;<br \/>\n  Las ventas del grupo han aumentado un 12%, hasta 6.010,5  millones de d\u00f3lares (4.351 millones de euros), con un crecimiento del 7,4% de  las ventas comparables de la compa\u00f1\u00eda.<br \/>&#13;<br \/>\n  <br \/>&#13;<br \/>\n  <strong>EFE<\/strong> &#8211; Nueva York &#8211; 24\/07\/2007 <\/p>\n<p>&#13;<\/p>\n<h6> 2007-07-24 19:13:24 <\/h6>\n<p><!--\n<link rel=\"stylesheet\" href=\"css\/bootstrap.min.css\">\n\n\n<ul class=\"pagination\">\n\t    \n\t\n\n<li >\n\t<a href='?page_no=28836'>Previous<\/a>\n\t<\/li>\n\n\n       \n    \n\n<li><a href='?page_no=1'>1<\/a><\/li>\n\n\n\n<li><a href='?page_no=2'>2<\/a><\/li>\n\n\n\n<li><a>...<\/a><\/li>\n\n\n\n<li><a href='?page_no=28835'>28835<\/a><\/li>\n\n\n\n<li><a href='?page_no=28836'>28836<\/a><\/li>\n\n\n\n<li class='active'><a>28837<\/a><\/li>\n\n\n\n<li><a href='?page_no=28838'>28838<\/a><\/li>\n\n\n\n<li><a href='?page_no=28839'>28839<\/a><\/li>\n\n\n\n<li><a>...<\/a><\/li>\n\n\n\n<li><a href='?page_no=30472'>30472<\/a><\/li>\n\n\n\n<li><a href='?page_no=30473'>30473<\/a><\/li>\n\n    \n\t\n\n<li >\n\t<a href='?page_no=28838'>Next<\/a>\n\t<\/li>\n\n\n    \n\n<li><a href='?page_no=30473'>Last &rsaquo;&rsaquo;<\/a><\/li>\n\n<\/ul>\n\n\n--><br \/>\n<\/body><\/p>\n","protected":false},"excerpt":{"rendered":"<p>McDonald&#8217;s da p\u00e9rdidas por segunda vez en su historia&#13; &#13; La compa\u00f1\u00eda afirma que los n\u00fameros rojos se deben a la venta de restaurantes en Am\u00e9rica Latina y Caribe &#13; La cadena de restauraci\u00f3n McDonald&#8217;s ha registrado p\u00e9rdidas por importe de 711,7 millones de d\u00f3lares (515 millones de euros) al cierre del segundo trimestre, frente [&hellip;]<\/p>\n","protected":false},"author":3,"featured_media":0,"comment_status":"open","ping_status":"open","sticky":false,"template":"","format":"standard","meta":{"footnotes":""},"categories":[18],"tags":[],"class_list":["post-122957","post","type-post","status-publish","format-standard","hentry","category-economia"],"_links":{"self":[{"href":"https:\/\/diariodominicano.com\/index.php?rest_route=\/wp\/v2\/posts\/122957","targetHints":{"allow":["GET"]}}],"collection":[{"href":"https:\/\/diariodominicano.com\/index.php?rest_route=\/wp\/v2\/posts"}],"about":[{"href":"https:\/\/diariodominicano.com\/index.php?rest_route=\/wp\/v2\/types\/post"}],"author":[{"embeddable":true,"href":"https:\/\/diariodominicano.com\/index.php?rest_route=\/wp\/v2\/users\/3"}],"replies":[{"embeddable":true,"href":"https:\/\/diariodominicano.com\/index.php?rest_route=%2Fwp%2Fv2%2Fcomments&post=122957"}],"version-history":[{"count":0,"href":"https:\/\/diariodominicano.com\/index.php?rest_route=\/wp\/v2\/posts\/122957\/revisions"}],"wp:attachment":[{"href":"https:\/\/diariodominicano.com\/index.php?rest_route=%2Fwp%2Fv2%2Fmedia&parent=122957"}],"wp:term":[{"taxonomy":"category","embeddable":true,"href":"https:\/\/diariodominicano.com\/index.php?rest_route=%2Fwp%2Fv2%2Fcategories&post=122957"},{"taxonomy":"post_tag","embeddable":true,"href":"https:\/\/diariodominicano.com\/index.php?rest_route=%2Fwp%2Fv2%2Ftags&post=122957"}],"curies":[{"name":"wp","href":"https:\/\/api.w.org\/{rel}","templated":true}]}}