{"id":122955,"date":"2007-07-25T10:59:47","date_gmt":"2007-07-25T10:59:47","guid":{"rendered":"http:\/\/diariodominicano.ddns.net\/?p=122955"},"modified":"2007-07-25T10:59:47","modified_gmt":"2007-07-25T10:59:47","slug":"estudio-revela-el-56-por-ciento-de-los-dominicanos-trabaja-en-el-mercado-informal","status":"publish","type":"post","link":"https:\/\/diariodominicano.com\/?p=122955","title":{"rendered":"Estudio revela el 56 por ciento de los dominicanos trabaja en el mercado informal"},"content":{"rendered":"<p><body><\/p>\n<p align=\"justify\" class=\"titulogrande1\">Estudio revela el 56 por  ciento de los dominicanos trabaja en el mercado informal<\/p>\n<p>&#13;<\/p>\n<p align=\"justify\" class=\"text1noticias\"><img loading=\"lazy\" decoding=\"async\" src=\"http:\/\/localhost:8080\/economia\/pictures\/banmundial.jpg\" width=\"269\" height=\"200\" align=\"left\" \/>SANTO DOMINGO.- El\u00a0 Banco Mundial y el gobierno  dominicano revelaron\u00a0 en un estudio\u00a0 que de 3, 525,136 de personas  que laboran en el pa\u00eds, el 56 por ciento lo hace en el sector informal y el 44  por ciento restante en el mercado formar.<br \/>&#13;<br \/>\n  <br \/>&#13;<br \/>\n\u00a0La informalidad  en\u00a0 Am\u00e9rica Latina y en la Republica Dominicana\u00a0 fue\u00a0 tratada en  dos informes del Banco Mundial, este ultimo con la colaboraci\u00f3n del Banco  Central de la   Republica Dominicana y la Secretaria de Econom\u00eda,  Planificaci\u00f3n y Desarrollo.<br \/>&#13;<br \/>\n<br \/>&#13;<br \/>\nLos datos fueron\u00a0 dados\u00a0 a conocer en un  acto en el Banco Central y sostiene que los altos niveles de informalidad  laboral son\u00a0 s\u00edntomas de fallas institucionales que limitan el crecimiento  y el bienestar social.<br \/>&#13;<br \/>\n<br \/>&#13;<br \/>\nEl gobernador del Banco Central afirmo que el estudio  refleja el inter\u00e9s del gobierno por mejorar la calidad del empleo.<br \/>&#13;<br \/>\n<br \/>&#13;<br \/>\nHector Valdez Albizu, de acuerdo con\u00a0 la publicaci\u00f3n, refiere que en dos a\u00f1os y  medio la tasa de desocupaci\u00f3n ampliada, se redujo en 4.1 puntos porcentuales,  al pasar de 19.7% en octubre de 2004   a 15.6% en abril del presente a\u00f1o.<br \/>&#13;<br \/>\n<br \/>&#13;<br \/>\nLo que se tradujo en la creaci\u00f3n de 345, 777 nuevos  empleos netos en el periodo octubre 2004 abril 2007.<br \/>&#13;<br \/>\nIndican\u00a0 que en las zonas urbanas del pa\u00eds,  alrededor de 54% del total de 2 millones 262,534 trabajadores con mas de 14  a\u00f1os carecen de contratos de trabajo, no reciben los beneficios que contempla  la ley laboral, ni est\u00e1n cotizando en la seguridad social para preparar su  vejez.<br \/>&#13;<br \/>\n<br \/>&#13;<br \/>\nSe sugiere para reducirla, facilitar el registro de  nuevas empresas, simplificar la ley tributaria, acceso al cr\u00e9dito, seguridad  jur\u00eddica y programas de Desarrollo, entre otros.<br \/>&#13;<br \/>\n<br \/>&#13;<br \/>\nEn el acto estuvieron los representantes de los Bancos  Mundial, de Desarrollo y del \u00e1rea econ\u00f3mica del gobierno.<\/p>\n<p>&#13;<\/p>\n<h6> 2007-07-25 10:59:47 <\/h6>\n<p><!--\n<link rel=\"stylesheet\" href=\"css\/bootstrap.min.css\">\n\n\n<ul class=\"pagination\">\n\t    \n\t\n\n<li >\n\t<a href='?page_no=28834'>Previous<\/a>\n\t<\/li>\n\n\n       \n    \n\n<li><a href='?page_no=1'>1<\/a><\/li>\n\n\n\n<li><a href='?page_no=2'>2<\/a><\/li>\n\n\n\n<li><a>...<\/a><\/li>\n\n\n\n<li><a href='?page_no=28833'>28833<\/a><\/li>\n\n\n\n<li><a href='?page_no=28834'>28834<\/a><\/li>\n\n\n\n<li class='active'><a>28835<\/a><\/li>\n\n\n\n<li><a href='?page_no=28836'>28836<\/a><\/li>\n\n\n\n<li><a href='?page_no=28837'>28837<\/a><\/li>\n\n\n\n<li><a>...<\/a><\/li>\n\n\n\n<li><a href='?page_no=30472'>30472<\/a><\/li>\n\n\n\n<li><a href='?page_no=30473'>30473<\/a><\/li>\n\n    \n\t\n\n<li >\n\t<a href='?page_no=28836'>Next<\/a>\n\t<\/li>\n\n\n    \n\n<li><a href='?page_no=30473'>Last &rsaquo;&rsaquo;<\/a><\/li>\n\n<\/ul>\n\n\n--><br \/>\n<\/body><\/p>\n","protected":false},"excerpt":{"rendered":"<p>Estudio revela el 56 por ciento de los dominicanos trabaja en el mercado informal &#13; SANTO DOMINGO.- El\u00a0 Banco Mundial y el gobierno dominicano revelaron\u00a0 en un estudio\u00a0 que de 3, 525,136 de personas que laboran en el pa\u00eds, el 56 por ciento lo hace en el sector informal y el 44 por ciento restante [&hellip;]<\/p>\n","protected":false},"author":3,"featured_media":0,"comment_status":"open","ping_status":"open","sticky":false,"template":"","format":"standard","meta":{"footnotes":""},"categories":[18],"tags":[],"class_list":["post-122955","post","type-post","status-publish","format-standard","hentry","category-economia"],"_links":{"self":[{"href":"https:\/\/diariodominicano.com\/index.php?rest_route=\/wp\/v2\/posts\/122955","targetHints":{"allow":["GET"]}}],"collection":[{"href":"https:\/\/diariodominicano.com\/index.php?rest_route=\/wp\/v2\/posts"}],"about":[{"href":"https:\/\/diariodominicano.com\/index.php?rest_route=\/wp\/v2\/types\/post"}],"author":[{"embeddable":true,"href":"https:\/\/diariodominicano.com\/index.php?rest_route=\/wp\/v2\/users\/3"}],"replies":[{"embeddable":true,"href":"https:\/\/diariodominicano.com\/index.php?rest_route=%2Fwp%2Fv2%2Fcomments&post=122955"}],"version-history":[{"count":0,"href":"https:\/\/diariodominicano.com\/index.php?rest_route=\/wp\/v2\/posts\/122955\/revisions"}],"wp:attachment":[{"href":"https:\/\/diariodominicano.com\/index.php?rest_route=%2Fwp%2Fv2%2Fmedia&parent=122955"}],"wp:term":[{"taxonomy":"category","embeddable":true,"href":"https:\/\/diariodominicano.com\/index.php?rest_route=%2Fwp%2Fv2%2Fcategories&post=122955"},{"taxonomy":"post_tag","embeddable":true,"href":"https:\/\/diariodominicano.com\/index.php?rest_route=%2Fwp%2Fv2%2Ftags&post=122955"}],"curies":[{"name":"wp","href":"https:\/\/api.w.org\/{rel}","templated":true}]}}