{"id":122954,"date":"2007-07-25T11:02:58","date_gmt":"2007-07-25T11:02:58","guid":{"rendered":"http:\/\/diariodominicano.ddns.net\/?p=122954"},"modified":"2007-07-25T11:02:58","modified_gmt":"2007-07-25T11:02:58","slug":"temistocles-montas-dice-es-una-alerta-la-integracion-de-la-mano-de-obra-informal","status":"publish","type":"post","link":"https:\/\/diariodominicano.com\/?p=122954","title":{"rendered":"Tem\u00edstocles Montas dice es una alerta   la  integraci\u00f3n de la mano de obra informal"},"content":{"rendered":"<p><body><\/p>\n<p align=\"justify\" class=\"titulogrande1\"><strong>Tem\u00edstocles Montas dice es una alerta\u00a0 \u00a0la\u00a0  integraci\u00f3n de la mano de obra informal<\/strong><\/p>\n<p>&#13;<\/p>\n<p align=\"justify\" class=\"text1noticias\"><img loading=\"lazy\" decoding=\"async\" src=\"http:\/\/localhost:8080\/economia\/pictures\/temo17.jpg\" width=\"269\" height=\"199\" hspace=\"4\" align=\"left\" \/>Santo Domingo.-El Secretario de Econom\u00eda, Planificaci\u00f3n y Desarrollo  dijo el martes que las pol\u00edticas inadecuadas y hasta cierto punto la  desconfianza de la poblaci\u00f3n en los gobiernos han sido causas determinantes  para que cada vez un n\u00famero significativo de ciudadanos de\u00a0 pa\u00edses como la Rep\u00fablica Dominicana  se incorporen al mercado laboral informal.<\/p>\n<p>&#13;<\/p>\n<p align=\"justify\" class=\"text1noticias\">\u201cLa informalidad es una voz de alerta\u201d, advirti\u00f3 Temistocles Montas en el  acto donde el Banco Mundial ofreci\u00f3 los resultados de un estudio que revela que  en el pa\u00eds el 54 por ciento de los trabajadores del \u00e1rea urbana pertenece a ese  mercado laboral informal<\/p>\n<p>&#13;<\/p>\n<p align=\"justify\" class=\"text1noticias\">El estudio, que abarca igualmente a toda Am\u00e9rica Latina, fue realizado,  en el caso de Rep\u00fablica Dominicana, con la participaci\u00f3n de t\u00e9cnicos de la Secretaria de Econom\u00eda,  Planificaci\u00f3n y Desarrollo y del Banco Central, explic\u00f3 Montas.<\/p>\n<p>&#13;<\/p>\n<p align=\"justify\" class=\"text1noticias\">En el acto, celebrado en uno de los salones del auditorio del Banco  Central, Montas dijo que el informe es una buena herramienta de trabajo para el  dise\u00f1o de pol\u00edticas p\u00fablicas que ayuden a crear una sociedad m\u00e1s equitativa,  justa e inclusiva.<\/p>\n<p>&#13;<\/p>\n<p align=\"justify\" class=\"text1noticias\">Pero advirti\u00f3 que el problema no podr\u00e1 erradicarse mientras Am\u00e9rica  Latina siga siendo no solo la regi\u00f3n mas desigual del planeta, sino, adem\u00e1s,  una de las regiones donde el crecimiento muestra mayor volatilidad a lo largo  de los a\u00f1os.<\/p>\n<p>&#13;<\/p>\n<p align=\"justify\" class=\"text1noticias\">\u201cLa imposibilidad de asegurar crecimiento sostenido en el tiempo, en  gran medida es uno de los factores determinante de esta situaci\u00f3n\u201d, comento el  funcionario.<\/p>\n<p>&#13;<\/p>\n<p align=\"justify\" class=\"text1noticias\">El estudio revela que ese 54 por ciento de dominicanos que labora en el  mercado informal carece de contrato de trabajo y, por ende, no tiene acceso a  los beneficios de la legislaci\u00f3n laboral. Revela, adem\u00e1s, que el 65 por ciento,  incluyendo trabajadores formales, no est\u00e1n cotizando al sistema de Seguridad  Social y casi la mitad trabaja en establecimientos peque\u00f1os o por \u201ccuenta  propias\u201d en ocupaciones de baja calificaci\u00f3n.<\/p>\n<p>&#13;<\/p>\n<p align=\"justify\" class=\"text1noticias\">Montas entiende importante llamar la atenci\u00f3n sobre el hecho de que el  sector informal ha puesto de manifiesto la precariedad del mercado laboral en  estos pa\u00edses y constituye un serio obst\u00e1culo para la puesta en pr\u00e1ctica de una  pol\u00edtica de cohesi\u00f3n social.<\/p>\n<p>&#13;<\/p>\n<p align=\"justify\" class=\"text1noticias\">Record\u00f3 que el tema sobre la cohesi\u00f3n social tiene hoy en d\u00eda una gran  vigencia en Am\u00e9rica Latina por ser el punto central de debate en la pr\u00f3xima  Cumbre de Jefes de Estado y de Gobierno a celebrarse en Chile en noviembre  pr\u00f3ximo.<\/p>\n<p>&#13;<\/p>\n<p align=\"justify\" class=\"text1noticias\">\u201cPero sin resolver los problemas de pobreza y desigualdad no es posible  hablar de inclusi\u00f3n social en Am\u00e9rica Latina\u201d, sentencio Montas.<\/p>\n<p>&#13;<\/p>\n<p align=\"justify\" class=\"text1noticias\">\u201cPero adem\u00e1s de inclusi\u00f3n social, agrego Montas, el tema de la cohesi\u00f3n  social en Am\u00e9rica Latina hoy se aborda desde el punto de vista de asumir  tambi\u00e9n sentido de pertenencia\u201d. \u201cNo es posible pensar en cohesi\u00f3n social en  Am\u00e9rica Latina si tenemos gente que no se siente parte de la sociedad, y  evidentemente ese es uno de los problemas que hay que abordar\u201d, expreso el  funcionario en su intervenci\u00f3n.<\/p>\n<p>&#13;<\/p>\n<p align=\"justify\" class=\"text1noticias\">Montas entiende que el estudio del Banco Mundial se inscribe dentro de  la b\u00fasqueda de las necesarias informaciones que permitan al gobierno dominicano  ir trabajando en la direcci\u00f3n de lograr una sociedad de la cual todos se  sientan ser parte.<\/p>\n<p>&#13;<\/p>\n<p align=\"justify\" class=\"text1noticias\">Montas dijo que una meta importante para el gobierno del Presidente  Leonnel Fern\u00e1ndez es seguir profundizando pol\u00edticas que disminuyan cada vez mas  los niveles de pobreza, pues no es posible aceptar que el 20 por ciento de las  familias m\u00e1s ricas del pa\u00eds reciban 14 veces mas ingresos que el 20 por ciento  de las familias mas pobres.<\/p>\n<p>&#13;<\/p>\n<p>Para resaltar la trascendencia de este dato, Montas observo que Jap\u00f3n,  aun siendo una sociedad muy rica, el 20 por ciento de las familias mas ricas  reciben tan solo tres veces mas ingresos que el 20 por ciento de las familias  mas pobres.<\/p>\n<p>&#13;<\/p>\n<h6> 2007-07-25 11:02:58 <\/h6>\n<p><!--\n<link rel=\"stylesheet\" href=\"css\/bootstrap.min.css\">\n\n\n<ul class=\"pagination\">\n\t    \n\t\n\n<li >\n\t<a href='?page_no=28833'>Previous<\/a>\n\t<\/li>\n\n\n       \n    \n\n<li><a href='?page_no=1'>1<\/a><\/li>\n\n\n\n<li><a href='?page_no=2'>2<\/a><\/li>\n\n\n\n<li><a>...<\/a><\/li>\n\n\n\n<li><a href='?page_no=28832'>28832<\/a><\/li>\n\n\n\n<li><a href='?page_no=28833'>28833<\/a><\/li>\n\n\n\n<li class='active'><a>28834<\/a><\/li>\n\n\n\n<li><a href='?page_no=28835'>28835<\/a><\/li>\n\n\n\n<li><a href='?page_no=28836'>28836<\/a><\/li>\n\n\n\n<li><a>...<\/a><\/li>\n\n\n\n<li><a href='?page_no=30472'>30472<\/a><\/li>\n\n\n\n<li><a href='?page_no=30473'>30473<\/a><\/li>\n\n    \n\t\n\n<li >\n\t<a href='?page_no=28835'>Next<\/a>\n\t<\/li>\n\n\n    \n\n<li><a href='?page_no=30473'>Last &rsaquo;&rsaquo;<\/a><\/li>\n\n<\/ul>\n\n\n--><br \/>\n<\/body><\/p>\n","protected":false},"excerpt":{"rendered":"<p>Tem\u00edstocles Montas dice es una alerta\u00a0 \u00a0la\u00a0 integraci\u00f3n de la mano de obra informal &#13; Santo Domingo.-El Secretario de Econom\u00eda, Planificaci\u00f3n y Desarrollo dijo el martes que las pol\u00edticas inadecuadas y hasta cierto punto la desconfianza de la poblaci\u00f3n en los gobiernos han sido causas determinantes para que cada vez un n\u00famero significativo de ciudadanos [&hellip;]<\/p>\n","protected":false},"author":3,"featured_media":0,"comment_status":"open","ping_status":"open","sticky":false,"template":"","format":"standard","meta":{"footnotes":""},"categories":[18],"tags":[],"class_list":["post-122954","post","type-post","status-publish","format-standard","hentry","category-economia"],"_links":{"self":[{"href":"https:\/\/diariodominicano.com\/index.php?rest_route=\/wp\/v2\/posts\/122954","targetHints":{"allow":["GET"]}}],"collection":[{"href":"https:\/\/diariodominicano.com\/index.php?rest_route=\/wp\/v2\/posts"}],"about":[{"href":"https:\/\/diariodominicano.com\/index.php?rest_route=\/wp\/v2\/types\/post"}],"author":[{"embeddable":true,"href":"https:\/\/diariodominicano.com\/index.php?rest_route=\/wp\/v2\/users\/3"}],"replies":[{"embeddable":true,"href":"https:\/\/diariodominicano.com\/index.php?rest_route=%2Fwp%2Fv2%2Fcomments&post=122954"}],"version-history":[{"count":0,"href":"https:\/\/diariodominicano.com\/index.php?rest_route=\/wp\/v2\/posts\/122954\/revisions"}],"wp:attachment":[{"href":"https:\/\/diariodominicano.com\/index.php?rest_route=%2Fwp%2Fv2%2Fmedia&parent=122954"}],"wp:term":[{"taxonomy":"category","embeddable":true,"href":"https:\/\/diariodominicano.com\/index.php?rest_route=%2Fwp%2Fv2%2Fcategories&post=122954"},{"taxonomy":"post_tag","embeddable":true,"href":"https:\/\/diariodominicano.com\/index.php?rest_route=%2Fwp%2Fv2%2Ftags&post=122954"}],"curies":[{"name":"wp","href":"https:\/\/api.w.org\/{rel}","templated":true}]}}