{"id":122950,"date":"2007-07-25T17:05:11","date_gmt":"2007-07-25T17:05:11","guid":{"rendered":"http:\/\/diariodominicano.ddns.net\/?p=122950"},"modified":"2007-07-25T17:05:11","modified_gmt":"2007-07-25T17:05:11","slug":"advierte-a-productores-que-el-dia-31-de-este-mes-concluye-en-el-pais-la-siembra-de-arroz","status":"publish","type":"post","link":"https:\/\/diariodominicano.com\/?p=122950","title":{"rendered":"Advierte a productores que el d\u00eda  31 de este mes concluye en el pa\u00eds la siembra de arroz"},"content":{"rendered":"<p><body><\/p>\n<p align=\"justify\" class=\"titulogrande1\">Advierte a productores que el d\u00eda\u00a0 31 de este mes concluye en el pa\u00eds la siembra  de arroz<\/p>\n<p>&#13;<\/p>\n<p align=\"justify\" class=\"text1noticias\"><strong><img loading=\"lazy\" decoding=\"async\" src=\"http:\/\/localhost:8080\/economia\/pictures\/chiojimenezcona.jpg\" width=\"169\" height=\"112\" hspace=\"4\" align=\"left\" \/>SANTO DOMINGO<\/strong>.- La Comisi\u00f3n Nacional  Arrocera, (CONA)\u00a0\u00a0 record\u00f3 a todos los  productores arroceros del pa\u00eds\u00a0 que el 31  de este mes entrar\u00e1 en vigencia el plan de ordenamiento de la siembra de arroz  en las zonas bajo riego, en procura de  lograr mejores niveles de eficiencia en la producci\u00f3n y una mayor rentabilidad  para todos los productores.<\/p>\n<p>&#13;<\/p>\n<p align=\"justify\" class=\"text1noticias\"> Para  garantizar el programa, el organismo, que tiene a su cargo la reglamentaci\u00f3n  de\u00a0 la pol\u00edtica arrocera del pa\u00eds,  dispuso que las actividades de siembra de arroz y de chapeo para reto\u00f1o o  biso\u00f1o terminar\u00e1n el pr\u00f3ximo 31 de julio, para todas las zonas del pa\u00eds donde  se cultiva el cereal.<\/p>\n<p>&#13;<\/p>\n<p align=\"justify\" class=\"text1noticias\"> La  comisi\u00f3n advierte que quienes violen\u00a0 por  lo menos una de las disposiciones del\u00a0  plan de ordenamiento no ser\u00e1 sujeto de financiamiento\u00a0 por parte del Banco Agr\u00edcola, no tendr\u00e1  acceso al\u00a0 agua de las Juntas de Regantes  ni tampoco podr\u00e1 participar del Programa Nacional de Pignoraciones.<\/p>\n<p>&#13;<\/p>\n<p align=\"justify\" class=\"text1noticias\"> El  Plan de Ordenamiento de la   Siembra Arroz en el pa\u00eds deber\u00e1 cumplirse de manera  obligatoria por toda persona jur\u00eddica o f\u00edsica que participe en esa actividad  productiva.<br \/>&#13;<br \/>\n  <br \/>&#13;<br \/>\nDe  igual forma, la Comisi\u00f3n  estableci\u00f3 una veda durante el per\u00edodo primero de agosto hasta el 24 de  noviembre, por razones fitosanitarias y de baja productividad, para las  actividades de siembra de arroz y de chapeo para reto\u00f1o o biso\u00f1o.<\/p>\n<p>&#13;<\/p>\n<p align=\"justify\" class=\"text1noticias\">La Comisi\u00f3n   Nacional Arrocera tom\u00f3 la decisi\u00f3n durante su \u00faltima  reuni\u00f3n\u00a0 encabezada por el Secretario de  Agricultura, ingeniero Salvador (Ch\u00edo) Jim\u00e9nez, en la que participaron todos  los miembros de la entidad, conformada por productores arroceros privados y de la\u00a0   Reforma Agraria.<\/p>\n<p>&#13;<\/p>\n<p align=\"justify\" class=\"text1noticias\"> En tanto, que en el\u00a0 per\u00edodo primero de agosto al 24 de noviembre  de cada a\u00f1o queda vedada, por razones fitosanitarias y de baja productividad,  la siembra de arroz y de chapeo para reto\u00f1o o biso\u00f1o en todo el pa\u00eds, explica  una resoluci\u00f3n de la   Comisi\u00f3n Nacional Arrocera.<\/p>\n<p>&#13;<\/p>\n<p align=\"justify\" class=\"text1noticias\">Sostiene que la siembra de arroz en semilleros y directa bajo riego se  iniciar\u00e1 el d\u00eda 25 de noviembre de cada a\u00f1o. Para el valle de San Juan de la Maguana ser\u00e1 el primero de  abril.<br \/>&#13;<br \/>\n  \u00a0 <br \/>&#13;<br \/>\nLa comisi\u00f3n har\u00e1 cumplir la veda aplicando las medidas que considere de  lugar para tales fines,\u00a0 indica una nota  del Departamento de Informaci\u00f3n y Relaciones P\u00fablicas de Agricultura.<\/p>\n<p>&#13;<\/p>\n<p align=\"justify\" class=\"text1noticias\">Los productores y molineros, tanto privados como de la Reforma Agraria,  se mantendr\u00e1n\u00a0 vigilantes en las zonas  donde desarrollan sus actividades productivas, para garantizar\u00a0 el cumplimiento de las disposiciones del  ordenamiento de la siembra de arroz bajo riego.\u00a0 <\/p>\n<p>&#13;<\/p>\n<p align=\"justify\" class=\"text1noticias\">La Comisi\u00f3n   Nacional Arrocera\u00a0  sugiri\u00f3 a la banca comercial\u00a0 y a  las empresas proveedoras de insumos y servicios tomar en consideraci\u00f3n el  ordenamiento de la siembra de arroz\u00a0 bajo  riego.<\/p>\n<p>&#13;<\/p>\n<p align=\"justify\" class=\"text1noticias\">Varios representantes de asociaciones y federaciones de productores de  arroz aseguraron que la disposici\u00f3n de la comisi\u00f3n se cumplir\u00e1 en un cien por  ciento\u00a0 y\u00a0  afirmaron que el ordenamiento y regulaci\u00f3n de la siembra de arroz ser\u00e1  exitoso.<\/p>\n<p>&#13;<\/p>\n<p align=\"justify\" class=\"text1noticias\">Mauricio Mar\u00eda, presidente de la Asociaci\u00f3n de Productores de la Provincia Juan  S\u00e1nchez Ram\u00edrez y Apolinar Germos\u00e9n presidente del Consejo Nacional de  Parceleros dijeron que se han reunido con los productores arroceros para  explicarle sobre la importancia de acatar la medida que regular\u00e1 la siembra de  arroz. <\/p>\n<p>&#13;<\/p>\n<p align=\"justify\" class=\"text1noticias\">Mar\u00eda y Germos\u00e9n explicaron que han sostenido reuniones con los t\u00e9cnicos  de Agricultura, productores del sector reformado y privado para asegurarse de  que las actividades de siembra de arroz y de chapeo para reto\u00f1o o biso\u00f1o  terminen el 31 de julio de cada a\u00f1o para todas las zonas del pa\u00eds\u00a0 se cumplan a cabalidad.<\/p>\n<p>&#13;<\/p>\n<p align=\"justify\" class=\"text1noticias\">De su lado, Oliverio Espaillat Benconsme, presidente\u00a0 de la Federaci\u00f3n Nacional  de Productores de Arroz (Fenarroz),\u00a0 dijo  que hace todos los esfuerzos para preparar a los afiliados a esa organizaci\u00f3n a  que cumplan fielmente las medidas de la comisi\u00f3n para regular la siembra de  arroz. <\/p>\n<p>&#13;<\/p>\n<h6> 2007-07-25 17:05:11 <\/h6>\n<p><!--\n<link rel=\"stylesheet\" href=\"css\/bootstrap.min.css\">\n\n\n<ul class=\"pagination\">\n\t    \n\t\n\n<li >\n\t<a href='?page_no=28829'>Previous<\/a>\n\t<\/li>\n\n\n       \n    \n\n<li><a href='?page_no=1'>1<\/a><\/li>\n\n\n\n<li><a href='?page_no=2'>2<\/a><\/li>\n\n\n\n<li><a>...<\/a><\/li>\n\n\n\n<li><a href='?page_no=28828'>28828<\/a><\/li>\n\n\n\n<li><a href='?page_no=28829'>28829<\/a><\/li>\n\n\n\n<li class='active'><a>28830<\/a><\/li>\n\n\n\n<li><a href='?page_no=28831'>28831<\/a><\/li>\n\n\n\n<li><a href='?page_no=28832'>28832<\/a><\/li>\n\n\n\n<li><a>...<\/a><\/li>\n\n\n\n<li><a href='?page_no=30472'>30472<\/a><\/li>\n\n\n\n<li><a href='?page_no=30473'>30473<\/a><\/li>\n\n    \n\t\n\n<li >\n\t<a href='?page_no=28831'>Next<\/a>\n\t<\/li>\n\n\n    \n\n<li><a href='?page_no=30473'>Last &rsaquo;&rsaquo;<\/a><\/li>\n\n<\/ul>\n\n\n--><br \/>\n<\/body><\/p>\n","protected":false},"excerpt":{"rendered":"<p>Advierte a productores que el d\u00eda\u00a0 31 de este mes concluye en el pa\u00eds la siembra de arroz &#13; SANTO DOMINGO.- La Comisi\u00f3n Nacional Arrocera, (CONA)\u00a0\u00a0 record\u00f3 a todos los productores arroceros del pa\u00eds\u00a0 que el 31 de este mes entrar\u00e1 en vigencia el plan de ordenamiento de la siembra de arroz en las zonas [&hellip;]<\/p>\n","protected":false},"author":3,"featured_media":0,"comment_status":"open","ping_status":"open","sticky":false,"template":"","format":"standard","meta":{"footnotes":""},"categories":[18],"tags":[],"class_list":["post-122950","post","type-post","status-publish","format-standard","hentry","category-economia"],"_links":{"self":[{"href":"https:\/\/diariodominicano.com\/index.php?rest_route=\/wp\/v2\/posts\/122950","targetHints":{"allow":["GET"]}}],"collection":[{"href":"https:\/\/diariodominicano.com\/index.php?rest_route=\/wp\/v2\/posts"}],"about":[{"href":"https:\/\/diariodominicano.com\/index.php?rest_route=\/wp\/v2\/types\/post"}],"author":[{"embeddable":true,"href":"https:\/\/diariodominicano.com\/index.php?rest_route=\/wp\/v2\/users\/3"}],"replies":[{"embeddable":true,"href":"https:\/\/diariodominicano.com\/index.php?rest_route=%2Fwp%2Fv2%2Fcomments&post=122950"}],"version-history":[{"count":0,"href":"https:\/\/diariodominicano.com\/index.php?rest_route=\/wp\/v2\/posts\/122950\/revisions"}],"wp:attachment":[{"href":"https:\/\/diariodominicano.com\/index.php?rest_route=%2Fwp%2Fv2%2Fmedia&parent=122950"}],"wp:term":[{"taxonomy":"category","embeddable":true,"href":"https:\/\/diariodominicano.com\/index.php?rest_route=%2Fwp%2Fv2%2Fcategories&post=122950"},{"taxonomy":"post_tag","embeddable":true,"href":"https:\/\/diariodominicano.com\/index.php?rest_route=%2Fwp%2Fv2%2Ftags&post=122950"}],"curies":[{"name":"wp","href":"https:\/\/api.w.org\/{rel}","templated":true}]}}