{"id":122945,"date":"2007-07-27T10:52:42","date_gmt":"2007-07-27T10:52:42","guid":{"rendered":"http:\/\/diariodominicano.ddns.net\/?p=122945"},"modified":"2007-07-27T10:52:42","modified_gmt":"2007-07-27T10:52:42","slug":"ministro-de-economia-el-dr-cafta-hara-que-el-pib-de-rd-crezca-adicionalmente-al-menos-en-0-63-anual-y-el-nivel-de-pobreza-disminuya-en-0-41-cada-ano","status":"publish","type":"post","link":"https:\/\/diariodominicano.com\/?p=122945","title":{"rendered":"Ministro de Econom\u00eda: el DR-CAFTA  har\u00e1 que el PIB de RD crezca adicionalmente al menos en 0.63%  anual y el nivel de pobreza disminuya  en 0.41 % cada a\u00f1o"},"content":{"rendered":"<p><body><\/p>\n<p align=\"justify\" class=\"text1noticias\"><span class=\"titulogrande1\">Ministro de  Econom\u00eda: el DR-CAFTA\u00a0 har\u00e1 que el PIB de  RD crezca adicionalmente al menos en 0.63%\u00a0  anual y el nivel de pobreza disminuya\u00a0  en 0.41 % cada a\u00f1o<\/span><br \/>&#13;<br \/>\n\u00a0\u00a0\u00a0\u00a0\u00a0\u00a0\u00a0\u00a0\u00a0\u00a0\u00a0\u00a0\u00a0\u00a0 \u00a0\u00a0\u00a0\u00a0\u00a0\u00a0\u00a0\u00a0\u00a0\u00a0\u00a0\u00a0\u00a0\u00a0\u00a0\u00a0\u00a0\u00a0\u00a0<\/p>\n<p>&#13;<\/p>\n<p align=\"justify\" class=\"text1noticias\"><img loading=\"lazy\" decoding=\"async\" src=\"http:\/\/localhost:8080\/economia\/pictures\/temo17.jpg\" width=\"269\" height=\"199\" hspace=\"4\" align=\"left\" \/>SANTO DOMINGO.- El  Secretario de Econom\u00eda, Planificaci\u00f3n y Desarrollo dijo anoche que el DR-CAFTA  con Estados Unidos impactar\u00e1 positivamente en el crecimiento econ\u00f3mico y en la reducci\u00f3n  de la pobreza en la   Rep\u00fablica Dominicana, pero advirti\u00f3 que el pa\u00eds deber\u00e1 seguir  profundizando en sus pol\u00edticas de reformas estructurales.<\/p>\n<p>&#13;<\/p>\n<p align=\"justify\" class=\"text1noticias\">Juan Temistocles  Montas dijo que de acuerdo a los estudios de la secretaria a su cargo, el  tratado de libre comercio har\u00e1 que el Producto Interno Bruto crezca adicionalmente  al menos en 0.63%\u00a0 anual y el nivel de  pobreza vaya disminuyendo en 0.41 % cada a\u00f1o.<\/p>\n<p>&#13;<\/p>\n<p align=\"justify\" class=\"text1noticias\">Seg\u00fan Montas, el  DR-CAFTA har\u00e1 que las exportaciones dominicanas se incrementen en un promedio  adicional de alrededor de 3.8% en los pr\u00f3ximos ocho a\u00f1os y deber\u00e1 producir un  mejoramiento del \u00edndice en el cumplimiento de los Objetivos del Milenio de las  Naciones Unidas del orden de 2.5% promedio anual tambi\u00e9n durante igual periodo.<\/p>\n<p>&#13;<\/p>\n<p align=\"justify\" class=\"text1noticias\">Montas se expres\u00f3  en estos t\u00e9rminos al pronunciar una conferencia sobre \u201cDR-CAFTA y el Futuro de la Econom\u00eda Dominicana\u201d,  auspiciada por el Colegio de Contadores en el Sal\u00f3n La Mancha, del hotel Lina, de  esta capital.<\/p>\n<p>&#13;<\/p>\n<p align=\"justify\" class=\"text1noticias\">Aunque reconoci\u00f3  que los tratados de libre comercio no constituyen por si solo una estrategia de  desarrollo, Mont\u00e1s dijo que el DR-CAFTA ha generado en Rep\u00fablica Dominicana un  mejoramiento de la calidad de la pol\u00edtica econ\u00f3mica, estabilidad en las reglas  de juego, garant\u00eda de certidumbre jur\u00eddica, as\u00ed como de transparencia en las  pol\u00edticas p\u00fablicas y el profesionalismo en \u00a0la administraci\u00f3n del Estado. <\/p>\n<p>&#13;<\/p>\n<p align=\"justify\" class=\"text1noticias\">Ha generado, adem\u00e1s,  un efecto favorable sobre el riesgo-pa\u00eds, aumento en la rentabilidad de la inversi\u00f3n,  as\u00ed como en la escala de las inversiones, mayor espacio para alianzas  comerciales,\u00a0 abordar la competencia de  China Continental y aprovechar la poblaci\u00f3n latina residente en Estados Unidos,  agrego el funcionario.<\/p>\n<p>&#13;<\/p>\n<p align=\"justify\" class=\"text1noticias\">Tambi\u00e9n, la  eliminaci\u00f3n del 76.5% de las l\u00edneas arancelarias y el compromiso de desgravar  en los pr\u00f3ximos 5 a\u00f1os otras 5.9%. Otras 12.7 por ciento de l\u00edneas arancelarias  ser\u00e1n desgravadas en periodos de 10,12 y 15 a\u00f1os, dijo Montas.<\/p>\n<p>&#13;<\/p>\n<p align=\"justify\" class=\"text1noticias\">Mont\u00e1s reconoci\u00f3  que esta desgravaci\u00f3n arancelaria permitir\u00eda al sector productivo nacional  encadenarse progresivamente con las exportaciones, pero afectar\u00e1 ramas  agropecuarias abastecedoras del mercado interno por falta de competitividad.<\/p>\n<p>&#13;<\/p>\n<p align=\"justify\" class=\"text1noticias\">No obstante, dijo  que la competencia externa que se divisa no seria tan f\u00e9rrea ya que en la  medida en que aumenten las importaciones desde los Estados Unidos, disminuir\u00e1n  las provenientes de otros or\u00edgenes que se vuelven menos competitivos.<\/p>\n<p>&#13;<\/p>\n<p align=\"justify\" class=\"text1noticias\">Otra de las  ventajas citadas por Mont\u00e1s en el marco del DR CAFTA es que casi el 100% de los  productos dominicanos originarios tendr\u00e1n acceso libre de aranceles al mercado  de los Estados Unidos y que los productos m\u00e1s sensibles de origen agropecuario  quedaron protegidos por periodos que van hasta 20 a\u00f1os.<\/p>\n<p>&#13;<\/p>\n<p align=\"justify\" class=\"text1noticias\">Entre estos cit\u00f3  las carnes bovina, porcina, de aves, el arroz, cebolla, leche, ajo, ma\u00edz,  habichuela roja, yuca, batata, guandules, papas \u00a0frescas, y concentrado de tomate.<\/p>\n<p>&#13;<\/p>\n<p align=\"justify\" class=\"text1noticias\">Pero\u00a0 considera que el DR-CAFTA deber\u00e1  implementarse acompa\u00f1ado de intervenciones p\u00fablicas dirigidas a minimizar y  compensar el costo del ajuste para los sectores vulnerables, principalmente en  el mercado de trabajo.<\/p>\n<p>&#13;<\/p>\n<p align=\"justify\" class=\"text1noticias\">Plante\u00f3 que se  deber\u00e1 ir absorbiendo adecuadamente la mano de obra desplazada de algunos  sectores, amortiguar el efecto pobreza con la activaci\u00f3n de mecanismos de protecci\u00f3n  social y el desarrollo de una pol\u00edtica de certificaci\u00f3n de competencia.<\/p>\n<p>&#13;<\/p>\n<p align=\"justify\" class=\"text1noticias\">Dijo que se deber\u00e1  aumentar la productividad para estimular el crecimiento adicional, intensificar  la disminuci\u00f3n de la pobreza y reducir los riesgos en sectores desfavorecidos  como el agr\u00edcola, para lo cual se deber\u00e1 mejorar la calidad del gasto p\u00fablico.<\/p>\n<p>&#13;<\/p>\n<p align=\"justify\" class=\"text1noticias\">En el orden de las  reformas estructurales, Mont\u00e1s dijo \u00a0que  el pa\u00eds deber\u00e1 contar con instituciones p\u00fablicas s\u00f3lidas que operen a niveles  de transparencia, mercados eficientes y en buena medida libres de distorsiones,  as\u00ed como regimenes regulatorios cre\u00edbles y estables. Tambi\u00e9n deber\u00e1 contar un  manejo macroecon\u00f3mico adecuado y educaci\u00f3n de calidad a todos los niveles.<\/p>\n<p>&#13;<\/p>\n<p align=\"justify\" class=\"text1noticias\">Solo as\u00ed, entiende  el Ministro de Econom\u00eda, Planificaci\u00f3n y Desarrollo, el pa\u00eds podr\u00e1 lograr un  crecimiento econ\u00f3mico sostenido anual de alrededor de 7% y as\u00ed alcanzar para el  a\u00f1o 2035 un ingreso per capita de entre US$9,000 a US$12,000.<\/p>\n<p>&#13;<\/p>\n<h6> 2007-07-27 10:52:42 <\/h6>\n<p><!--\n<link rel=\"stylesheet\" href=\"css\/bootstrap.min.css\">\n\n\n<ul class=\"pagination\">\n\t    \n\t\n\n<li >\n\t<a href='?page_no=28824'>Previous<\/a>\n\t<\/li>\n\n\n       \n    \n\n<li><a href='?page_no=1'>1<\/a><\/li>\n\n\n\n<li><a href='?page_no=2'>2<\/a><\/li>\n\n\n\n<li><a>...<\/a><\/li>\n\n\n\n<li><a href='?page_no=28823'>28823<\/a><\/li>\n\n\n\n<li><a href='?page_no=28824'>28824<\/a><\/li>\n\n\n\n<li class='active'><a>28825<\/a><\/li>\n\n\n\n<li><a href='?page_no=28826'>28826<\/a><\/li>\n\n\n\n<li><a href='?page_no=28827'>28827<\/a><\/li>\n\n\n\n<li><a>...<\/a><\/li>\n\n\n\n<li><a href='?page_no=30472'>30472<\/a><\/li>\n\n\n\n<li><a href='?page_no=30473'>30473<\/a><\/li>\n\n    \n\t\n\n<li >\n\t<a href='?page_no=28826'>Next<\/a>\n\t<\/li>\n\n\n    \n\n<li><a href='?page_no=30473'>Last &rsaquo;&rsaquo;<\/a><\/li>\n\n<\/ul>\n\n\n--><br \/>\n<\/body><\/p>\n","protected":false},"excerpt":{"rendered":"<p>Ministro de Econom\u00eda: el DR-CAFTA\u00a0 har\u00e1 que el PIB de RD crezca adicionalmente al menos en 0.63%\u00a0 anual y el nivel de pobreza disminuya\u00a0 en 0.41 % cada a\u00f1o&#13; \u00a0\u00a0\u00a0\u00a0\u00a0\u00a0\u00a0\u00a0\u00a0\u00a0\u00a0\u00a0\u00a0\u00a0 \u00a0\u00a0\u00a0\u00a0\u00a0\u00a0\u00a0\u00a0\u00a0\u00a0\u00a0\u00a0\u00a0\u00a0\u00a0\u00a0\u00a0\u00a0\u00a0 &#13; SANTO DOMINGO.- El Secretario de Econom\u00eda, Planificaci\u00f3n y Desarrollo dijo anoche que el DR-CAFTA con Estados Unidos impactar\u00e1 positivamente en el crecimiento econ\u00f3mico [&hellip;]<\/p>\n","protected":false},"author":3,"featured_media":0,"comment_status":"open","ping_status":"open","sticky":false,"template":"","format":"standard","meta":{"footnotes":""},"categories":[18],"tags":[],"class_list":["post-122945","post","type-post","status-publish","format-standard","hentry","category-economia"],"_links":{"self":[{"href":"https:\/\/diariodominicano.com\/index.php?rest_route=\/wp\/v2\/posts\/122945","targetHints":{"allow":["GET"]}}],"collection":[{"href":"https:\/\/diariodominicano.com\/index.php?rest_route=\/wp\/v2\/posts"}],"about":[{"href":"https:\/\/diariodominicano.com\/index.php?rest_route=\/wp\/v2\/types\/post"}],"author":[{"embeddable":true,"href":"https:\/\/diariodominicano.com\/index.php?rest_route=\/wp\/v2\/users\/3"}],"replies":[{"embeddable":true,"href":"https:\/\/diariodominicano.com\/index.php?rest_route=%2Fwp%2Fv2%2Fcomments&post=122945"}],"version-history":[{"count":0,"href":"https:\/\/diariodominicano.com\/index.php?rest_route=\/wp\/v2\/posts\/122945\/revisions"}],"wp:attachment":[{"href":"https:\/\/diariodominicano.com\/index.php?rest_route=%2Fwp%2Fv2%2Fmedia&parent=122945"}],"wp:term":[{"taxonomy":"category","embeddable":true,"href":"https:\/\/diariodominicano.com\/index.php?rest_route=%2Fwp%2Fv2%2Fcategories&post=122945"},{"taxonomy":"post_tag","embeddable":true,"href":"https:\/\/diariodominicano.com\/index.php?rest_route=%2Fwp%2Fv2%2Ftags&post=122945"}],"curies":[{"name":"wp","href":"https:\/\/api.w.org\/{rel}","templated":true}]}}