{"id":122944,"date":"2007-07-27T11:12:10","date_gmt":"2007-07-27T11:12:10","guid":{"rendered":"http:\/\/diariodominicano.ddns.net\/?p=122944"},"modified":"2007-07-27T11:12:10","modified_gmt":"2007-07-27T11:12:10","slug":"acuerdan-un-plan-para-el-desarrollo-tecnologico-y-competitivo","status":"publish","type":"post","link":"https:\/\/diariodominicano.com\/?p=122944","title":{"rendered":"Acuerdan un plan para el desarrollo tecnol\u00f3gico y competitivo"},"content":{"rendered":"<p><body><\/p>\n<p align=\"justify\" class=\"titulogrande1\"><strong>Acuerdan  un plan para el desarrollo tecnol\u00f3gico y competitivo<\/strong><\/p>\n<p>&#13;<\/p>\n<p align=\"justify\" class=\"text1noticias\"><img loading=\"lazy\" decoding=\"async\" src=\"http:\/\/localhost:8080\/economia\/pictures\/ligia amada melo acuerdo.jpg\" width=\"269\" height=\"219\" hspace=\"4\" align=\"left\" \/>Santo Domingo.-El Consejo de  Competitividad y la   Secretar\u00eda de Educaci\u00f3n Superior se comprometieron \u00a0en dise\u00f1ar un plan de desarrollo cient\u00edfico e  innovaci\u00f3n tecnol\u00f3gica productiva, as\u00ed como\u00a0  impulsar una red de incubadoras de empresas de alta tecnolog\u00eda e  innovaci\u00f3n en el marco del proyecto de articulaci\u00f3n del Sistema de ciencia,  tecnolog\u00eda e innovaci\u00f3n, fortalecimiento del marco de pol\u00edticas p\u00fablicas.<\/p>\n<p>&#13;<\/p>\n<p align=\"justify\" class=\"text1noticias\">Estas acciones ser\u00e1n  financiadas con recursos del Fondo de Competitividad y de la Secretar\u00eda de Educaci\u00f3n  Superior, por un monto superior a los ocho millones de pesos.<\/p>\n<p>&#13;<\/p>\n<p align=\"justify\" class=\"text1noticias\">El Convenio fue firmado por  Andr\u00e9s van der Horst \u00c1lvarez, director ejecutivo del Consejo Nacional de  Competitividad y por Ligia Amada Melo viuda Cardona, Secretaria de Educaci\u00f3n  Superior.<\/p>\n<p>&#13;<\/p>\n<p align=\"justify\" class=\"text1noticias\">Con esta iniciativa se pone  en marcha el Sistema Nacional de Innovaci\u00f3n y Desarrollo Tecnol\u00f3gico (SNIDT),  que es uno de los pilares del Plan de Competitividad Sist\u00e9mica que puso en  marcha el Presidente Fern\u00e1ndez en marzo pasado.\u00a0  El SNIDT fue conformado seg\u00fan decreto 193-07 de abril de este a\u00f1o. La  disposici\u00f3n presidencial encarga a la Secretar\u00eda de Educaci\u00f3n Superior para que presida  el Sistema, mientras que el Consejo Nacional de Competitividad es miembro del  Sistema. <\/p>\n<p>&#13;<\/p>\n<p align=\"justify\" class=\"text1noticias\">El acuerdo tendr\u00e1 una  duraci\u00f3n de siete meses. \u201cAl final del convenio estar\u00e1 creada la red nacional  de incubadoras de empresas de alta tecnolog\u00eda, que ser\u00e1 un mecanismo ideal para  lograr el proceso de transici\u00f3n a la econom\u00eda basada en el conocimiento y la  mentefactura\u201d, expres\u00f3 Andr\u00e9s van der Horst \u00c1lvarez, director ejecutivo del  Consejo Nacional de Competitividad.<\/p>\n<p>&#13;<\/p>\n<p align=\"justify\" class=\"text1noticias\">Se\u00f1al\u00f3 que a los seis meses  del proyecto se estipula contar con un plan estrat\u00e9gico de Desarrollo  Cient\u00edfico e Innovaci\u00f3n Tecnol\u00f3gica Productiva. Se espera adem\u00e1s que el pa\u00eds  cuente con una estructura de financiaci\u00f3n para la investigaci\u00f3n cient\u00edfica y  tecnol\u00f3gica debidamente reglamentada y gestionada de acuerdo a est\u00e1ndares  internacionales. Se contempla tambi\u00e9n tener un reglamento actualizado del Fondo  Nacional de Innovaci\u00f3n y Desarrollo\u00a0  Cient\u00edfico y Tecnol\u00f3gico, creado de acuerdo a la ley 139-01 que crea la Secretar\u00eda de Educaci\u00f3n  Superior. <\/p>\n<p>&#13;<\/p>\n<p align=\"justify\" class=\"text1noticias\">Seg\u00fan una nota de prensa del  Consejo Nacional de Competitividad, el 71 por ciento de los fondos para este  proyecto ser\u00e1n aportados por el Fondo de Competitividad que se lleva a cabo en  el marco del Programa de Innovaci\u00f3n para el Desarrollo de Ventajas  Competitivas, acordado entre el Banco Interamericano de Desarrollo, y el CNC. <\/p>\n<p>&#13;<\/p>\n<p align=\"justify\" class=\"text1noticias\">Estos recursos son utilizados  para co-financiar proyectos\u00a0  implementados por el propio CNC con el sector p\u00fablico y privado y que  son coherentes con la   Estrategia Nacional de Competitividad. Desde ese punto de  vista el FONDEC aportar\u00e1 6.3 millones de pesos y el Ministerio de Educaci\u00f3n  Superior un 29 por ciento, equivalente a 2.6 millones de pesos.<\/p>\n<p>&#13;<\/p>\n<p align=\"justify\" class=\"text1noticias\">Seg\u00fan el diagn\u00f3stico del  proyecto en la actualidad no existe un modelo general de desarrollo cient\u00edfico  y tecnol\u00f3gico que pueda alinear el conjunto de iniciativas y acciones  institucionales sobre la materia. Adem\u00e1s el marco regulatorio en materia de  desarrollo cient\u00edfico y tecnol\u00f3gico es limitado.<\/p>\n<p>&#13;<\/p>\n<p align=\"justify\" class=\"text1noticias\">Se parte del hecho de que la  hay una\u00a0 imposibilidad de aprovechar de  forma eficiente las econom\u00edas de escalas y de agregaci\u00f3n debido a las acciones  dispersas de los distintos actores y componentes del sistema. <\/p>\n<p>&#13;<\/p>\n<h6> 2007-07-27 11:12:10 <\/h6>\n<p><!--\n<link rel=\"stylesheet\" href=\"css\/bootstrap.min.css\">\n\n\n<ul class=\"pagination\">\n\t    \n\t\n\n<li >\n\t<a href='?page_no=28823'>Previous<\/a>\n\t<\/li>\n\n\n       \n    \n\n<li><a href='?page_no=1'>1<\/a><\/li>\n\n\n\n<li><a href='?page_no=2'>2<\/a><\/li>\n\n\n\n<li><a>...<\/a><\/li>\n\n\n\n<li><a href='?page_no=28822'>28822<\/a><\/li>\n\n\n\n<li><a href='?page_no=28823'>28823<\/a><\/li>\n\n\n\n<li class='active'><a>28824<\/a><\/li>\n\n\n\n<li><a href='?page_no=28825'>28825<\/a><\/li>\n\n\n\n<li><a href='?page_no=28826'>28826<\/a><\/li>\n\n\n\n<li><a>...<\/a><\/li>\n\n\n\n<li><a href='?page_no=30472'>30472<\/a><\/li>\n\n\n\n<li><a href='?page_no=30473'>30473<\/a><\/li>\n\n    \n\t\n\n<li >\n\t<a href='?page_no=28825'>Next<\/a>\n\t<\/li>\n\n\n    \n\n<li><a href='?page_no=30473'>Last &rsaquo;&rsaquo;<\/a><\/li>\n\n<\/ul>\n\n\n--><br \/>\n<\/body><\/p>\n","protected":false},"excerpt":{"rendered":"<p>Acuerdan un plan para el desarrollo tecnol\u00f3gico y competitivo &#13; Santo Domingo.-El Consejo de Competitividad y la Secretar\u00eda de Educaci\u00f3n Superior se comprometieron \u00a0en dise\u00f1ar un plan de desarrollo cient\u00edfico e innovaci\u00f3n tecnol\u00f3gica productiva, as\u00ed como\u00a0 impulsar una red de incubadoras de empresas de alta tecnolog\u00eda e innovaci\u00f3n en el marco del proyecto de articulaci\u00f3n [&hellip;]<\/p>\n","protected":false},"author":3,"featured_media":0,"comment_status":"open","ping_status":"open","sticky":false,"template":"","format":"standard","meta":{"footnotes":""},"categories":[18],"tags":[],"class_list":["post-122944","post","type-post","status-publish","format-standard","hentry","category-economia"],"_links":{"self":[{"href":"https:\/\/diariodominicano.com\/index.php?rest_route=\/wp\/v2\/posts\/122944","targetHints":{"allow":["GET"]}}],"collection":[{"href":"https:\/\/diariodominicano.com\/index.php?rest_route=\/wp\/v2\/posts"}],"about":[{"href":"https:\/\/diariodominicano.com\/index.php?rest_route=\/wp\/v2\/types\/post"}],"author":[{"embeddable":true,"href":"https:\/\/diariodominicano.com\/index.php?rest_route=\/wp\/v2\/users\/3"}],"replies":[{"embeddable":true,"href":"https:\/\/diariodominicano.com\/index.php?rest_route=%2Fwp%2Fv2%2Fcomments&post=122944"}],"version-history":[{"count":0,"href":"https:\/\/diariodominicano.com\/index.php?rest_route=\/wp\/v2\/posts\/122944\/revisions"}],"wp:attachment":[{"href":"https:\/\/diariodominicano.com\/index.php?rest_route=%2Fwp%2Fv2%2Fmedia&parent=122944"}],"wp:term":[{"taxonomy":"category","embeddable":true,"href":"https:\/\/diariodominicano.com\/index.php?rest_route=%2Fwp%2Fv2%2Fcategories&post=122944"},{"taxonomy":"post_tag","embeddable":true,"href":"https:\/\/diariodominicano.com\/index.php?rest_route=%2Fwp%2Fv2%2Ftags&post=122944"}],"curies":[{"name":"wp","href":"https:\/\/api.w.org\/{rel}","templated":true}]}}