{"id":122939,"date":"2007-07-27T18:03:26","date_gmt":"2007-07-27T18:03:26","guid":{"rendered":"http:\/\/diariodominicano.ddns.net\/?p=122939"},"modified":"2007-07-27T18:03:26","modified_gmt":"2007-07-27T18:03:26","slug":"banco-reservas-informa-aumento-en-cartera-de-depositos-y-prestamos-sucursales-provincia-santo-domingo","status":"publish","type":"post","link":"https:\/\/diariodominicano.com\/?p=122939","title":{"rendered":"Banco Reservas informa aumento en cartera de dep\u00f3sitos  y pr\u00e9stamos, sucursales provincia Santo Domingo"},"content":{"rendered":"<p><body><\/p>\n<p align=\"justify\" class=\"titulogrande1\">Banco  Reservas informa aumento en cartera de dep\u00f3sitos\u00a0 y pr\u00e9stamos, sucursales provincia Santo  Domingo<\/p>\n<p>&#13;<\/p>\n<p align=\"justify\" class=\"text1noticias\"><strong>SANTO DOMINGO.-<\/strong> El Banco de  Reservas inform\u00f3 que su cartera de dep\u00f3sitos de sus oficinas ubicadas en Villa  Mella, Ovando, Zona Oriental, La Sirena Oriental, Charles de Gaulle, Megacentro y  Plaza Lama Oriental ascendieron a dos mil 956 millones de pesos y el monto  prestado en el \u00e1rea fue de mil 520 millones.<\/p>\n<p>&#13;<\/p>\n<p align=\"justify\" class=\"text1noticias\">El administrador de  Banreservas, Daniel Toribio, consider\u00f3 que una prueba del desarrollo econ\u00f3mico  obtenido en la zona, es que desde diciembre del 2006 a junio del 2007 ha tenido un  incremento de RD$15 millones por mes en su cartera de dep\u00f3sitos, en tanto los  pr\u00e9stamos experimentaron un crecimiento de un 11.3%.<\/p>\n<p>&#13;<\/p>\n<p align=\"justify\" class=\"text1noticias\">Destac\u00f3 que la naturaleza  din\u00e1mica de la zona es el resultado de la integraci\u00f3n de emprendedores que han  desarrollado empresas, entre las que sobresalen embutidoras, procesadoras de  carnes, granjas, f\u00e1bricas de blocks, laboratorios, supermercados, colmados,  helader\u00edas y farmacias. <\/p>\n<p>&#13;<\/p>\n<p align=\"justify\" class=\"text1noticias\">Manifest\u00f3 en estos t\u00e9rminos  en el marco de la inauguraci\u00f3n de la nueva oficina comercial Hermanas Mirabal,  en Villa Mella, con lo que se eleva a 176 el n\u00famero de centros de atenci\u00f3n al  cliente de la instituci\u00f3n, que operan en todo el pa\u00eds.<\/p>\n<p>&#13;<\/p>\n<p align=\"justify\" class=\"text1noticias\">Al pronunciar el discurso  inaugural, Toribio, dijo que \u201ccon la apertura de esta nueva plataforma de  servicios, suman 133 oficinas y 43 Bancas a Distancias del organismo financiera  en todo el pa\u00eds\u201d. <\/p>\n<p>&#13;<\/p>\n<p align=\"justify\" class=\"text1noticias\">Adelant\u00f3 que \u201cpr\u00f3ximamente,  iremos inaugurando otras oficinas en toda la geograf\u00eda nacional, atendiendo al  plan de expansi\u00f3n de infraestructura f\u00edsica y tecnol\u00f3gica que desarrolla la  instituci\u00f3n, con el prop\u00f3sito de estar m\u00e1s cerca y disponible para nuestros  clientes\u201d.<\/p>\n<p>&#13;<\/p>\n<p align=\"justify\" class=\"text1noticias\">El nuevo centro est\u00e1 ubicado  en la Plaza Villa  Isabela, de la avenida del mismo nombre, esquina Calle Santa Cruz, de Villa  Mella. Prestar\u00e1 servicios en horario de lunes a viernes,\u00a0 de ocho de la ma\u00f1ana a cinco de la tarde y  los s\u00e1bados de nueve de la ma\u00f1ana a una de la tarde.<\/p>\n<p>&#13;<\/p>\n<h6> 2007-07-27 18:03:26 <\/h6>\n<p><!--\n<link rel=\"stylesheet\" href=\"css\/bootstrap.min.css\">\n\n\n<ul class=\"pagination\">\n\t    \n\t\n\n<li >\n\t<a href='?page_no=28818'>Previous<\/a>\n\t<\/li>\n\n\n       \n    \n\n<li><a href='?page_no=1'>1<\/a><\/li>\n\n\n\n<li><a href='?page_no=2'>2<\/a><\/li>\n\n\n\n<li><a>...<\/a><\/li>\n\n\n\n<li><a href='?page_no=28817'>28817<\/a><\/li>\n\n\n\n<li><a href='?page_no=28818'>28818<\/a><\/li>\n\n\n\n<li class='active'><a>28819<\/a><\/li>\n\n\n\n<li><a href='?page_no=28820'>28820<\/a><\/li>\n\n\n\n<li><a href='?page_no=28821'>28821<\/a><\/li>\n\n\n\n<li><a>...<\/a><\/li>\n\n\n\n<li><a href='?page_no=30472'>30472<\/a><\/li>\n\n\n\n<li><a href='?page_no=30473'>30473<\/a><\/li>\n\n    \n\t\n\n<li >\n\t<a href='?page_no=28820'>Next<\/a>\n\t<\/li>\n\n\n    \n\n<li><a href='?page_no=30473'>Last &rsaquo;&rsaquo;<\/a><\/li>\n\n<\/ul>\n\n\n--><br \/>\n<\/body><\/p>\n","protected":false},"excerpt":{"rendered":"<p>Banco Reservas informa aumento en cartera de dep\u00f3sitos\u00a0 y pr\u00e9stamos, sucursales provincia Santo Domingo &#13; SANTO DOMINGO.- El Banco de Reservas inform\u00f3 que su cartera de dep\u00f3sitos de sus oficinas ubicadas en Villa Mella, Ovando, Zona Oriental, La Sirena Oriental, Charles de Gaulle, Megacentro y Plaza Lama Oriental ascendieron a dos mil 956 millones de [&hellip;]<\/p>\n","protected":false},"author":3,"featured_media":0,"comment_status":"open","ping_status":"open","sticky":false,"template":"","format":"standard","meta":{"footnotes":""},"categories":[18],"tags":[],"class_list":["post-122939","post","type-post","status-publish","format-standard","hentry","category-economia"],"_links":{"self":[{"href":"https:\/\/diariodominicano.com\/index.php?rest_route=\/wp\/v2\/posts\/122939","targetHints":{"allow":["GET"]}}],"collection":[{"href":"https:\/\/diariodominicano.com\/index.php?rest_route=\/wp\/v2\/posts"}],"about":[{"href":"https:\/\/diariodominicano.com\/index.php?rest_route=\/wp\/v2\/types\/post"}],"author":[{"embeddable":true,"href":"https:\/\/diariodominicano.com\/index.php?rest_route=\/wp\/v2\/users\/3"}],"replies":[{"embeddable":true,"href":"https:\/\/diariodominicano.com\/index.php?rest_route=%2Fwp%2Fv2%2Fcomments&post=122939"}],"version-history":[{"count":0,"href":"https:\/\/diariodominicano.com\/index.php?rest_route=\/wp\/v2\/posts\/122939\/revisions"}],"wp:attachment":[{"href":"https:\/\/diariodominicano.com\/index.php?rest_route=%2Fwp%2Fv2%2Fmedia&parent=122939"}],"wp:term":[{"taxonomy":"category","embeddable":true,"href":"https:\/\/diariodominicano.com\/index.php?rest_route=%2Fwp%2Fv2%2Fcategories&post=122939"},{"taxonomy":"post_tag","embeddable":true,"href":"https:\/\/diariodominicano.com\/index.php?rest_route=%2Fwp%2Fv2%2Ftags&post=122939"}],"curies":[{"name":"wp","href":"https:\/\/api.w.org\/{rel}","templated":true}]}}