{"id":122933,"date":"2007-07-29T23:13:23","date_gmt":"2007-07-29T23:13:23","guid":{"rendered":"http:\/\/diariodominicano.ddns.net\/?p=122933"},"modified":"2007-07-29T23:13:23","modified_gmt":"2007-07-29T23:13:23","slug":"presidente-fernandez-inaugurara-obras-por-mas-de-rd226-mm","status":"publish","type":"post","link":"https:\/\/diariodominicano.com\/?p=122933","title":{"rendered":"Presidente Fern\u00e1ndez inaugurar\u00e1 obras por m\u00e1s de RD$226 MM"},"content":{"rendered":"<p><body><\/p>\n<p align=\"justify\" class=\"titulogrande1\"><strong>Presidente Fern\u00e1ndez inaugurar\u00e1 obras por m\u00e1s de RD$226 MM<\/strong><\/p>\n<p>&#13;<\/p>\n<p align=\"justify\" class=\"text1noticias\"><img loading=\"lazy\" decoding=\"async\" src=\"http:\/\/localhost:8080\/economia\/pictures\/leonel1.jpg\" width=\"269\" height=\"298\" hspace=\"4\" align=\"left\" \/>SANTO DOMINGO.- El presidente Leonel Fern\u00e1ndez  continuar\u00e1 el \u00a0martes su programa de  inauguraciones de obras construidas por el Gobierno en el Distrito Nacional y  poblaciones de provincias. En esta ocasi\u00f3n, viajar\u00e1 a El Seibo para entregar 6  centros educativos y la reconstrucci\u00f3n de la carretera Hato Mayor-El Seibo, a  un costo que sobrepasa los RD$226 millones.<\/p>\n<p>&#13;<\/p>\n<p align=\"justify\" class=\"text1noticias\">A las 10 de la ma\u00f1ana el Jefe de Estado acudir\u00e1 a  El Seibo, donde dejar\u00e1 inaugurada la carretera Hato Mayor-El Seibo,  reconstruida por la   Secretar\u00eda de Obras P\u00fablicas y Comunicaciones con una  inversi\u00f3n de 180 millones de pesos.<\/p>\n<p>&#13;<\/p>\n<p align=\"justify\" class=\"text1noticias\">La Direcci\u00f3n de Prensa de la Presidencia inform\u00f3  que la v\u00eda tiene aproximadamente 25 kil\u00f3metros de longitud y consta de dos  carriles, uno en cada direcci\u00f3n, y los trabajos incluyen la reconstrucci\u00f3n de 4  puentes y 14 muros de gaviones, y barreras protectoras para evitar accidentes  de tr\u00e1nsito.<\/p>\n<p>&#13;<\/p>\n<p align=\"justify\" class=\"text1noticias\">A las doce del mediod\u00eda, el jefe del Estado  encabezar\u00e1 el acto inaugural de los centros educativos Villa Guerrero, Sabana  del Cuey, Pe\u00f1a Blanca y Reparadero, en la provincia de El Seibo.<br \/>&#13;<br \/>\n  \u00a0<br \/>&#13;<br \/>\n  Asimismo ser\u00e1n inaugurados los planteles Guayacanes  y Elemental Gautier, en los municipios de Guayacanes y San Jos\u00e9 de los Llanos,  ambos en San Pedro de Macor\u00eds. La construcci\u00f3n de los seis centros educativos  estuvo a cargo de la   Secretar\u00eda de Estado de Educaci\u00f3n.<br \/>&#13;<br \/>\n  \u00a0<br \/>&#13;<br \/>\n  <strong>El Centro Educativo Villa Guerrero,<\/strong> consta de 7 aulas y \u00e1reas administrativas,\u00a0  levantadas a un costo de RD$14,341,689.94. Los trabajos incluyen  tambi\u00e9n, la reparaci\u00f3n de 6 aulas, sustituci\u00f3n de puertas y ventanas y  reparaci\u00f3n en general. <\/p>\n<p>&#13;<\/p>\n<p align=\"justify\" class=\"text1noticias\">En este plantel se construy\u00f3 un m\u00f3dulo de Educaci\u00f3n  Inicial, una cancha deportiva con grader\u00eda, una verja perimetral, en muros de  bloques y elementos de hormig\u00f3n armado; y cuenta con instalaciones sanitarias y  el\u00e9ctricas, as\u00ed como acondicionamiento del \u00e1rea exterior.<\/p>\n<p>&#13;<\/p>\n<p align=\"justify\" class=\"text1noticias\"><strong>El Centro Educativo Sabana del Cuey,\u00a0 <\/strong>tiene 2 aulas y la  reparaci\u00f3n de 4 aulas y \u00e1rea administrativa y dispone de servicios\u00a0 de instalaciones sanitarias y el\u00e9ctricas;  cancha deportiva, verja perimetral y malla cicl\u00f3nica, construcci\u00f3n de cocina y  el acondicionamiento del \u00e1rea exterior. La inversi\u00f3n total es de  RD$2,568,875.45. <\/p>\n<p>&#13;<\/p>\n<p align=\"justify\" class=\"text1noticias\"><strong>El Centro Educativo Pe\u00f1a Blanca, <\/strong>posee las mismas caracter\u00edsticas del anterior excepto que fue reconstruida  la cancha deportiva y las grader\u00edas. Su costo es de RD$4,126,546.11.<\/p>\n<p>&#13;<\/p>\n<p align=\"justify\" class=\"text1noticias\"><strong>Los trabajos del Centro Educativo Reparadero, <\/strong>costaron<strong> RD$<\/strong>2,522.058.84, e incluyen la construcci\u00f3n de 2  aulas, la terminaci\u00f3n de un m\u00f3dulo de Educaci\u00f3n Inicial, el \u00e1rea  administrativa, la cocina, construcci\u00f3n de ba\u00f1o y las instalaciones sanitarias  y el\u00e9ctricas, as\u00ed como el acondicionamiento del \u00e1rea exterior.<\/p>\n<p>&#13;<\/p>\n<p align=\"justify\" class=\"text1noticias\">En tanto que, en e<strong>l Centro Educativo Villa  Guayacanes, <\/strong>fueron terminadas 10 aulas de Educaci\u00f3n B\u00e1sica, \u00e1rea  administrativa, biblioteca, m\u00f3dulo Educaci\u00f3n Inicial, cocina, servicios  sanitarios y el\u00e9ctricos, verja perimetral en bloques y malla cicl\u00f3nica, m\u00f3dulo  de cancha mixta y acondicionamiento del \u00e1rea exterior. En los trabajos se  invirtieron RD$13,517,368.00.<\/p>\n<p>&#13;<\/p>\n<p align=\"justify\" class=\"text1noticias\"><strong>El Centro Educativo Elemental Gautier,<\/strong> construido y reparado por un monto de RD$8,935,222.43, dispone de la  construcci\u00f3n de 4 aulas de Educaci\u00f3n B\u00e1sica y al igual que todos los dem\u00e1s  posee una estructura en hormig\u00f3n armado a dos aguas y piso de granito;  reparaci\u00f3n de 8 aulas, \u00e1reas administrativas, construcci\u00f3n de m\u00f3dulo sanitario  de 6 inodoro, reparaci\u00f3n de cancha deportiva, instalaci\u00f3n sanitarias y  el\u00e9ctricas, verja perimetral en muros de bloques y acondicionamiento del \u00e1rea  exterior.<\/p>\n<p>&#13;<\/p>\n<h6> 2007-07-29 23:13:23 <\/h6>\n<p><!--\n<link rel=\"stylesheet\" href=\"css\/bootstrap.min.css\">\n\n\n<ul class=\"pagination\">\n\t    \n\t\n\n<li >\n\t<a href='?page_no=28812'>Previous<\/a>\n\t<\/li>\n\n\n       \n    \n\n<li><a href='?page_no=1'>1<\/a><\/li>\n\n\n\n<li><a href='?page_no=2'>2<\/a><\/li>\n\n\n\n<li><a>...<\/a><\/li>\n\n\n\n<li><a href='?page_no=28811'>28811<\/a><\/li>\n\n\n\n<li><a href='?page_no=28812'>28812<\/a><\/li>\n\n\n\n<li class='active'><a>28813<\/a><\/li>\n\n\n\n<li><a href='?page_no=28814'>28814<\/a><\/li>\n\n\n\n<li><a href='?page_no=28815'>28815<\/a><\/li>\n\n\n\n<li><a>...<\/a><\/li>\n\n\n\n<li><a href='?page_no=30472'>30472<\/a><\/li>\n\n\n\n<li><a href='?page_no=30473'>30473<\/a><\/li>\n\n    \n\t\n\n<li >\n\t<a href='?page_no=28814'>Next<\/a>\n\t<\/li>\n\n\n    \n\n<li><a href='?page_no=30473'>Last &rsaquo;&rsaquo;<\/a><\/li>\n\n<\/ul>\n\n\n--><br \/>\n<\/body><\/p>\n","protected":false},"excerpt":{"rendered":"<p>Presidente Fern\u00e1ndez inaugurar\u00e1 obras por m\u00e1s de RD$226 MM &#13; SANTO DOMINGO.- El presidente Leonel Fern\u00e1ndez continuar\u00e1 el \u00a0martes su programa de inauguraciones de obras construidas por el Gobierno en el Distrito Nacional y poblaciones de provincias. En esta ocasi\u00f3n, viajar\u00e1 a El Seibo para entregar 6 centros educativos y la reconstrucci\u00f3n de la carretera [&hellip;]<\/p>\n","protected":false},"author":3,"featured_media":0,"comment_status":"open","ping_status":"open","sticky":false,"template":"","format":"standard","meta":{"footnotes":""},"categories":[18],"tags":[],"class_list":["post-122933","post","type-post","status-publish","format-standard","hentry","category-economia"],"_links":{"self":[{"href":"https:\/\/diariodominicano.com\/index.php?rest_route=\/wp\/v2\/posts\/122933","targetHints":{"allow":["GET"]}}],"collection":[{"href":"https:\/\/diariodominicano.com\/index.php?rest_route=\/wp\/v2\/posts"}],"about":[{"href":"https:\/\/diariodominicano.com\/index.php?rest_route=\/wp\/v2\/types\/post"}],"author":[{"embeddable":true,"href":"https:\/\/diariodominicano.com\/index.php?rest_route=\/wp\/v2\/users\/3"}],"replies":[{"embeddable":true,"href":"https:\/\/diariodominicano.com\/index.php?rest_route=%2Fwp%2Fv2%2Fcomments&post=122933"}],"version-history":[{"count":0,"href":"https:\/\/diariodominicano.com\/index.php?rest_route=\/wp\/v2\/posts\/122933\/revisions"}],"wp:attachment":[{"href":"https:\/\/diariodominicano.com\/index.php?rest_route=%2Fwp%2Fv2%2Fmedia&parent=122933"}],"wp:term":[{"taxonomy":"category","embeddable":true,"href":"https:\/\/diariodominicano.com\/index.php?rest_route=%2Fwp%2Fv2%2Fcategories&post=122933"},{"taxonomy":"post_tag","embeddable":true,"href":"https:\/\/diariodominicano.com\/index.php?rest_route=%2Fwp%2Fv2%2Ftags&post=122933"}],"curies":[{"name":"wp","href":"https:\/\/api.w.org\/{rel}","templated":true}]}}