{"id":122932,"date":"2007-07-31T05:01:09","date_gmt":"2007-07-31T05:01:09","guid":{"rendered":"http:\/\/diariodominicano.ddns.net\/?p=122932"},"modified":"2007-07-31T05:01:09","modified_gmt":"2007-07-31T05:01:09","slug":"helados-bon-celebra-convencion","status":"publish","type":"post","link":"https:\/\/diariodominicano.com\/?p=122932","title":{"rendered":"Helados Bon celebra convenci\u00f3n"},"content":{"rendered":"<p><body><\/p>\n<p align=\"justify\"><span class=\"titulogrande1\">Helados Bon celebra  convenci\u00f3n<\/span><br \/>&#13;<br \/>\n  \u00a0<br \/>&#13;<br \/>\n  <span class=\"text1noticias\"><strong><img loading=\"lazy\" decoding=\"async\" src=\"http:\/\/localhost:8080\/economia\/pictures\/heladosbon.jpg\" width=\"269\" height=\"549\" hspace=\"4\" align=\"left\" \/>Santo Domingo.- <\/strong>La empresa Helados Bon  celebr\u00f3 la cuarta convenci\u00f3n canal m\u00f3vil \u201cSe hace camino al andar\u201d, en un acto  donde se destac\u00f3 el compromiso social y econ\u00f3mico de este consorcio  con el desarrollo del pa\u00eds y la preservaci\u00f3n del medio ambiente, a trav\u00e9s de  proyectos ecol\u00f3gicos que contribuye con el rescate de los recursos naturales.<br \/>&#13;<br \/>\n  \u00a0<br \/>&#13;<br \/>\n El evento al que asistieron unos 500  vendedores de carritos m\u00f3viles del pa\u00eds, tuvo efecto en el club Palestino Sirio  Liban\u00e9s, ubicado en la avenida George Washington y estuvo encabezado por  Roberto Rodr\u00edguez, vicepresidente ejecutivo de Helados Bon;  Jos\u00e9 Moreno,\u00a0 vicepresidente de mercadeo;  Jaime Moreno, vicepresidente de operaciones; Ana Ang\u00e9lica Moreno, directora de relaciones p\u00fablicas, Rosa  Danny Ti\u00f3, gerente comercial y Carmen P\u00e1ez, Gerente de Mercadeo.<br \/>&#13;<br \/>\n  \u00a0<br \/>&#13;<br \/>\n Rodr\u00edguez destac\u00f3 los aportes que  hacen los vendedores m\u00f3viles de Helados Bon, ya que ellos son los que llevan la  marca a miles de dominicanos, quienes disfrutan la frescura y el sabor de este  helado.<br \/>&#13;<br \/>\n  \u00a0<br \/>&#13;<br \/>\n Indic\u00f3 que el lema \u201cSe hace camino al  andar\u201d, que lleva este encuentro, contribuye con el posicionamiento, liderazgo,  preferencia y reconocimiento en los diferentes barrios y sectores por donde  transitan estos vendedores.<br \/>&#13;<br \/>\n  \u00a0<br \/>&#13;<br \/>\n  <br \/>&#13;<br \/>\n  Sostuvo que sin el esfuerzo de estos  ellos no se hubiese logrado la preferencia que ha conquistado Helados Bon en el  gusto de los dominicanos.<br \/>&#13;<br \/>\n  \u00a0<br \/>&#13;<br \/>\n De su lado, \u00a0Ana Ang\u00e9lica Moreno sostuvo que Helados Bon contribuye  con la preservaci\u00f3n de los recursos naturales, especialmente a trav\u00e9s de la Fundaci\u00f3n Loma  Quita Espuela, la cual ejecuta el proyecto \u201cYo soy un guardi\u00e1n\u201d.<br \/>&#13;<br \/>\n  \u00a0<br \/>&#13;<br \/>\n Precis\u00f3 que esta empresa tiene un  compromiso con el pa\u00eds, y que \u00e9ste se concretiza a trav\u00e9s de estos vendedores,  quienes participan en una actividad productiva que  aporta divisas al pa\u00eds.<br \/>&#13;<br \/>\n  \u00a0<br \/>&#13;<br \/>\n  \u201cHoy Helados Bon los invita a trabajar  juntos, a fin de aportar un granito de arena al progreso de nuestro pa\u00eds\u201d,  expuso.<br \/>&#13;<br \/>\n  \u00a0<br \/>&#13;<br \/>\n  La actividad incluy\u00f3 una  oraci\u00f3n a cargo de Orlando Coronado, presidente de la Distribuidora de  Helados Central; y luego continu\u00f3 con la animaci\u00f3n del conductor Carlos Alfredo Fatule y un  show de imitaciones de los comediantes del Canal 5, quienes divirtieron a los  presentes con sus chistes y ocurrencias.<br \/>&#13;<br \/>\n  <br \/>&#13;<br \/>\n  La licenciada Moreno expres\u00f3  que esta actividad busca reconocer el trabajo de los vendedores m\u00f3viles, y para  que sientan que forman parte de esa gran familia que es el Grupo Bon.<\/span><\/p>\n<p>&#13;<\/p>\n<h6> 2007-07-31 05:01:09 <\/h6>\n<p><!--\n<link rel=\"stylesheet\" href=\"css\/bootstrap.min.css\">\n\n\n<ul class=\"pagination\">\n\t    \n\t\n\n<li >\n\t<a href='?page_no=28811'>Previous<\/a>\n\t<\/li>\n\n\n       \n    \n\n<li><a href='?page_no=1'>1<\/a><\/li>\n\n\n\n<li><a href='?page_no=2'>2<\/a><\/li>\n\n\n\n<li><a>...<\/a><\/li>\n\n\n\n<li><a href='?page_no=28810'>28810<\/a><\/li>\n\n\n\n<li><a href='?page_no=28811'>28811<\/a><\/li>\n\n\n\n<li class='active'><a>28812<\/a><\/li>\n\n\n\n<li><a href='?page_no=28813'>28813<\/a><\/li>\n\n\n\n<li><a href='?page_no=28814'>28814<\/a><\/li>\n\n\n\n<li><a>...<\/a><\/li>\n\n\n\n<li><a href='?page_no=30472'>30472<\/a><\/li>\n\n\n\n<li><a href='?page_no=30473'>30473<\/a><\/li>\n\n    \n\t\n\n<li >\n\t<a href='?page_no=28813'>Next<\/a>\n\t<\/li>\n\n\n    \n\n<li><a href='?page_no=30473'>Last &rsaquo;&rsaquo;<\/a><\/li>\n\n<\/ul>\n\n\n--><br \/>\n<\/body><\/p>\n","protected":false},"excerpt":{"rendered":"<p>Helados Bon celebra convenci\u00f3n&#13; \u00a0&#13; Santo Domingo.- La empresa Helados Bon celebr\u00f3 la cuarta convenci\u00f3n canal m\u00f3vil \u201cSe hace camino al andar\u201d, en un acto donde se destac\u00f3 el compromiso social y econ\u00f3mico de este consorcio con el desarrollo del pa\u00eds y la preservaci\u00f3n del medio ambiente, a trav\u00e9s de proyectos ecol\u00f3gicos que contribuye con [&hellip;]<\/p>\n","protected":false},"author":3,"featured_media":0,"comment_status":"open","ping_status":"open","sticky":false,"template":"","format":"standard","meta":{"footnotes":""},"categories":[18],"tags":[],"class_list":["post-122932","post","type-post","status-publish","format-standard","hentry","category-economia"],"_links":{"self":[{"href":"https:\/\/diariodominicano.com\/index.php?rest_route=\/wp\/v2\/posts\/122932","targetHints":{"allow":["GET"]}}],"collection":[{"href":"https:\/\/diariodominicano.com\/index.php?rest_route=\/wp\/v2\/posts"}],"about":[{"href":"https:\/\/diariodominicano.com\/index.php?rest_route=\/wp\/v2\/types\/post"}],"author":[{"embeddable":true,"href":"https:\/\/diariodominicano.com\/index.php?rest_route=\/wp\/v2\/users\/3"}],"replies":[{"embeddable":true,"href":"https:\/\/diariodominicano.com\/index.php?rest_route=%2Fwp%2Fv2%2Fcomments&post=122932"}],"version-history":[{"count":0,"href":"https:\/\/diariodominicano.com\/index.php?rest_route=\/wp\/v2\/posts\/122932\/revisions"}],"wp:attachment":[{"href":"https:\/\/diariodominicano.com\/index.php?rest_route=%2Fwp%2Fv2%2Fmedia&parent=122932"}],"wp:term":[{"taxonomy":"category","embeddable":true,"href":"https:\/\/diariodominicano.com\/index.php?rest_route=%2Fwp%2Fv2%2Fcategories&post=122932"},{"taxonomy":"post_tag","embeddable":true,"href":"https:\/\/diariodominicano.com\/index.php?rest_route=%2Fwp%2Fv2%2Ftags&post=122932"}],"curies":[{"name":"wp","href":"https:\/\/api.w.org\/{rel}","templated":true}]}}