{"id":122931,"date":"2007-07-31T05:05:29","date_gmt":"2007-07-31T05:05:29","guid":{"rendered":"http:\/\/diariodominicano.ddns.net\/?p=122931"},"modified":"2007-07-31T05:05:29","modified_gmt":"2007-07-31T05:05:29","slug":"representantes-de-paises-de-america-latina-buscan-el-fortalecimiento-del-grupo-rio","status":"publish","type":"post","link":"https:\/\/diariodominicano.com\/?p=122931","title":{"rendered":"Representantes de pa\u00edses de Am\u00e9rica Latina buscan el fortalecimiento del Grupo R\u00edo"},"content":{"rendered":"<p><body><\/p>\n<h1 align=\"justify\" class=\"titulogrande1\">Representantes de pa\u00edses de Am\u00e9rica Latina buscan el fortalecimiento  del Grupo R\u00edo<\/h1>\n<p>&#13;<\/p>\n<h4 align=\"justify\" class=\"text1noticias\"><strong><img loading=\"lazy\" decoding=\"async\" src=\"http:\/\/localhost:8080\/economia\/pictures\/gruporio.jpg\" width=\"269\" height=\"180\" hspace=\"4\" align=\"left\" \/>SANTO DOMINGO.-<\/strong> Durante el primer dia de la reunion de  Coordinadores Nacionales del Grupo de R\u00edo iniciada el lunes\u00a0 en la Canciller\u00eda dominicana, se abordo como uno de los  principales temas de agenda el fortalecimiento y consolidaci\u00f3n de este  organismo \u201ccomo interlocutor cohesionado para el di\u00e1logo pol\u00edtico, tanto en el  hemisferio como a nivel mundial\u201d.<\/h4>\n<p>&#13;<\/p>\n<h4 align=\"justify\" class=\"text1noticias\">El evento que concluye hoy (martes 31) se enmarca en la agenda  de actividades que tienen lugar en el pa\u00eds por ostentar Rep\u00fablica  Dominicana\u00a0 este a\u00f1o la Secretar\u00eda Pro-t\u00e9mpore  de Grupo R\u00edo. <\/h4>\n<p>&#13;<\/p>\n<h4 align=\"justify\" class=\"text1noticias\">&#13;<br \/>\nAl dar la bienvenida, el subsecretario de Relaciones  Exteriores, Jos\u00e9 Manuel Trullols, dijo estar convencido de que del encuentro se  lograr\u00e1 la realizaci\u00f3n de un trabajo t\u00e9cnico de calidad, as\u00ed como un nivel de  reflexi\u00f3n \u201cque contribuir\u00e1 grandemente para el seguimiento adecuado de las  pautas trazadas por nuestros Ministros de Relaciones Exteriores y por nuestros  Jefes de Estado y de Gobierno\u201d. <\/h4>\n<p>&#13;<\/p>\n<p align=\"justify\" class=\"text1noticias\">La   Secretar\u00eda de  Estado de Relaciones Exteriores inform\u00f3 adem\u00e1s que en el c\u00f3nclave se analizar\u00e1n  los temas de la 62 Asamblea General de la Organizaci\u00f3n de las  Naciones Unidas, la cual tendr\u00e1 lugar en Nueva York, en septiembre pr\u00f3ximo. <br \/>&#13;<br \/>\n  <br \/>&#13;<br \/>\n  Se precis\u00f3 que como parte del calendario de reuniones  de este mecanismo de di\u00e1logo de Am\u00e9rica Latina y el Caribe, a finales de a\u00f1o en  la Canciller\u00eda  dominicana se realizar\u00e1 otro encuentro de Coordinadores Nacionales, en tanto  que en marzo del 2008 se celebrar\u00e1 la cumbre de jefes de estado y de gobierno  de los pa\u00edses miembros.<br \/>&#13;<br \/>\n  <br \/>&#13;<br \/>\n  El Grupo  de R\u00edo es un mecanismo flexible de di\u00e1logo que tiene como objetivo principal  promover y propiciar, a trav\u00e9s de la consulta y la concertaci\u00f3n, la cooperaci\u00f3n  pol\u00edtica en los asuntos de inter\u00e9s com\u00fan para la regi\u00f3n Latinoamericana y del  Caribe. A lo largo de  su trayectoria, su agenda se ha visto ampliada a diversos aspectos de la vida  econ\u00f3mica y social de los pueblos de la regi\u00f3n. Por su eficacia, el Grupo de  R\u00edo se ha convertido tambi\u00e9n, en interlocutor v\u00e1lido frente a otros grupos regionales y pa\u00edses.<br \/>&#13;<br \/>\n  <br \/>&#13;<br \/>\n  Su funcionamiento es coordinado\u00a0 por una Secretar\u00eda Pro-T\u00e9mpore (SPT)  rotativa, ejercida por un pa\u00eds miembro, elegido por el Grupo para un per\u00edodo de  uno o dos a\u00f1os. La SPT  es coadyuvada por una troika a la que se integran los pa\u00edses anterior y  siguiente, sedes de la   SPT. Actualmente la troika est\u00e1 integrada por Guyana,  Rep\u00fablica Dominicana y M\u00e9xico. <\/p>\n<p>&#13;<\/p>\n<h6> 2007-07-31 05:05:29 <\/h6>\n<p><!--\n<link rel=\"stylesheet\" href=\"css\/bootstrap.min.css\">\n\n\n<ul class=\"pagination\">\n\t    \n\t\n\n<li >\n\t<a href='?page_no=28810'>Previous<\/a>\n\t<\/li>\n\n\n       \n    \n\n<li><a href='?page_no=1'>1<\/a><\/li>\n\n\n\n<li><a href='?page_no=2'>2<\/a><\/li>\n\n\n\n<li><a>...<\/a><\/li>\n\n\n\n<li><a href='?page_no=28809'>28809<\/a><\/li>\n\n\n\n<li><a href='?page_no=28810'>28810<\/a><\/li>\n\n\n\n<li class='active'><a>28811<\/a><\/li>\n\n\n\n<li><a href='?page_no=28812'>28812<\/a><\/li>\n\n\n\n<li><a href='?page_no=28813'>28813<\/a><\/li>\n\n\n\n<li><a>...<\/a><\/li>\n\n\n\n<li><a href='?page_no=30472'>30472<\/a><\/li>\n\n\n\n<li><a href='?page_no=30473'>30473<\/a><\/li>\n\n    \n\t\n\n<li >\n\t<a href='?page_no=28812'>Next<\/a>\n\t<\/li>\n\n\n    \n\n<li><a href='?page_no=30473'>Last &rsaquo;&rsaquo;<\/a><\/li>\n\n<\/ul>\n\n\n--><br \/>\n<\/body><\/p>\n","protected":false},"excerpt":{"rendered":"<p>Representantes de pa\u00edses de Am\u00e9rica Latina buscan el fortalecimiento del Grupo R\u00edo &#13; SANTO DOMINGO.- Durante el primer dia de la reunion de Coordinadores Nacionales del Grupo de R\u00edo iniciada el lunes\u00a0 en la Canciller\u00eda dominicana, se abordo como uno de los principales temas de agenda el fortalecimiento y consolidaci\u00f3n de este organismo \u201ccomo interlocutor [&hellip;]<\/p>\n","protected":false},"author":3,"featured_media":0,"comment_status":"open","ping_status":"open","sticky":false,"template":"","format":"standard","meta":{"footnotes":""},"categories":[18],"tags":[],"class_list":["post-122931","post","type-post","status-publish","format-standard","hentry","category-economia"],"_links":{"self":[{"href":"https:\/\/diariodominicano.com\/index.php?rest_route=\/wp\/v2\/posts\/122931","targetHints":{"allow":["GET"]}}],"collection":[{"href":"https:\/\/diariodominicano.com\/index.php?rest_route=\/wp\/v2\/posts"}],"about":[{"href":"https:\/\/diariodominicano.com\/index.php?rest_route=\/wp\/v2\/types\/post"}],"author":[{"embeddable":true,"href":"https:\/\/diariodominicano.com\/index.php?rest_route=\/wp\/v2\/users\/3"}],"replies":[{"embeddable":true,"href":"https:\/\/diariodominicano.com\/index.php?rest_route=%2Fwp%2Fv2%2Fcomments&post=122931"}],"version-history":[{"count":0,"href":"https:\/\/diariodominicano.com\/index.php?rest_route=\/wp\/v2\/posts\/122931\/revisions"}],"wp:attachment":[{"href":"https:\/\/diariodominicano.com\/index.php?rest_route=%2Fwp%2Fv2%2Fmedia&parent=122931"}],"wp:term":[{"taxonomy":"category","embeddable":true,"href":"https:\/\/diariodominicano.com\/index.php?rest_route=%2Fwp%2Fv2%2Fcategories&post=122931"},{"taxonomy":"post_tag","embeddable":true,"href":"https:\/\/diariodominicano.com\/index.php?rest_route=%2Fwp%2Fv2%2Ftags&post=122931"}],"curies":[{"name":"wp","href":"https:\/\/api.w.org\/{rel}","templated":true}]}}