{"id":122930,"date":"2007-07-31T10:53:07","date_gmt":"2007-07-31T10:53:07","guid":{"rendered":"http:\/\/diariodominicano.ddns.net\/?p=122930"},"modified":"2007-07-31T10:53:07","modified_gmt":"2007-07-31T10:53:07","slug":"rd-y-belice-crean-comision-binacional-suscriben-acuerdo-de-cooperacion-tecnica-y-economica","status":"publish","type":"post","link":"https:\/\/diariodominicano.com\/?p=122930","title":{"rendered":"RD y Belice crean Comisi\u00f3n Binacional; suscriben acuerdo de Cooperaci\u00f3n T\u00e9cnica y Econ\u00f3mica"},"content":{"rendered":"<p><body><\/p>\n<p align=\"justify\" class=\"titulogrande1\"><strong>RD y Belice crean Comisi\u00f3n  Binacional; suscriben acuerdo de Cooperaci\u00f3n T\u00e9cnica y Econ\u00f3mica <\/strong><\/p>\n<p>&#13;<\/p>\n<p align=\"justify\" class=\"text1noticias\"><img loading=\"lazy\" decoding=\"async\" src=\"http:\/\/localhost:8080\/economia\/pictures\/leonel - primer ministro belice.jpg\" width=\"269\" height=\"640\" hspace=\"4\" align=\"left\" \/>SANTO DOMINGO.-Rep\u00fablica  Dominicana y Belice acordaron la creaci\u00f3n de una Comisi\u00f3n Binacional, as\u00ed como  el establecimiento de un convenio de Cooperaci\u00f3n T\u00e9cnica y Econ\u00f3mica que busca  ampliar el di\u00e1logo y fortalecer los lazos de amistad y cooperaci\u00f3n existentes  entre las dos naciones.<\/p>\n<p>&#13;<\/p>\n<p align=\"justify\" class=\"text1noticias\">Ambos acuerdos fueron  suscritos por el Secretario de Estado de Relaciones Exteriores, \u00a0Carlos Morales Troncoso, en representaci\u00f3n del  Gobierno dominicano y el Primer Ministro de Belice, Said Musa, durante un acto  celebrado en la Secretar\u00eda  de Relaciones Exteriores (SEREX).<\/p>\n<p>&#13;<\/p>\n<p align=\"justify\" class=\"text1noticias\">Morales Troncoso asegur\u00f3 que  estos acuerdos sobre Cooperaci\u00f3n T\u00e9cnica y Econ\u00f3mica y para la Creaci\u00f3n de la Comisi\u00f3n Binacional,  contribuir\u00e1n a promover la cooperaci\u00f3n  mediante la formulaci\u00f3n y ejecuci\u00f3n de Programas y Proyectos en \u00e1reas de  inter\u00e9s com\u00fan y mediante la promoci\u00f3n de mecanismos que fomenten proyectos de  naturaleza econ\u00f3mica.<\/p>\n<p>&#13;<\/p>\n<p align=\"justify\" class=\"text1noticias\">\u00a0\u00abPara garantizar la ejecuci\u00f3n de este  Acuerdo, darle seguimiento y coordinaci\u00f3n, hemos decidido tambi\u00e9n crear una  Comisi\u00f3n Mixta compuesta por representantes de ambos Gobiernos, as\u00ed como por  instituciones cuyas actividades guarden relaci\u00f3n directa con el \u00e1rea de  cooperaci\u00f3n t\u00e9cnica y econ\u00f3mica.\u00a0 Estamos  confiados en que lo acordado hoy contribuir\u00e1 al desarrollo y progreso de  nuestros pueblos\u00bb.<\/p>\n<p>&#13;<\/p>\n<p align=\"justify\" class=\"text1noticias\">Morales Troncoso asegur\u00f3 que  la firma de estos convenios es fruto de la coincidencia de valores y prop\u00f3sitos  entre dos naciones que trabajan por la\u00a0  consolidaci\u00f3n de la democracia y el fortalecimiento de sus  instituciones;\u00a0 el logro de un sistema  regional de bienestar y justicia econ\u00f3mica y social;\u00a0 la promoci\u00f3n en forma arm\u00f3nica y equilibrada  del desarrollo sostenible en lo econ\u00f3mico, social, cultural y pol\u00edtico de  nuestros pueblos; y el respeto a los principios y normas de las Cartas de la Organizaci\u00f3n de las  Naciones Unidas y de la   Organizaci\u00f3n de los Estados Americanos.<\/p>\n<p>&#13;<\/p>\n<p align=\"justify\" class=\"text1noticias\">\u00abLa vista del Primer  Ministro de Belice se enmarca en la pol\u00edtica de estrechamiento de relaciones de  la Rep\u00fablica   Dominicana con todos los pa\u00edses Partes del Sistema de la Integraci\u00f3n   Centroamericana, organismo al cual accedimos como Miembro  Asociado en el a\u00f1o 2003\u00bb.<\/p>\n<p>&#13;<\/p>\n<p align=\"justify\" class=\"text1noticias\">La Comisi\u00f3n Binacional estar\u00e1 presidida por los ministros de Relaciones Exteriores  de los respectivos pa\u00edses y estar\u00e1 integrada a su vez por cuatro subcomisiones:  de Asuntos Pol\u00edticos, Asuntos Econ\u00f3micos; de Cooperaci\u00f3n T\u00e9cnico\u2013Cient\u00edfica y\u00a0 Cooperaci\u00f3n Cultural \u2013Educativa. Incluye  asimismo una Secretar\u00eda que funcionar\u00eda simult\u00e1neamente en cada Ministerio, sin  descartar el establecimiento de otros \u00f3rganos que puedan ser considerados  convenientes para el cumplimiento del trabajo.<\/p>\n<p>&#13;<\/p>\n<p align=\"justify\" class=\"text1noticias\">Esta comisi\u00f3n tiene entre sus  objetivos estudiar e implementar la aplicaci\u00f3n de los acuerdos entre ambos  pa\u00edses; estudiar con profundidad el di\u00e1logo pol\u00edtico entre las Partes;  identificar intereses y proyectos comunes, y garantizar su efectiva  implementaci\u00f3n. Tambi\u00e9n\u00a0 desarrollar,  coordinar y dar seguimiento a los trabajos de las diferentes agencias de los  pa\u00edses, para promover las relaciones  bilaterales y garantizar que todas las actividades est\u00e9n contenidas en las  gu\u00edas pol\u00edticas establecidas.<\/p>\n<p>&#13;<\/p>\n<p align=\"justify\" class=\"text1noticias\">El Acuerdo de Cooperaci\u00f3n  est\u00e1 orientado a promover la cooperaci\u00f3n t\u00e9cnica y econ\u00f3mica entre las Partes,  mediante la formulaci\u00f3n y ejecuci\u00f3n, por inter\u00e9s com\u00fan, de programas y  proyectos en dichas \u00e1reas y mediante la promoci\u00f3n de mecanismos que fomenten  proyectos de naturaleza econ\u00f3mica.<\/p>\n<p>&#13;<\/p>\n<p align=\"justify\" class=\"text1noticias\">Para garantizar su completa  ejecuci\u00f3n, se establece la conformaci\u00f3n de una Comisi\u00f3n Mixta, integrada por  los representantes de ambos Gobiernos e instituciones afines, la cual se  reunir\u00e1 cada dos a\u00f1os, as\u00ed como un Grupo de Trabajo de Cooperaci\u00f3n  T\u00e9cnica y Econ\u00f3mica, coordinada por los Cancilleres de cada parte y el apoyo,  en el caso de Rep\u00fablica Dominicana, de las Secretar\u00edas de Estado de Relaciones  Exteriores y de Econom\u00eda, Planificaci\u00f3n y Desarrollo.<\/p>\n<p>&#13;<\/p>\n<p align=\"justify\" class=\"text1noticias\">Los acuerdos entrar\u00e1n en  vigencia en la fecha en la cual ambas Partes se comuniquen mutuamente, mediante  el canal diplom\u00e1tico, que se han cumplido los procedimientos legales internos.<\/p>\n<p>&#13;<\/p>\n<h6> 2007-07-31 10:53:07 <\/h6>\n<p><!--\n<link rel=\"stylesheet\" href=\"css\/bootstrap.min.css\">\n\n\n<ul class=\"pagination\">\n\t    \n\t\n\n<li >\n\t<a href='?page_no=28809'>Previous<\/a>\n\t<\/li>\n\n\n       \n    \n\n<li><a href='?page_no=1'>1<\/a><\/li>\n\n\n\n<li><a href='?page_no=2'>2<\/a><\/li>\n\n\n\n<li><a>...<\/a><\/li>\n\n\n\n<li><a href='?page_no=28808'>28808<\/a><\/li>\n\n\n\n<li><a href='?page_no=28809'>28809<\/a><\/li>\n\n\n\n<li class='active'><a>28810<\/a><\/li>\n\n\n\n<li><a href='?page_no=28811'>28811<\/a><\/li>\n\n\n\n<li><a href='?page_no=28812'>28812<\/a><\/li>\n\n\n\n<li><a>...<\/a><\/li>\n\n\n\n<li><a href='?page_no=30472'>30472<\/a><\/li>\n\n\n\n<li><a href='?page_no=30473'>30473<\/a><\/li>\n\n    \n\t\n\n<li >\n\t<a href='?page_no=28811'>Next<\/a>\n\t<\/li>\n\n\n    \n\n<li><a href='?page_no=30473'>Last &rsaquo;&rsaquo;<\/a><\/li>\n\n<\/ul>\n\n\n--><br \/>\n<\/body><\/p>\n","protected":false},"excerpt":{"rendered":"<p>RD y Belice crean Comisi\u00f3n Binacional; suscriben acuerdo de Cooperaci\u00f3n T\u00e9cnica y Econ\u00f3mica &#13; SANTO DOMINGO.-Rep\u00fablica Dominicana y Belice acordaron la creaci\u00f3n de una Comisi\u00f3n Binacional, as\u00ed como el establecimiento de un convenio de Cooperaci\u00f3n T\u00e9cnica y Econ\u00f3mica que busca ampliar el di\u00e1logo y fortalecer los lazos de amistad y cooperaci\u00f3n existentes entre las dos [&hellip;]<\/p>\n","protected":false},"author":3,"featured_media":0,"comment_status":"open","ping_status":"open","sticky":false,"template":"","format":"standard","meta":{"footnotes":""},"categories":[18],"tags":[],"class_list":["post-122930","post","type-post","status-publish","format-standard","hentry","category-economia"],"_links":{"self":[{"href":"https:\/\/diariodominicano.com\/index.php?rest_route=\/wp\/v2\/posts\/122930","targetHints":{"allow":["GET"]}}],"collection":[{"href":"https:\/\/diariodominicano.com\/index.php?rest_route=\/wp\/v2\/posts"}],"about":[{"href":"https:\/\/diariodominicano.com\/index.php?rest_route=\/wp\/v2\/types\/post"}],"author":[{"embeddable":true,"href":"https:\/\/diariodominicano.com\/index.php?rest_route=\/wp\/v2\/users\/3"}],"replies":[{"embeddable":true,"href":"https:\/\/diariodominicano.com\/index.php?rest_route=%2Fwp%2Fv2%2Fcomments&post=122930"}],"version-history":[{"count":0,"href":"https:\/\/diariodominicano.com\/index.php?rest_route=\/wp\/v2\/posts\/122930\/revisions"}],"wp:attachment":[{"href":"https:\/\/diariodominicano.com\/index.php?rest_route=%2Fwp%2Fv2%2Fmedia&parent=122930"}],"wp:term":[{"taxonomy":"category","embeddable":true,"href":"https:\/\/diariodominicano.com\/index.php?rest_route=%2Fwp%2Fv2%2Fcategories&post=122930"},{"taxonomy":"post_tag","embeddable":true,"href":"https:\/\/diariodominicano.com\/index.php?rest_route=%2Fwp%2Fv2%2Ftags&post=122930"}],"curies":[{"name":"wp","href":"https:\/\/api.w.org\/{rel}","templated":true}]}}