{"id":122929,"date":"2007-07-31T11:08:29","date_gmt":"2007-07-31T11:08:29","guid":{"rendered":"http:\/\/diariodominicano.ddns.net\/?p=122929"},"modified":"2007-07-31T11:08:29","modified_gmt":"2007-07-31T11:08:29","slug":"iglesias-advierte-falta-de-cohesion-amenaza-erosionar-la-democracia-en-america-latina","status":"publish","type":"post","link":"https:\/\/diariodominicano.com\/?p=122929","title":{"rendered":"Iglesias advierte falta de cohesi\u00f3n amenaza erosionar la democracia en Am\u00e9rica Latina"},"content":{"rendered":"<p><body><\/p>\n<p align=\"justify\" class=\"titulogrande1\"><strong>Iglesias advierte falta de cohesi\u00f3n amenaza erosionar la democracia en  Am\u00e9rica Latina<\/strong><\/p>\n<p>&#13;<\/p>\n<p align=\"justify\" class=\"text1noticias\"><strong><img loading=\"lazy\" decoding=\"async\" src=\"http:\/\/localhost:8080\/economia\/pictures\/enrique iglesias 1.jpg\" width=\"269\" height=\"379\" hspace=\"4\" align=\"left\" \/>MEXICO\u2014<\/strong> La falta de cohesi\u00f3n social que se  observa en Am\u00e9rica Latina amenaza con erosionar la democracia en la regi\u00f3n e  incluso derivar en violencia, advirti\u00f3 el lunes el secretario general  iberoamericano Enrique Iglesias.\u00a0 <br \/>&#13;<br \/>\n  <br \/>&#13;<br \/>\n  Al inaugurar un seminario en la  canciller\u00eda mexicana, Iglesias consider\u00f3 que la regi\u00f3n deber\u00eda aprovechar la  \u201cbonanza\u201d econ\u00f3mica que ha registrado en los \u00faltimos a\u00f1os para resolver los  problemas sociales y la falta de cohesi\u00f3n, si se quiere que en el siglo XXI se  avance por un camino de progreso y crecimiento con justicia para que la gente  haga frente \u201ca sus expectativas tan demoradas en esta sufrida Am\u00e9rica  Latina\u201d.\u00a0 Junto con la Comisi\u00f3n Econ\u00f3mica para Am\u00e9rica Latina (Cepal),  la oficina de Iglesias organiz\u00f3 el seminario en preparaci\u00f3n a la Cumbre Iberoamericana  que se realizar\u00e1 en noviembre en Chile, y cuyo tema principal ser\u00e1 precisamente  la cohesi\u00f3n social. <br \/>&#13;<br \/>\n  <br \/>&#13;<br \/>\n\u00a0\u201cLa cohesi\u00f3n social, la confianza,  el sentido de pertenencia al pa\u00eds es muy baja en Am\u00e9rica Latina\u201d, dijo el ex  presidente del Banco Interamericano de Desarrollo. <br \/>&#13;<br \/>\n<br \/>&#13;<br \/>\n  <strong>\u00a0\u201c\u00a8Qu\u00e9 significa eso?<\/strong> <br \/>&#13;<br \/>\n  <br \/>&#13;<br \/>\n  Significa por un lado que los d\u00e9ficit  sociales se profundizan, que al minarse la confianza de la gente, entre  dirigentes y dirigidos, se genera una erosi\u00f3n en la democracia; el tema se  convierte en tema pol\u00edtico, aterriza en la propia violencia, porque muchas  veces la falta de confianza en las instituciones y su capacidad para responder  a las aspiraciones de la gente hace que la violencia emerja\u201d, a\u00f1adi\u00f3. <br \/>&#13;<br \/>\n  <br \/>&#13;<br \/>\n  <strong>Habla la Cepal<\/strong> <br \/>&#13;<br \/>\n  <br \/>&#13;<br \/>\n\u00a0El secretario general de la Cepal, Jos\u00e9 Luis Machinea,  coincidi\u00f3 en los retos para la regi\u00f3n que, consider\u00f3, atraviesa por una  \u201cincertidumbre\u201d sobre su futuro.\u00a0 <br \/>&#13;<br \/>\n<br \/>&#13;<br \/>\nEsa incertidumbre, dijo, se ve  \u201cpotenciada\u201d por la magnitud de la pobreza, de la inequidad y el bajo  crecimiento m\u00e1s all\u00e1 de los buenos logros que se han tenido en los \u00faltimos  cuatro a\u00f1os.\u00a0 Dijo que si bien han mejorado algunos indicadores sociales y  econ\u00f3micos, esto no ha sido suficiente para modificar la realidad  latinoamericana.\u00a0 <br \/>&#13;<br \/>\nRefiri\u00f3, por ejemplo, que aunque se ha  registrado una reducci\u00f3n en un 25% de la pobreza extrema, a\u00fan hay unos 80  millones de indigentes. <br \/>&#13;<br \/>\n<br \/>&#13;<br \/>\n\u00a0La Cepal y la Secretar\u00eda Iberoamericana  consideraron que Latinoam\u00e9rica debe ser capaz de mantener un crecimiento  econ\u00f3mico sostenido que genere empleos, ofrezca capacitaci\u00f3n laboral y  educaci\u00f3n de calidad, adem\u00e1s de avanzar en reformas fiscales que permitan tener  recursos para llevar adelante pol\u00edticas sociales.\u00a0 <br \/>&#13;<br \/>\n<br \/>&#13;<br \/>\n  <strong>M\u00e1s recaudaciones<\/strong> <br \/>&#13;<br \/>\n  <br \/>&#13;<br \/>\n  El ex presidente del Banco  Interamericano de Desarrollo (BID) precis\u00f3 que debe incrementarse la  recaudaci\u00f3n tributaria y sacar mayor provecho de los recursos econ\u00f3micos para  hacer m\u00e1s eficiente la educaci\u00f3n, la salud y las capacidades de cada pa\u00eds. <br \/>&#13;<br \/>\n  <br \/>&#13;<br \/>\n\u201cUn Estado tiene la responsabilidad de  alcanzar pactos fiscales efectivos, pues es importante tener en cuenta que un  pa\u00eds pobre produce pol\u00edticas pobres\u201d, asegur\u00f3 Iglesias, quien se\u00f1al\u00f3 que  actualmente la pobreza alcanza a casi el 39% de la poblaci\u00f3n latinoamericana. <br \/>&#13;<br \/>\n<br \/>&#13;<br \/>\nA pesar de que en las \u00faltimas tres  d\u00e9cadas ha habido un mejor manejo econ\u00f3mico y un crecimiento del Producto  Interior Bruto (PIB), la regi\u00f3n \u201cmuestra (a\u00fan) que es completamente incapaz de  tener gesti\u00f3n para recursos que le permitan hacer frente al d\u00e9ficit\u00bb.<br \/>&#13;<br \/>\n<br \/>&#13;<br \/>\nPor su lado, la canciller mexicana,  Patricia Espinosa, hizo un llamamiento a los pa\u00edses de Am\u00e9rica Latina y el  Caribe a que sumen esfuerzos para lograr una mayor cohesi\u00f3n social y reducir  las diferencias entre los estratos m\u00e1s ricos y los m\u00e1s pobres.<br \/>&#13;<br \/>\n<br \/>&#13;<br \/>\n  AP<\/p>\n<p>&#13;<\/p>\n<h6> 2007-07-31 11:08:29 <\/h6>\n<p><!--\n<link rel=\"stylesheet\" href=\"css\/bootstrap.min.css\">\n\n\n<ul class=\"pagination\">\n\t    \n\t\n\n<li >\n\t<a href='?page_no=28808'>Previous<\/a>\n\t<\/li>\n\n\n       \n    \n\n<li><a href='?page_no=1'>1<\/a><\/li>\n\n\n\n<li><a href='?page_no=2'>2<\/a><\/li>\n\n\n\n<li><a>...<\/a><\/li>\n\n\n\n<li><a href='?page_no=28807'>28807<\/a><\/li>\n\n\n\n<li><a href='?page_no=28808'>28808<\/a><\/li>\n\n\n\n<li class='active'><a>28809<\/a><\/li>\n\n\n\n<li><a href='?page_no=28810'>28810<\/a><\/li>\n\n\n\n<li><a href='?page_no=28811'>28811<\/a><\/li>\n\n\n\n<li><a>...<\/a><\/li>\n\n\n\n<li><a href='?page_no=30472'>30472<\/a><\/li>\n\n\n\n<li><a href='?page_no=30473'>30473<\/a><\/li>\n\n    \n\t\n\n<li >\n\t<a href='?page_no=28810'>Next<\/a>\n\t<\/li>\n\n\n    \n\n<li><a href='?page_no=30473'>Last &rsaquo;&rsaquo;<\/a><\/li>\n\n<\/ul>\n\n\n--><br \/>\n<\/body><\/p>\n","protected":false},"excerpt":{"rendered":"<p>Iglesias advierte falta de cohesi\u00f3n amenaza erosionar la democracia en Am\u00e9rica Latina &#13; MEXICO\u2014 La falta de cohesi\u00f3n social que se observa en Am\u00e9rica Latina amenaza con erosionar la democracia en la regi\u00f3n e incluso derivar en violencia, advirti\u00f3 el lunes el secretario general iberoamericano Enrique Iglesias.\u00a0 &#13; &#13; Al inaugurar un seminario en la [&hellip;]<\/p>\n","protected":false},"author":3,"featured_media":0,"comment_status":"open","ping_status":"open","sticky":false,"template":"","format":"standard","meta":{"footnotes":""},"categories":[18],"tags":[],"class_list":["post-122929","post","type-post","status-publish","format-standard","hentry","category-economia"],"_links":{"self":[{"href":"https:\/\/diariodominicano.com\/index.php?rest_route=\/wp\/v2\/posts\/122929","targetHints":{"allow":["GET"]}}],"collection":[{"href":"https:\/\/diariodominicano.com\/index.php?rest_route=\/wp\/v2\/posts"}],"about":[{"href":"https:\/\/diariodominicano.com\/index.php?rest_route=\/wp\/v2\/types\/post"}],"author":[{"embeddable":true,"href":"https:\/\/diariodominicano.com\/index.php?rest_route=\/wp\/v2\/users\/3"}],"replies":[{"embeddable":true,"href":"https:\/\/diariodominicano.com\/index.php?rest_route=%2Fwp%2Fv2%2Fcomments&post=122929"}],"version-history":[{"count":0,"href":"https:\/\/diariodominicano.com\/index.php?rest_route=\/wp\/v2\/posts\/122929\/revisions"}],"wp:attachment":[{"href":"https:\/\/diariodominicano.com\/index.php?rest_route=%2Fwp%2Fv2%2Fmedia&parent=122929"}],"wp:term":[{"taxonomy":"category","embeddable":true,"href":"https:\/\/diariodominicano.com\/index.php?rest_route=%2Fwp%2Fv2%2Fcategories&post=122929"},{"taxonomy":"post_tag","embeddable":true,"href":"https:\/\/diariodominicano.com\/index.php?rest_route=%2Fwp%2Fv2%2Ftags&post=122929"}],"curies":[{"name":"wp","href":"https:\/\/api.w.org\/{rel}","templated":true}]}}