{"id":122927,"date":"2007-08-01T11:09:30","date_gmt":"2007-08-01T11:09:30","guid":{"rendered":"http:\/\/diariodominicano.ddns.net\/?p=122927"},"modified":"2007-08-01T11:09:30","modified_gmt":"2007-08-01T11:09:30","slug":"inversionistas-aseguran-la-region-turistica-de-miches-es-el-lugar-ideal-para-desarrollar-proyectos-sostenibles","status":"publish","type":"post","link":"https:\/\/diariodominicano.com\/?p=122927","title":{"rendered":"Inversionistas aseguran la regi\u00f3n tur\u00edstica de Miches es el lugar ideal para desarrollar proyectos sostenibles"},"content":{"rendered":"<p><body><\/p>\n<p align=\"justify\" class=\"titulogrande1\">Inversionistas aseguran la regi\u00f3n tur\u00edstica de Miches es el lugar ideal  para desarrollar proyectos sostenibles<\/p>\n<p>&#13;<\/p>\n<p align=\"justify\" class=\"text1noticias\"><strong>Grupo de empresarios  norteamericanos asegura en RD no existe un lugar tan hermoso y de tanta gente  hospitalaria<\/strong><\/p>\n<p>&#13;<\/p>\n<p align=\"justify\" class=\"text1noticias\"><strong>\u00a0<\/strong><br \/>&#13;<br \/>\n<strong><img loading=\"lazy\" decoding=\"async\" src=\"http:\/\/localhost:8080\/economia\/pictures\/inversionistas miche.jpg\" width=\"269\" height=\"538\" hspace=\"4\" align=\"left\" \/>MICHES.-<\/strong>Inversionistas estadounidenses \u00a0que visitaron esta regi\u00f3n tur\u00edstica quedaron  impresionados, fascinados, ante la deslumbrante belleza de los recursos  naturales existentes y la hospitalidad de los lugare\u00f1os, y aseguraron que es el  lugar ideal para desarrollar proyectos de sostenibilidad ambiental que  contribuyan a mejorar los ingresos econ\u00f3micos de miles de familias y la calidad  de vida de sus habitantes.<\/p>\n<p>&#13;<\/p>\n<p align=\"justify\" class=\"text1noticias\">\u201cEl verdadero  tesoro de Miches son sus playas, r\u00edos, monta\u00f1as, las lagunas Redonda y Lim\u00f3n y  todos los recursos naturales que posee. Es una verdadera riqueza natural la que  existe aqu\u00ed\u201d, coment\u00f3 el doctor\u00a0 Don  Melnick, quien es Director del Centro de Medio Ambiente, Econom\u00eda y Sociedad de la Universidad de  Columbia, en Nueva York. <\/p>\n<p>&#13;<\/p>\n<p align=\"justify\" class=\"text1noticias\">El catedr\u00e1tico universitario hizo el  comentario en la cima de Monta\u00f1a Redonda, a m\u00e1s de mil pies de altura, mientras  observaba la Bah\u00eda  de Saman\u00e1, las lagunas Redonda y Lim\u00f3n, distante a siete kil\u00f3metros, y la zona  costera, adornada de hermosas playas de arena blanca, bordeada de  cocoteros.\u00a0 <\/p>\n<p>&#13;<\/p>\n<p align=\"justify\" class=\"text1noticias\">\u201cNo conozco otro lugar igual a Miches en la Rep\u00fablica Dominicana\u201d,  agreg\u00f3 el se\u00f1or Robert Roskind, Presidente del Grupo Crescent Hotels,  franquicia que incluye los Hoteles Sheraton, Marriott, Hilton, Intercontinental,  Crowne Plaza, Double Tree y Embassy Suites. \u201cEsto es realmente maravilloso\u201d,  dijo el inversionista, dirigi\u00e9ndose a su colega el Daniel Krupp, de la Fundaci\u00f3n Krupp  Family. \u201cRealmente es un lugar hermoso, muy hermoso\u201d.<br \/>&#13;<br \/>\n  \u00a0<\/p>\n<p>&#13;<\/p>\n<p align=\"justify\" class=\"text1noticias\">Ambos inversionistas viajaron con Melnick a la Rep\u00fablica Dominicana  invitados por John R. Gagain\u00a0 director  ejecutivo de la   Comisi\u00f3n Presidencial para los Objetivos del Milenio y el  Desarrollo Sostenible (COPDES). <\/p>\n<p>&#13;<\/p>\n<p align=\"justify\" class=\"text1noticias\">Antes de recorrer parte del Municipio de  Miches se detuvieron en El Seibo, donde Gagain le brind\u00f3 mab\u00ed seibano. La  comitiva se reuni\u00f3 con el s\u00edndico de la comunidad, C\u00e9sar Hern\u00e1ndez, con quien  intercambiaron obsequios. Tambi\u00e9n recorrieron varias calles del poblado y  visitaron un barrio de pescadores, donde conversaron con familias pobres que  habitan cerca de la orilla del mar.<\/p>\n<p>&#13;<\/p>\n<p align=\"justify\" class=\"text1noticias\">\u201cEl se\u00f1or Roskind representa a un grupo de  empresarios del sector privado muy grande que se enfoca principalmente en el  desarrollo tur\u00edstico, de \u00e1reas de construcci\u00f3n de desarrollo de hoteles\u201d,  precis\u00f3 Melnick. La se\u00f1ora Vivian Sundset, Directora Adjunta de la COPDES, sirvi\u00f3 de  traductora en la entrevista.<br \/>&#13;<br \/>\n  \u00a0<br \/>&#13;<br \/>\n  El grupo se reuni\u00f3 previamente con el  Presidente Leonel Fern\u00e1ndez y varios funcionarios del Gobierno,\u00a0 los secretarios de Turismo y Medio Ambiente,  F\u00e9lix Jim\u00e9nez y Max Puig, respectivamente. El mandatario acogi\u00f3 con agrado la  idea de construir en Miches un instituto que tendr\u00e1 la finalidad de  institucionalizar la asesor\u00eda cient\u00edfica y t\u00e9cnica, en alianza con la Universidad de  Columbia a trav\u00e9s de la iniciativa denominada \u201cCrecimiento Econ\u00f3mico  Ambientalmente Sostenible\u201d, la cual incluye la utilizaci\u00f3n del Municipio de  Miches como un modelo de desarrollo sostenible.<\/p>\n<p>&#13;<\/p>\n<p align=\"justify\" class=\"text1noticias\">Melnick, en una breve entrevista declar\u00f3 que  \u201cb\u00e1sicamente esta iniciativa tiene los siguientes aspectos: La riqueza natural,  la infraestructura\u00a0 y el capital humano.  La idea es unir estos tres puntos y trabajar juntos para que el impacto, o el  resultado final, sea una mejor\u00eda en la calidad de vida de todos, una calidad en  el medio ambiente, una mejora en la infraestructura, en las carreteras y en el  desarrollo del capital humano en la regi\u00f3n\u201d, subray\u00f3 Melnick.<\/p>\n<p>&#13;<\/p>\n<p align=\"justify\" class=\"text1noticias\">Seg\u00fan el profesor de la Universidad de  Columbia, un proyecto de esta naturaleza no funcionar\u00eda de ninguna forma si no  es liderado por las comunidades que conforman el Municipio de Miches. \u201cEs un  proyecto de Miches,\u00a0 para Miches y debe  ser manejado por la misma comunidad de Miches\u201d.<\/p>\n<p>&#13;<\/p>\n<p align=\"justify\" class=\"text1noticias\">Varias dependencias del Estado, privadas, as\u00ed  como universidades dominicanas y extranjeras est\u00e1n involucradas en el proyecto.  La idea es desarrollar esa iniciativa en Miches como modelo y llevarla a otras  localidades del pa\u00eds y otros pa\u00edses de la regi\u00f3n y el mundo.<\/p>\n<p>&#13;<\/p>\n<h6> 2007-08-01 11:09:30 <\/h6>\n<p><!--\n<link rel=\"stylesheet\" href=\"css\/bootstrap.min.css\">\n\n\n<ul class=\"pagination\">\n\t    \n\t\n\n<li >\n\t<a href='?page_no=28806'>Previous<\/a>\n\t<\/li>\n\n\n       \n    \n\n<li><a href='?page_no=1'>1<\/a><\/li>\n\n\n\n<li><a href='?page_no=2'>2<\/a><\/li>\n\n\n\n<li><a>...<\/a><\/li>\n\n\n\n<li><a href='?page_no=28805'>28805<\/a><\/li>\n\n\n\n<li><a href='?page_no=28806'>28806<\/a><\/li>\n\n\n\n<li class='active'><a>28807<\/a><\/li>\n\n\n\n<li><a href='?page_no=28808'>28808<\/a><\/li>\n\n\n\n<li><a href='?page_no=28809'>28809<\/a><\/li>\n\n\n\n<li><a>...<\/a><\/li>\n\n\n\n<li><a href='?page_no=30472'>30472<\/a><\/li>\n\n\n\n<li><a href='?page_no=30473'>30473<\/a><\/li>\n\n    \n\t\n\n<li >\n\t<a href='?page_no=28808'>Next<\/a>\n\t<\/li>\n\n\n    \n\n<li><a href='?page_no=30473'>Last &rsaquo;&rsaquo;<\/a><\/li>\n\n<\/ul>\n\n\n--><br \/>\n<\/body><\/p>\n","protected":false},"excerpt":{"rendered":"<p>Inversionistas aseguran la regi\u00f3n tur\u00edstica de Miches es el lugar ideal para desarrollar proyectos sostenibles &#13; Grupo de empresarios norteamericanos asegura en RD no existe un lugar tan hermoso y de tanta gente hospitalaria &#13; \u00a0&#13; MICHES.-Inversionistas estadounidenses \u00a0que visitaron esta regi\u00f3n tur\u00edstica quedaron impresionados, fascinados, ante la deslumbrante belleza de los recursos naturales existentes [&hellip;]<\/p>\n","protected":false},"author":3,"featured_media":0,"comment_status":"open","ping_status":"open","sticky":false,"template":"","format":"standard","meta":{"footnotes":""},"categories":[18],"tags":[],"class_list":["post-122927","post","type-post","status-publish","format-standard","hentry","category-economia"],"_links":{"self":[{"href":"https:\/\/diariodominicano.com\/index.php?rest_route=\/wp\/v2\/posts\/122927","targetHints":{"allow":["GET"]}}],"collection":[{"href":"https:\/\/diariodominicano.com\/index.php?rest_route=\/wp\/v2\/posts"}],"about":[{"href":"https:\/\/diariodominicano.com\/index.php?rest_route=\/wp\/v2\/types\/post"}],"author":[{"embeddable":true,"href":"https:\/\/diariodominicano.com\/index.php?rest_route=\/wp\/v2\/users\/3"}],"replies":[{"embeddable":true,"href":"https:\/\/diariodominicano.com\/index.php?rest_route=%2Fwp%2Fv2%2Fcomments&post=122927"}],"version-history":[{"count":0,"href":"https:\/\/diariodominicano.com\/index.php?rest_route=\/wp\/v2\/posts\/122927\/revisions"}],"wp:attachment":[{"href":"https:\/\/diariodominicano.com\/index.php?rest_route=%2Fwp%2Fv2%2Fmedia&parent=122927"}],"wp:term":[{"taxonomy":"category","embeddable":true,"href":"https:\/\/diariodominicano.com\/index.php?rest_route=%2Fwp%2Fv2%2Fcategories&post=122927"},{"taxonomy":"post_tag","embeddable":true,"href":"https:\/\/diariodominicano.com\/index.php?rest_route=%2Fwp%2Fv2%2Ftags&post=122927"}],"curies":[{"name":"wp","href":"https:\/\/api.w.org\/{rel}","templated":true}]}}