{"id":122926,"date":"2007-08-01T11:14:46","date_gmt":"2007-08-01T11:14:46","guid":{"rendered":"http:\/\/diariodominicano.ddns.net\/?p=122926"},"modified":"2007-08-01T11:14:46","modified_gmt":"2007-08-01T11:14:46","slug":"temistocles-montas-afirma-rd-es-una-de-las-economias-mas-abiertas-en-la-region-y-uno-de-los-paises-con-menos-riesgos-para-los-inversionistas","status":"publish","type":"post","link":"https:\/\/diariodominicano.com\/?p=122926","title":{"rendered":"Temistocles Mont\u00e1s afirma RD es una de las econom\u00edas m\u00e1s abiertas en la regi\u00f3n y uno de los pa\u00edses con menos riesgos para los inversionistas"},"content":{"rendered":"<p><body><\/p>\n<p align=\"justify\" class=\"titulogrande1\">Temistocles Mont\u00e1s afirma RD  es una de las econom\u00edas m\u00e1s abiertas en la regi\u00f3n y uno de los pa\u00edses con menos  riesgos para los inversionistas<\/p>\n<p>&#13;<\/p>\n<p align=\"justify\" class=\"text1noticias\"><strong>Record\u00f3 que el crecimiento  econ\u00f3mico del pa\u00eds ha ido en aumento a partir de 2005 cuando registr\u00f3 9.7%, en  2006 creci\u00f3 10.7%, y en el primer trimestre de 2007 se ha registrado un aumento  del 9.1%. <\/strong><\/p>\n<p>&#13;<\/p>\n<p align=\"justify\" class=\"text1noticias\"><img loading=\"lazy\" decoding=\"async\" src=\"http:\/\/localhost:8080\/economia\/pictures\/temo23.jpg\" width=\"200\" height=\"222\" hspace=\"4\" align=\"left\" \/>CIUDAD MEXICO \u2013 El Secretario  de Econom\u00eda, Planificaci\u00f3n y Desarrollo, Juan Temistocles Mont\u00e1s,\u00a0 dijo ayer aqu\u00ed ante funcionarios p\u00fablicos y  empresarios mexicanos que Rep\u00fablica Dominicana es hoy una de las econom\u00edas mas  abiertas en toda la regi\u00f3n y uno de los pa\u00edses con menos riesgos para los  inversionistas.<\/p>\n<p>&#13;<\/p>\n<p align=\"justify\" class=\"text1noticias\">Mont\u00e1s dijo que un sostenido  proceso de reformas sociales, econ\u00f3micas y pol\u00edticas ha llevado a Rep\u00fablica  Dominicana a colocarse en Am\u00e9rica Latina como el pa\u00eds que, a excepci\u00f3n de los pa\u00edses  del Caribe ingl\u00e9s, tiene la econom\u00eda m\u00e1s exitosa de la regi\u00f3n, superando el  ingreso per capita de Cuba, Bolivia, y Jamaica. <\/p>\n<p>&#13;<\/p>\n<p align=\"justify\" class=\"text1noticias\">Record\u00f3 que estos tres pa\u00edses  ten\u00edan en 1950 ingresos muy superiores a los de Republica Dominicana.<\/p>\n<p>&#13;<\/p>\n<p align=\"justify\" class=\"text1noticias\">Sostuvo \u00a0que igualmente Rep\u00fablica Dominicana es el pa\u00eds  que m\u00e1s reformas estructurales ha implementado en los \u00faltimos a\u00f1os, se\u00f1alando  que los aranceles que se cobran son menores a los que se recaudan actualmente en  M\u00e9xico y otros pa\u00edses.<\/p>\n<p>&#13;<\/p>\n<p align=\"justify\" class=\"text1noticias\">Al respecto destac\u00f3, que los  ingresos de las aduanas apenas\u00a0  representan entre el 10 y el 12% de las recaudaciones del pa\u00eds, cuando  hace tan s\u00f3lo dos \u00a0a\u00f1os representaban el  35%.<\/p>\n<p>&#13;<\/p>\n<p align=\"justify\" class=\"text1noticias\">Dijo que la transformaci\u00f3n  tributaria ha convertido hoy en d\u00eda a Rep\u00fablica Dominicana\u00a0 en \u00a0una  de las econom\u00edas m\u00e1s abiertas de la regi\u00f3n, contribuyendo a crear un clima de  negocios favorable para la inversi\u00f3n nacional y extranjera.<\/p>\n<p>&#13;<\/p>\n<p align=\"justify\" class=\"text1noticias\">Mont\u00e1s habl\u00f3 en el marco de  un desayuno que ofreci\u00f3 el embajador dominicano aqu\u00ed, Pablo Mari\u00f1ez, a la delegaci\u00f3n  del pa\u00eds que asiste a un seminario sobre Cohesi\u00f3n Social auspiciado por la Secretar\u00eda Iberoamericana  que preside el uruguayo Enrique Iglesias.<\/p>\n<p>&#13;<\/p>\n<p align=\"justify\" class=\"text1noticias\">En el desayuno estuvieron  presentes funcionarios del gobierno mexicano, as\u00ed como varios empresarios  aztecas que han estado participando en el proceso de negociaciones que ambos pa\u00edses  llevan a cabo para la firma de un tratado de libre comercio bilateral.<\/p>\n<p>&#13;<\/p>\n<p align=\"justify\" class=\"text1noticias\">En su intervenci\u00f3n, se\u00f1al\u00f3  que en los \u00faltimos 3 a\u00f1os el pa\u00eds ha crecido de manera extraordinaria, debido  sobre todo a que se ha revolucionado el manejo de la econom\u00eda y\u00a0 como ejemplo mencion\u00f3 la nueva Ley de  Presupuestos, la reorganizaci\u00f3n que el Poder Ejecutivo hizo de las cuestiones  monetarias y fiscales, la creaci\u00f3n de la nueva Secretar\u00eda  de Hacienda, las leyes orientadas a regular las compras gubernamentales y la  licitaci\u00f3n para la asignaci\u00f3n de obras.<\/p>\n<p>&#13;<\/p>\n<p align=\"justify\" class=\"text1noticias\">Reconoci\u00f3 que todas estas  medidas se realizaron en el marco del CAFTA-RD, pues no hab\u00eda manera de aplicar  este tratado sin que mediara un proceso de reformas.<\/p>\n<p>&#13;<\/p>\n<p align=\"justify\" class=\"text1noticias\">Record\u00f3 que el crecimiento  econ\u00f3mico del pa\u00eds ha ido en aumento a partir de 2005 cuando registr\u00f3 9.7%, en  2006 creci\u00f3 10.7%, y en el primer trimestre de 2007 se ha registrado un aumento  del 9.1%. <\/p>\n<p>&#13;<\/p>\n<p align=\"justify\" class=\"text1noticias\">Esto ha permitido, seg\u00fan  Mont\u00e1s, que se recupere la confianza de los empresarios, despu\u00e9s de la crisis  econ\u00f3mica en que el actual gobierno encontr\u00f3 al pa\u00eds en 2004. Incluso se\u00f1al\u00f3  que la recuperaci\u00f3n de la econom\u00eda en s\u00f3lo un a\u00f1o caus\u00f3 tal sorpresa en Estados  Unidos que en una reuni\u00f3n que sostuvo con funcionarios estadounidenses \u00e9stos  ofrecieron el apoyo de su pa\u00eds y del Fondo Monetario Internacional para ayudar \u00a0con la reestructuraci\u00f3n econ\u00f3mica que le  permitiera abatir la crisis.<\/p>\n<p>&#13;<\/p>\n<p align=\"justify\" class=\"text1noticias\">Esa crisis, dijo Montas, \u00a0lleg\u00f3 a tal nivel que para 2004 Rep\u00fablica  Dominicana era el lugar m\u00e1s riesgoso, s\u00f3lo despu\u00e9s de Argentina, para hacer  negocios. Hoy es uno de los pa\u00edses con menos riesgo para los inversionistas.<\/p>\n<p>&#13;<\/p>\n<p align=\"justify\" class=\"text1noticias\">Aclar\u00f3, de otro lado, \u00a0que el tratado de libre comercio con Estados  Unidos y Centroam\u00e9rica no representa por si s\u00f3lo la panacea a la soluci\u00f3n de  los problemas de su pa\u00eds y que \u00a0tan s\u00f3lo es  parte de una estrategia mayor dise\u00f1ada por la administraci\u00f3n\u00a0 del Presidente Leonel Fern\u00e1ndez.<\/p>\n<p>&#13;<\/p>\n<p align=\"justify\" class=\"text1noticias\">Dijo que en t\u00e9rminos de  exportaciones, el DR-CAFTA no agrega nada nuevo pues los productos dominicanos  ya ten\u00edan acceso preferencial al mercado de los Estados Unidos previo a su  entrada en vigencia.<\/p>\n<p>&#13;<\/p>\n<p align=\"justify\" class=\"text1noticias\">No obstante, admiti\u00f3 que este  tratado s\u00ed puede generar un proceso de inversiones que permita relanzar las  exportaciones dominicanas al mercado estadounidense.<\/p>\n<p>&#13;<\/p>\n<p align=\"justify\" class=\"text1noticias\">Espec\u00edficamente, Mont\u00e1s dijo  que el\u00a0 DR-CAFTA puede abrir las puertas  del pa\u00eds a nuevas inversiones en el sector textil que permitan disminuir los  da\u00f1os ocasionados a esta industria por la apertura del mercado estadounidense a  los productos asi\u00e1ticos.<\/p>\n<p>&#13;<\/p>\n<h6> 2007-08-01 11:14:46 <\/h6>\n<p><!--\n<link rel=\"stylesheet\" href=\"css\/bootstrap.min.css\">\n\n\n<ul class=\"pagination\">\n\t    \n\t\n\n<li >\n\t<a href='?page_no=28805'>Previous<\/a>\n\t<\/li>\n\n\n       \n    \n\n<li><a href='?page_no=1'>1<\/a><\/li>\n\n\n\n<li><a href='?page_no=2'>2<\/a><\/li>\n\n\n\n<li><a>...<\/a><\/li>\n\n\n\n<li><a href='?page_no=28804'>28804<\/a><\/li>\n\n\n\n<li><a href='?page_no=28805'>28805<\/a><\/li>\n\n\n\n<li class='active'><a>28806<\/a><\/li>\n\n\n\n<li><a href='?page_no=28807'>28807<\/a><\/li>\n\n\n\n<li><a href='?page_no=28808'>28808<\/a><\/li>\n\n\n\n<li><a>...<\/a><\/li>\n\n\n\n<li><a href='?page_no=30472'>30472<\/a><\/li>\n\n\n\n<li><a href='?page_no=30473'>30473<\/a><\/li>\n\n    \n\t\n\n<li >\n\t<a href='?page_no=28807'>Next<\/a>\n\t<\/li>\n\n\n    \n\n<li><a href='?page_no=30473'>Last &rsaquo;&rsaquo;<\/a><\/li>\n\n<\/ul>\n\n\n--><br \/>\n<\/body><\/p>\n","protected":false},"excerpt":{"rendered":"<p>Temistocles Mont\u00e1s afirma RD es una de las econom\u00edas m\u00e1s abiertas en la regi\u00f3n y uno de los pa\u00edses con menos riesgos para los inversionistas &#13; Record\u00f3 que el crecimiento econ\u00f3mico del pa\u00eds ha ido en aumento a partir de 2005 cuando registr\u00f3 9.7%, en 2006 creci\u00f3 10.7%, y en el primer trimestre de 2007 [&hellip;]<\/p>\n","protected":false},"author":3,"featured_media":0,"comment_status":"open","ping_status":"open","sticky":false,"template":"","format":"standard","meta":{"footnotes":""},"categories":[18],"tags":[],"class_list":["post-122926","post","type-post","status-publish","format-standard","hentry","category-economia"],"_links":{"self":[{"href":"https:\/\/diariodominicano.com\/index.php?rest_route=\/wp\/v2\/posts\/122926","targetHints":{"allow":["GET"]}}],"collection":[{"href":"https:\/\/diariodominicano.com\/index.php?rest_route=\/wp\/v2\/posts"}],"about":[{"href":"https:\/\/diariodominicano.com\/index.php?rest_route=\/wp\/v2\/types\/post"}],"author":[{"embeddable":true,"href":"https:\/\/diariodominicano.com\/index.php?rest_route=\/wp\/v2\/users\/3"}],"replies":[{"embeddable":true,"href":"https:\/\/diariodominicano.com\/index.php?rest_route=%2Fwp%2Fv2%2Fcomments&post=122926"}],"version-history":[{"count":0,"href":"https:\/\/diariodominicano.com\/index.php?rest_route=\/wp\/v2\/posts\/122926\/revisions"}],"wp:attachment":[{"href":"https:\/\/diariodominicano.com\/index.php?rest_route=%2Fwp%2Fv2%2Fmedia&parent=122926"}],"wp:term":[{"taxonomy":"category","embeddable":true,"href":"https:\/\/diariodominicano.com\/index.php?rest_route=%2Fwp%2Fv2%2Fcategories&post=122926"},{"taxonomy":"post_tag","embeddable":true,"href":"https:\/\/diariodominicano.com\/index.php?rest_route=%2Fwp%2Fv2%2Ftags&post=122926"}],"curies":[{"name":"wp","href":"https:\/\/api.w.org\/{rel}","templated":true}]}}