{"id":122924,"date":"2007-08-02T02:28:39","date_gmt":"2007-08-02T02:28:39","guid":{"rendered":"http:\/\/diariodominicano.ddns.net\/?p=122924"},"modified":"2007-08-02T02:28:39","modified_gmt":"2007-08-02T02:28:39","slug":"analizan-situacion-del-sector-publicitario","status":"publish","type":"post","link":"https:\/\/diariodominicano.com\/?p=122924","title":{"rendered":"Analizan  situaci\u00f3n  del sector publicitario"},"content":{"rendered":"<p><body><\/p>\n<p align=\"justify\" class=\"text1noticias\"><span class=\"titulogrande1\">Analizan  \u00a0situaci\u00f3n\u00a0 del sector publicitario<\/span><br \/>&#13;\n<\/p>\n<p>&#13;<\/p>\n<p align=\"justify\" class=\"text1noticias\"><img loading=\"lazy\" decoding=\"async\" src=\"http:\/\/localhost:8080\/economia\/pictures\/freddy beras.jpg\" width=\"269\" height=\"180\" hspace=\"4\" align=\"left\" \/>Santo Domingo.- La Liga Dominicana de Agencias Publicitarias  (LIDAP) invit\u00f3 a los miembros de la Asociaci\u00f3n Dominicana  de Empresas Productoras de Televisi\u00f3n (ADEMPROTEL), a un desayuno con el objetivo de establecer  la agenda a seguir de cara a la suscripci\u00f3n de importantes acuerdos.<\/p>\n<p>&#13;<\/p>\n<p align=\"justify\" class=\"text1noticias\">Al encuentro se dieron cita  en representaci\u00f3n de (ADEMPROTEL) Freddy Beras Goico, Tania Baez, Milagros  Germ\u00e1n, Jatnna Tavarez, Giancarlo Beras, Jochy Santos, Fernando Hasb\u00fan y Roberto  Angel Salcedo.<\/p>\n<p>&#13;<\/p>\n<p align=\"justify\" class=\"text1noticias\">Por la (LIDAP) estuvo  presente su presidente el Sr. Jorge Pantano, Nonora de Mart\u00ednez, Sergio Forcadel,  Felipe Pag\u00e9s, Claudio Hir\u00fajo, Milagros de Ortega, Johny Matos, Samuel Suero,  Reynaldo Logro\u00f1o y Juan Mansfield.<\/p>\n<p>&#13;<\/p>\n<p align=\"justify\" class=\"text1noticias\">Las palabras de bienvenida  estuvieron a cargo del anfitri\u00f3n Jorge Pantano, presidente de LIDAP, quien  expres\u00f3 que el esp\u00edritu del encuentro era establecer un contacto que permita el  desarrollo de proyectos conjuntos en beneficio de ambos sectores.<\/p>\n<p>&#13;<\/p>\n<p align=\"justify\" class=\"text1noticias\">En ese sentido el presidente  de (ADEMPROTEL) Freddy Beras, reconoci\u00f3 la importancia de la reuni\u00f3n en el  entendido de que \u00abson dos sectores que van de la mano y deben trazar  estrategias en conjunto que los beneficie a ambos.<\/p>\n<p>&#13;<\/p>\n<p align=\"justify\" class=\"text1noticias\">Cit\u00f3 el caso de Panam\u00e1 donde  el gremio que agrupa a los productores de televisi\u00f3n ha incluido tambi\u00e9n a  otros sectores, \u00aby la experiencia que all\u00ed se ha vivido ha sido fabulosa y  nosotros debemos aprender de ellos\u00bb.<\/p>\n<p>&#13;<\/p>\n<p align=\"justify\" class=\"text1noticias\">Dijo \u00a0tambi\u00e9n que la intenci\u00f3n del organismo no es  atacar a las agencias publicitarias, como se quiso insinuar en su momento para  impedir que encuentros como este se materializaran, sino crear una agenda que salvaguarde  el inter\u00e9s com\u00fan.<\/p>\n<p>&#13;<\/p>\n<p align=\"justify\" class=\"text1noticias\">De paso agreg\u00f3 que no est\u00e1 en  la agenda de ADEMPROTEL presionar para que salgan del aire los programas enlatados  del exterior, como se dijo, \u00abpues ser\u00eda contraproducente  que nosotros, que transmitimos los nuestros fuera estemos tratando de sacar del  pa\u00eds los contenidos for\u00e1neos\u00bb.<\/p>\n<p>&#13;<\/p>\n<p align=\"justify\" class=\"text1noticias\">Por su parte Tania Baez,  salud\u00f3 la iniciativa y reconoci\u00f3 que es imprescindible una alianza entre los  dos organismos ya que es la mejor v\u00eda de garantizar la permanencia en el tiempo  de ambos sectores y hacer m\u00e1s viable la rectificaci\u00f3n  fiscal que tanto ha golpeado a ambos lados.<\/p>\n<p>&#13;<\/p>\n<p align=\"justify\" class=\"text1noticias\">Los directivos de ADEMPROTEL,  definieron el encuentro como muy productivo y el primero de muchos donde se  unir\u00e1n fuerzas para la consecusi\u00f3n de metas en Com\u00fan.<\/p>\n<p>&#13;<\/p>\n<p align=\"justify\" class=\"text1noticias\">Nonora Mart\u00ednez, invit\u00f3 a la LIDAP y a ADEMPROTEL a  unirse en un mismo discurso bajo la creaci\u00f3n de un c\u00f3digo de \u00e9tica que regule a  los sectores y salvaguarde sus relaciones, como forma de enfrentar juntos los desaf\u00edos  que les depara el futuro.<\/p>\n<p>&#13;<\/p>\n<h6> 2007-08-02 02:28:39 <\/h6>\n<p><!--\n<link rel=\"stylesheet\" href=\"css\/bootstrap.min.css\">\n\n\n<ul class=\"pagination\">\n\t    \n\t\n\n<li >\n\t<a href='?page_no=28803'>Previous<\/a>\n\t<\/li>\n\n\n       \n    \n\n<li><a href='?page_no=1'>1<\/a><\/li>\n\n\n\n<li><a href='?page_no=2'>2<\/a><\/li>\n\n\n\n<li><a>...<\/a><\/li>\n\n\n\n<li><a href='?page_no=28802'>28802<\/a><\/li>\n\n\n\n<li><a href='?page_no=28803'>28803<\/a><\/li>\n\n\n\n<li class='active'><a>28804<\/a><\/li>\n\n\n\n<li><a href='?page_no=28805'>28805<\/a><\/li>\n\n\n\n<li><a href='?page_no=28806'>28806<\/a><\/li>\n\n\n\n<li><a>...<\/a><\/li>\n\n\n\n<li><a href='?page_no=30472'>30472<\/a><\/li>\n\n\n\n<li><a href='?page_no=30473'>30473<\/a><\/li>\n\n    \n\t\n\n<li >\n\t<a href='?page_no=28805'>Next<\/a>\n\t<\/li>\n\n\n    \n\n<li><a href='?page_no=30473'>Last &rsaquo;&rsaquo;<\/a><\/li>\n\n<\/ul>\n\n\n--><br \/>\n<\/body><\/p>\n","protected":false},"excerpt":{"rendered":"<p>Analizan \u00a0situaci\u00f3n\u00a0 del sector publicitario&#13; &#13; Santo Domingo.- La Liga Dominicana de Agencias Publicitarias (LIDAP) invit\u00f3 a los miembros de la Asociaci\u00f3n Dominicana de Empresas Productoras de Televisi\u00f3n (ADEMPROTEL), a un desayuno con el objetivo de establecer la agenda a seguir de cara a la suscripci\u00f3n de importantes acuerdos. &#13; Al encuentro se dieron cita [&hellip;]<\/p>\n","protected":false},"author":3,"featured_media":0,"comment_status":"open","ping_status":"open","sticky":false,"template":"","format":"standard","meta":{"footnotes":""},"categories":[18],"tags":[],"class_list":["post-122924","post","type-post","status-publish","format-standard","hentry","category-economia"],"_links":{"self":[{"href":"https:\/\/diariodominicano.com\/index.php?rest_route=\/wp\/v2\/posts\/122924","targetHints":{"allow":["GET"]}}],"collection":[{"href":"https:\/\/diariodominicano.com\/index.php?rest_route=\/wp\/v2\/posts"}],"about":[{"href":"https:\/\/diariodominicano.com\/index.php?rest_route=\/wp\/v2\/types\/post"}],"author":[{"embeddable":true,"href":"https:\/\/diariodominicano.com\/index.php?rest_route=\/wp\/v2\/users\/3"}],"replies":[{"embeddable":true,"href":"https:\/\/diariodominicano.com\/index.php?rest_route=%2Fwp%2Fv2%2Fcomments&post=122924"}],"version-history":[{"count":0,"href":"https:\/\/diariodominicano.com\/index.php?rest_route=\/wp\/v2\/posts\/122924\/revisions"}],"wp:attachment":[{"href":"https:\/\/diariodominicano.com\/index.php?rest_route=%2Fwp%2Fv2%2Fmedia&parent=122924"}],"wp:term":[{"taxonomy":"category","embeddable":true,"href":"https:\/\/diariodominicano.com\/index.php?rest_route=%2Fwp%2Fv2%2Fcategories&post=122924"},{"taxonomy":"post_tag","embeddable":true,"href":"https:\/\/diariodominicano.com\/index.php?rest_route=%2Fwp%2Fv2%2Ftags&post=122924"}],"curies":[{"name":"wp","href":"https:\/\/api.w.org\/{rel}","templated":true}]}}