{"id":122920,"date":"2007-08-02T17:27:18","date_gmt":"2007-08-02T17:27:18","guid":{"rendered":"http:\/\/diariodominicano.ddns.net\/?p=122920"},"modified":"2007-08-02T17:27:18","modified_gmt":"2007-08-02T17:27:18","slug":"un-nuevo-modelo-economico-hacia-la-igualdad","status":"publish","type":"post","link":"https:\/\/diariodominicano.com\/?p=122920","title":{"rendered":"Un nuevo modelo econ\u00f3mico: hacia la igualdad"},"content":{"rendered":"<p><body><\/p>\n<p class=\"titulogrande1\">Un nuevo modelo econ\u00f3mico:\u00a0  hacia la igualdad<\/p>\n<p>&#13;<\/p>\n<p align=\"justify\" class=\"text1noticias\">\u00abUn nuevo modelo Econ\u00f3mico: Experiencias y Desaf\u00edos  hacia la Igualdad\u00bb es el tema del seminario internacional convocado por la Red Latinoamericana de Mujeres Transformando la Econom\u00eda (REMTE), a realizarse en Quito, Ecuador, el 2 y 3 de agosto de 2007, en  el paraninfo de la Universidad Andina  Sim\u00f3n Bol\u00edvar.<\/p>\n<p>&#13;<\/p>\n<p align=\"justify\" class=\"text1noticias\">Seg\u00fan la convocatoria al seminario, luego de m\u00e1s de dos  d\u00e9cadas de hegemon\u00eda neoliberal, y de toda una historia de injusticias  econ\u00f3micas, sociales, y culturales, la realidad actual plantea el reto  te\u00f3rico, pol\u00edtico y pr\u00e1ctico de una transformaci\u00f3n econ\u00f3mica y social  basada en la igualdad y las diversidades.<\/p>\n<p>&#13;<\/p>\n<p align=\"justify\" class=\"text1noticias\">Para Magdalena Le\u00f3n de REMTE &#8211; Ecuador, este seminario es la  oportunidad para compartir con el pa\u00eds y la regi\u00f3n, los nuevos debates  sobre una econom\u00eda distinta, solidaria -no ego\u00edsta, sustentable-, no  destructiva. <br \/>&#13;<br \/>\n  <br \/>&#13;<br \/>\n  Ella resalta lo importante que es tener a economistas  te\u00f3ricas de Europa y Am\u00e9rica Latina que ayuden a poner en perspectiva los temas  que se relacionan con la econom\u00eda feminista. Esta oportunidad  permitir\u00e1 pensar en un nuevo modelo para la regi\u00f3n y Europa, y contribuir\u00e1 a  reflexionar y construir una agenda nacional y regional conectada con la  realidad mundial. Desde esta perspectiva, el seminario se realiza en  un momento coyuntural importante para el avance de estas propuestas.<\/p>\n<p>&#13;<\/p>\n<p align=\"justify\" class=\"text1noticias\">El seminario tiene como objetivo difundir aportes te\u00f3ricos  para otra econom\u00eda, desde un enfoque ampliado de la macroeconom\u00eda y de  la sostenibilidad de la vida humana. Tambi\u00e9n se propone debatir  sobre los procesos de resistencia y de cambio en la regi\u00f3n, de cara a  la formulaci\u00f3n de alternativas al modelo; y analizar  cr\u00edticamente experiencias y visiones sobre pol\u00edticas de igualdad,  considerando sus dimensiones econ\u00f3micas.<\/p>\n<p>&#13;<\/p>\n<p align=\"justify\" class=\"text1noticias\">El programa a realizarse incluye el tratamiento de temas  como: las visiones de cambio desde la econom\u00eda feminista; las mujeres  en las resistencias al neoliberalismo; \u00bfHacia el Socialismo del  Siglo XXI? los procesos de cambio en Am\u00e9rica Latina; dimensiones econ\u00f3micas  de las pol\u00edticas de igualdad; y la igualdad en el proceso de cambio  en Ecuador.<\/p>\n<p>&#13;<\/p>\n<p align=\"justify\" class=\"text1noticias\">Las ponentes incluyen, entre otras, Antonella Picchio, de la Universidad de M\u00f3dena (Italia); Isabel Mart\u00ednez, de la Vicepresidencia  del Gobierno (Espa\u00f1a);Francine Messtrum de la Universidad de  Bruselas, B\u00e9lgica y Mar\u00eda Paula Romo (CONESUP, Ecuador). Tambi\u00e9n intervendr\u00e1n  integrantes de la REMTE  de diversos pa\u00edses, como Miriam Nobre (Brasil), Rosa Guill\u00e9n (Per\u00fa), Mar\u00eda Argelia Butr\u00f3n (M\u00e9xico), entre otras.<\/p>\n<p>&#13;<\/p>\n<p align=\"justify\" class=\"text1noticias\">Minga Informativa<\/p>\n<p>&#13;<\/p>\n<h6> 2007-08-02 17:27:18 <\/h6>\n<p><!--\n<link rel=\"stylesheet\" href=\"css\/bootstrap.min.css\">\n\n\n<ul class=\"pagination\">\n\t    \n\t\n\n<li >\n\t<a href='?page_no=28799'>Previous<\/a>\n\t<\/li>\n\n\n       \n    \n\n<li><a href='?page_no=1'>1<\/a><\/li>\n\n\n\n<li><a href='?page_no=2'>2<\/a><\/li>\n\n\n\n<li><a>...<\/a><\/li>\n\n\n\n<li><a href='?page_no=28798'>28798<\/a><\/li>\n\n\n\n<li><a href='?page_no=28799'>28799<\/a><\/li>\n\n\n\n<li class='active'><a>28800<\/a><\/li>\n\n\n\n<li><a href='?page_no=28801'>28801<\/a><\/li>\n\n\n\n<li><a href='?page_no=28802'>28802<\/a><\/li>\n\n\n\n<li><a>...<\/a><\/li>\n\n\n\n<li><a href='?page_no=30472'>30472<\/a><\/li>\n\n\n\n<li><a href='?page_no=30473'>30473<\/a><\/li>\n\n    \n\t\n\n<li >\n\t<a href='?page_no=28801'>Next<\/a>\n\t<\/li>\n\n\n    \n\n<li><a href='?page_no=30473'>Last &rsaquo;&rsaquo;<\/a><\/li>\n\n<\/ul>\n\n\n--><br \/>\n<\/body><\/p>\n","protected":false},"excerpt":{"rendered":"<p>Un nuevo modelo econ\u00f3mico:\u00a0 hacia la igualdad &#13; \u00abUn nuevo modelo Econ\u00f3mico: Experiencias y Desaf\u00edos hacia la Igualdad\u00bb es el tema del seminario internacional convocado por la Red Latinoamericana de Mujeres Transformando la Econom\u00eda (REMTE), a realizarse en Quito, Ecuador, el 2 y 3 de agosto de 2007, en el paraninfo de la Universidad Andina [&hellip;]<\/p>\n","protected":false},"author":3,"featured_media":0,"comment_status":"open","ping_status":"open","sticky":false,"template":"","format":"standard","meta":{"footnotes":""},"categories":[18],"tags":[],"class_list":["post-122920","post","type-post","status-publish","format-standard","hentry","category-economia"],"_links":{"self":[{"href":"https:\/\/diariodominicano.com\/index.php?rest_route=\/wp\/v2\/posts\/122920","targetHints":{"allow":["GET"]}}],"collection":[{"href":"https:\/\/diariodominicano.com\/index.php?rest_route=\/wp\/v2\/posts"}],"about":[{"href":"https:\/\/diariodominicano.com\/index.php?rest_route=\/wp\/v2\/types\/post"}],"author":[{"embeddable":true,"href":"https:\/\/diariodominicano.com\/index.php?rest_route=\/wp\/v2\/users\/3"}],"replies":[{"embeddable":true,"href":"https:\/\/diariodominicano.com\/index.php?rest_route=%2Fwp%2Fv2%2Fcomments&post=122920"}],"version-history":[{"count":0,"href":"https:\/\/diariodominicano.com\/index.php?rest_route=\/wp\/v2\/posts\/122920\/revisions"}],"wp:attachment":[{"href":"https:\/\/diariodominicano.com\/index.php?rest_route=%2Fwp%2Fv2%2Fmedia&parent=122920"}],"wp:term":[{"taxonomy":"category","embeddable":true,"href":"https:\/\/diariodominicano.com\/index.php?rest_route=%2Fwp%2Fv2%2Fcategories&post=122920"},{"taxonomy":"post_tag","embeddable":true,"href":"https:\/\/diariodominicano.com\/index.php?rest_route=%2Fwp%2Fv2%2Ftags&post=122920"}],"curies":[{"name":"wp","href":"https:\/\/api.w.org\/{rel}","templated":true}]}}