{"id":122919,"date":"2007-08-03T11:21:04","date_gmt":"2007-08-03T11:21:04","guid":{"rendered":"http:\/\/diariodominicano.ddns.net\/?p=122919"},"modified":"2007-08-03T11:21:04","modified_gmt":"2007-08-03T11:21:04","slug":"sindico-favorece-politica-de-pleno-empleos","status":"publish","type":"post","link":"https:\/\/diariodominicano.com\/?p=122919","title":{"rendered":"S\u00edndico favorece  pol\u00edtica de pleno  empleos"},"content":{"rendered":"<p><body><\/p>\n<p align=\"justify\" class=\"titulogrande1\">S\u00edndico  favorece\u00a0 pol\u00edtica de pleno\u00a0 empleos<\/p>\n<p>&#13;<\/p>\n<p align=\"justify\" class=\"text1noticias\">Santo Domingo.-El s\u00edndico de  Santo Domingo Oeste dijo que la pol\u00edtica de pleno empleo,\u00a0 es una forma de encaminar al pa\u00eds por el  desarrollo, invirtiendo en ese rengl\u00f3n los recursos\u00a0 obtenidos.<br \/>&#13;<br \/>\n  \u00a0<br \/>&#13;<br \/>\n  Francisco Pe\u00f1a sostuvo \u00a0que hay un error en la creencia de muchos  dominicanos de que\u00a0 el Desarrollo se  obtiene a partir de la   Educaci\u00f3n, sin tomar en cuenta el valor de la alimentaci\u00f3n y  la necesidad de producir, para esos fines.\u00a0 <\/p>\n<p>&#13;<\/p>\n<p align=\"justify\" class=\"text1noticias\">Entiende que las autoridades  deben general pol\u00edticas de empleos, a partir de la producci\u00f3n para disminuir  las diferencias que ahora existen en ese sentido.<\/p>\n<p>&#13;<\/p>\n<p align=\"justify\" class=\"text1noticias\">Defendi\u00f3 su gesti\u00f3n y culpa  al ingeniero encargado de la construcci\u00f3n de la plaza de Buhoneros del  kil\u00f3metro nueve de los retrasos en su terminaci\u00f3n.<\/p>\n<p>&#13;<\/p>\n<p align=\"justify\" class=\"text1noticias\">Por otro lado, el alcalde de  Santo Domingo Oeste, critic\u00f3 la falta de drenaje pluvial y sanitario en el  municipio y pidi\u00f3 la intervenci\u00f3n de las autorices de la CASD, para resolver el  problema del agua potable en el municipio.<\/p>\n<p>&#13;<\/p>\n<p align=\"justify\" class=\"text1noticias\">\u00a0Critic\u00f3 la nueva ley que rige a los  municipios, alegando que es discriminatoria contra los ayuntamientos de la  oposici\u00f3n&#8230;<\/p>\n<p>&#13;<\/p>\n<h6> 2007-08-03 11:21:04 <\/h6>\n<p><!--\n<link rel=\"stylesheet\" href=\"css\/bootstrap.min.css\">\n\n\n<ul class=\"pagination\">\n\t    \n\t\n\n<li >\n\t<a href='?page_no=28798'>Previous<\/a>\n\t<\/li>\n\n\n       \n    \n\n<li><a href='?page_no=1'>1<\/a><\/li>\n\n\n\n<li><a href='?page_no=2'>2<\/a><\/li>\n\n\n\n<li><a>...<\/a><\/li>\n\n\n\n<li><a href='?page_no=28797'>28797<\/a><\/li>\n\n\n\n<li><a href='?page_no=28798'>28798<\/a><\/li>\n\n\n\n<li class='active'><a>28799<\/a><\/li>\n\n\n\n<li><a href='?page_no=28800'>28800<\/a><\/li>\n\n\n\n<li><a href='?page_no=28801'>28801<\/a><\/li>\n\n\n\n<li><a>...<\/a><\/li>\n\n\n\n<li><a href='?page_no=30472'>30472<\/a><\/li>\n\n\n\n<li><a href='?page_no=30473'>30473<\/a><\/li>\n\n    \n\t\n\n<li >\n\t<a href='?page_no=28800'>Next<\/a>\n\t<\/li>\n\n\n    \n\n<li><a href='?page_no=30473'>Last &rsaquo;&rsaquo;<\/a><\/li>\n\n<\/ul>\n\n\n--><br \/>\n<\/body><\/p>\n","protected":false},"excerpt":{"rendered":"<p>S\u00edndico favorece\u00a0 pol\u00edtica de pleno\u00a0 empleos &#13; Santo Domingo.-El s\u00edndico de Santo Domingo Oeste dijo que la pol\u00edtica de pleno empleo,\u00a0 es una forma de encaminar al pa\u00eds por el desarrollo, invirtiendo en ese rengl\u00f3n los recursos\u00a0 obtenidos.&#13; \u00a0&#13; Francisco Pe\u00f1a sostuvo \u00a0que hay un error en la creencia de muchos dominicanos de que\u00a0 el [&hellip;]<\/p>\n","protected":false},"author":3,"featured_media":0,"comment_status":"open","ping_status":"open","sticky":false,"template":"","format":"standard","meta":{"footnotes":""},"categories":[18],"tags":[],"class_list":["post-122919","post","type-post","status-publish","format-standard","hentry","category-economia"],"_links":{"self":[{"href":"https:\/\/diariodominicano.com\/index.php?rest_route=\/wp\/v2\/posts\/122919","targetHints":{"allow":["GET"]}}],"collection":[{"href":"https:\/\/diariodominicano.com\/index.php?rest_route=\/wp\/v2\/posts"}],"about":[{"href":"https:\/\/diariodominicano.com\/index.php?rest_route=\/wp\/v2\/types\/post"}],"author":[{"embeddable":true,"href":"https:\/\/diariodominicano.com\/index.php?rest_route=\/wp\/v2\/users\/3"}],"replies":[{"embeddable":true,"href":"https:\/\/diariodominicano.com\/index.php?rest_route=%2Fwp%2Fv2%2Fcomments&post=122919"}],"version-history":[{"count":0,"href":"https:\/\/diariodominicano.com\/index.php?rest_route=\/wp\/v2\/posts\/122919\/revisions"}],"wp:attachment":[{"href":"https:\/\/diariodominicano.com\/index.php?rest_route=%2Fwp%2Fv2%2Fmedia&parent=122919"}],"wp:term":[{"taxonomy":"category","embeddable":true,"href":"https:\/\/diariodominicano.com\/index.php?rest_route=%2Fwp%2Fv2%2Fcategories&post=122919"},{"taxonomy":"post_tag","embeddable":true,"href":"https:\/\/diariodominicano.com\/index.php?rest_route=%2Fwp%2Fv2%2Ftags&post=122919"}],"curies":[{"name":"wp","href":"https:\/\/api.w.org\/{rel}","templated":true}]}}