{"id":122918,"date":"2007-08-03T14:29:52","date_gmt":"2007-08-03T14:29:52","guid":{"rendered":"http:\/\/diariodominicano.ddns.net\/?p=122918"},"modified":"2007-08-03T14:29:52","modified_gmt":"2007-08-03T14:29:52","slug":"once-expertos-participaran-en-congreso-nacional-sobre-medicamentos","status":"publish","type":"post","link":"https:\/\/diariodominicano.com\/?p=122918","title":{"rendered":"Once expertos participar\u00e1n en Congreso Nacional sobre Medicamentos"},"content":{"rendered":"<p><body><\/p>\n<p class=\"titulogrande1\">Once  expertos participar\u00e1n en Congreso Nacional sobre Medicamentos<\/p>\n<p>&#13;<\/p>\n<p align=\"justify\" class=\"text1noticias\"><strong>Santo Domingo.-<\/strong> Once expertos  nacionales y extranjeros participar\u00e1n en el IX Congreso Nacional sobre Medicamentos, que se  celebrar\u00e1 en el pa\u00eds los d\u00edas 6, 7 y 8 del pr\u00f3ximo mes de septiembre, donde se  debatir\u00e1n los principales temas de inter\u00e9s para los profesionales de la salud.<\/p>\n<p>&#13;<\/p>\n<p align=\"justify\" class=\"text1noticias\">Donato Pe\u00f1a Mirabal,  presidente del Comit\u00e9 Organizador del evento que auspicia la Asociaci\u00f3n de  Representantes, Agentes y Productores Farmac\u00e9uticos (ARAPF) afirm\u00f3 que esta  versi\u00f3n del congreso tendr\u00e1 como t\u00edtulo \u201cInnovaci\u00f3n, Log\u00edstica y Acreditaci\u00f3n\u201d,  convirti\u00e9ndose en una excelente oportunidad para que los profesionales del  sector puedan observar c\u00f3mo nuestro pa\u00eds ha ido avanzando en este campo  sofisticado de la ciencia.<\/p>\n<p>&#13;<\/p>\n<p align=\"justify\" class=\"text1noticias\">Pe\u00f1a Mirabal, quien adem\u00e1s es  Tesorero de ARAPF, dijo que alrededor del 80 por ciento de los expositores son  profesionales j\u00f3venes dominicanos que han alcanzado un gran nivel de preparaci\u00f3n.<\/p>\n<p>&#13;<\/p>\n<p align=\"justify\" class=\"text1noticias\">\u201cEl programa acad\u00e9mico es de primera calidad y contribuir\u00e1 de manera  significativa a la educaci\u00f3n continuada y actualizar los recursos humanos de  las empresas farmac\u00e9uticas de nuestro pa\u00eds\u201d, dijo.<br \/>&#13;<br \/>\n  <br \/>&#13;<br \/>\n  Expres\u00f3 que el congreso ser\u00e1  celebrado en el Gran Hotel Lina &amp; Casino y que las inscripciones est\u00e1n  abiertas en la sede de ARAPF, ubicada en el quinto piso de la Torre Empresarial AIRD, de la  avenida Sarasota n\u00famero 20 esquina Abraham Lincoln, mientras que la  preinscripci\u00f3n puede hacerse a trav\u00e9s del tel\u00e9fono (809) 381-0108.<\/p>\n<p>&#13;<\/p>\n<p align=\"justify\" class=\"text1noticias\">Dijo que la instituci\u00f3n no  tiene fines de lucro, por lo que mantuvo invariable el costo de participaci\u00f3n  de hace dos a\u00f1os y absorber\u00e1 el aumento de la inflaci\u00f3n acumulada en ese  per\u00edodo, para garantizar una mayor participaci\u00f3n de los t\u00e9cnicos y el personal  que labora en el sector.<\/p>\n<p>&#13;<\/p>\n<p align=\"justify\" class=\"text1noticias\">Entre los expositores que  intervendr\u00e1n en el Congreso Nacional sobre Medicamentos se encuentran el doctor  Jes\u00fas Gilberto Concepci\u00f3n, quien tratar\u00e1 sobre la \u201cImportancia de la Innovaci\u00f3n en el  Recurso Humano\u201d; H\u00e9ctor Salcedo, sobre \u201cConceptos Financieros Crown\u201d; \u00a0Francisco Lara, \u201cValidaci\u00f3n y Calificaci\u00f3n de  los Sistemas de Purificaci\u00f3n, Almacenamiento y Distribuci\u00f3n de Agua para uso Farmac\u00e9utico\u201d, y \u00a0Arturo P\u00e9rez, \u201cLa Inform\u00e1tica al  Servicio de la Visita   M\u00e9dica\u201d.<\/p>\n<p>&#13;<\/p>\n<p align=\"justify\" class=\"text1noticias\">Adem\u00e1s, \u00a0Mary Fern\u00e1ndez, tratar\u00e1 sobre \u201cProtecci\u00f3n de  los Datos de Prueba y el Registro Sanitario de los Medicamentos\u201d; \u00a0Jos\u00e9 Antonio Lomba, \u201cLog\u00edstica del Sector  Farmac\u00e9utico\u201d; \u00a0Jos\u00e9 F. Blanc, la  \u201cImportancia de la Cadena de Fr\u00edo en la Log\u00edstica\u201d; \u00a0Alejandro Moronta, \u201cWimportancia de la Calibraci\u00f3n y la Validaci\u00f3n de Equipos\u201d,  y \u00a0Jorge L. Jim\u00e9nez, \u201cAcreditaci\u00f3n de la Calidad\u201d.<br \/>&#13;<br \/>\n  <br \/>&#13;<br \/>\n  Tambi\u00e9n, \u00a0C\u00e9sar Pichardo expondr\u00e1 sobre la \u201cTrazabilidad  o Rastreabilidad de los Medicamentos\u201d, y Fernando Ferreira, tratar\u00e1 sobre \u201cLos  Medicamentos Ilegales en el Mercado Farmac\u00e9utico Dominicano\u201d<\/p>\n<p>&#13;<\/p>\n<h6> 2007-08-03 14:29:52 <\/h6>\n<p><!--\n<link rel=\"stylesheet\" href=\"css\/bootstrap.min.css\">\n\n\n<ul class=\"pagination\">\n\t    \n\t\n\n<li >\n\t<a href='?page_no=28797'>Previous<\/a>\n\t<\/li>\n\n\n       \n    \n\n<li><a href='?page_no=1'>1<\/a><\/li>\n\n\n\n<li><a href='?page_no=2'>2<\/a><\/li>\n\n\n\n<li><a>...<\/a><\/li>\n\n\n\n<li><a href='?page_no=28796'>28796<\/a><\/li>\n\n\n\n<li><a href='?page_no=28797'>28797<\/a><\/li>\n\n\n\n<li class='active'><a>28798<\/a><\/li>\n\n\n\n<li><a href='?page_no=28799'>28799<\/a><\/li>\n\n\n\n<li><a href='?page_no=28800'>28800<\/a><\/li>\n\n\n\n<li><a>...<\/a><\/li>\n\n\n\n<li><a href='?page_no=30472'>30472<\/a><\/li>\n\n\n\n<li><a href='?page_no=30473'>30473<\/a><\/li>\n\n    \n\t\n\n<li >\n\t<a href='?page_no=28799'>Next<\/a>\n\t<\/li>\n\n\n    \n\n<li><a href='?page_no=30473'>Last &rsaquo;&rsaquo;<\/a><\/li>\n\n<\/ul>\n\n\n--><br \/>\n<\/body><\/p>\n","protected":false},"excerpt":{"rendered":"<p>Once expertos participar\u00e1n en Congreso Nacional sobre Medicamentos &#13; Santo Domingo.- Once expertos nacionales y extranjeros participar\u00e1n en el IX Congreso Nacional sobre Medicamentos, que se celebrar\u00e1 en el pa\u00eds los d\u00edas 6, 7 y 8 del pr\u00f3ximo mes de septiembre, donde se debatir\u00e1n los principales temas de inter\u00e9s para los profesionales de la salud. [&hellip;]<\/p>\n","protected":false},"author":3,"featured_media":0,"comment_status":"open","ping_status":"open","sticky":false,"template":"","format":"standard","meta":{"footnotes":""},"categories":[18],"tags":[],"class_list":["post-122918","post","type-post","status-publish","format-standard","hentry","category-economia"],"_links":{"self":[{"href":"https:\/\/diariodominicano.com\/index.php?rest_route=\/wp\/v2\/posts\/122918","targetHints":{"allow":["GET"]}}],"collection":[{"href":"https:\/\/diariodominicano.com\/index.php?rest_route=\/wp\/v2\/posts"}],"about":[{"href":"https:\/\/diariodominicano.com\/index.php?rest_route=\/wp\/v2\/types\/post"}],"author":[{"embeddable":true,"href":"https:\/\/diariodominicano.com\/index.php?rest_route=\/wp\/v2\/users\/3"}],"replies":[{"embeddable":true,"href":"https:\/\/diariodominicano.com\/index.php?rest_route=%2Fwp%2Fv2%2Fcomments&post=122918"}],"version-history":[{"count":0,"href":"https:\/\/diariodominicano.com\/index.php?rest_route=\/wp\/v2\/posts\/122918\/revisions"}],"wp:attachment":[{"href":"https:\/\/diariodominicano.com\/index.php?rest_route=%2Fwp%2Fv2%2Fmedia&parent=122918"}],"wp:term":[{"taxonomy":"category","embeddable":true,"href":"https:\/\/diariodominicano.com\/index.php?rest_route=%2Fwp%2Fv2%2Fcategories&post=122918"},{"taxonomy":"post_tag","embeddable":true,"href":"https:\/\/diariodominicano.com\/index.php?rest_route=%2Fwp%2Fv2%2Ftags&post=122918"}],"curies":[{"name":"wp","href":"https:\/\/api.w.org\/{rel}","templated":true}]}}