{"id":122915,"date":"2007-08-04T15:27:05","date_gmt":"2007-08-04T15:27:05","guid":{"rendered":"http:\/\/diariodominicano.ddns.net\/?p=122915"},"modified":"2007-08-04T15:27:05","modified_gmt":"2007-08-04T15:27:05","slug":"rd-avanza-en-negociaciones-con-europa","status":"publish","type":"post","link":"https:\/\/diariodominicano.com\/?p=122915","title":{"rendered":"RD avanza en negociaciones con Europa"},"content":{"rendered":"<p><body><\/p>\n<p align=\"justify\" class=\"titulogrande1\"><strong>RD  avanza en negociaciones con Europa<\/strong><\/p>\n<p>&#13;<\/p>\n<p align=\"justify\" class=\"text1noticias\"><img loading=\"lazy\" decoding=\"async\" src=\"http:\/\/localhost:8080\/economia\/pictures\/saludos.jpg\" width=\"218\" height=\"233\" hspace=\"4\" align=\"left\" \/>SANTO DOMINGO.- Tras ocho rondas de  negociaciones para lograr\u00a0 incorporarse al acuerdo entre los pa\u00edses del  Caribe y la Uni\u00f3n   Europea, la Rep\u00fablica Dominicana\u00a0 procura\u00a0 mantener  el acceso preferencial a ese mercado de 500 millones de personas, asegur\u00f3 el  viernes \u00a0el canciller Carlos Morales  Troncoso.\u00a0\u00a0 <br \/>&#13;<br \/>\n  <br \/>&#13;<br \/>\n  Explic\u00f3 que el acuerdo comercial que  deber\u00e1\u00a0 entrar en vigencia en enero pr\u00f3ximo plantea al pa\u00eds la posibilidad  de regularizar \u201cde una vez por todas\u201d las relaciones comerciales con el mercado  europeo.<br \/>&#13;<br \/>\n  <br \/>&#13;<br \/>\n  Dijo que se dan los toques finales para  finalizar las negociaciones con Europa a m\u00e1s tardar en\u00a0 septiembre  pr\u00f3ximo. Ayer el canciller Morales Troncoso\u00a0 encabez\u00f3 una reuni\u00f3n con  representantes del sector industrial con quienes\u00a0 converso acerca de la  inserci\u00f3n en\u00a0\u00a0 el acuerdo de comercio con la Uni\u00f3n Europea.<br \/>&#13;<br \/>\n  <br \/>&#13;<br \/>\n  \u201cMantener el acceso preferencial  de muchos productos agr\u00edcolas dominicanos, como el banano, sector en cual  trabajan muchas personas, el caf\u00e9, cacao, ron, tabaco y el az\u00facar, son los  beneficios que aportar\u00e1 al pa\u00eds el acuerdo de Asociaci\u00f3n Econ\u00f3mica con Europa.<br \/>&#13;<br \/>\n<br \/>&#13;<br \/>\n Resalt\u00f3 la importancia que  tiene para el pa\u00eds dicho acuerdo ya que conjuntamente con el Tratado de Libre  Comercio con los Estados Unidos y Centroam\u00e9rica (DR-CAFTA) abre las puertas a  un mercado de 800 millones de personas.<br \/>&#13;<br \/>\n<br \/>&#13;<br \/>\nAgreg\u00f3 que el acuerdo de Asociaci\u00f3n  Econ\u00f3mica con Europa\u00a0 incluir\u00eda adem\u00e1s\u00a0 para el pa\u00eds un aumento en la  cooperaci\u00f3n de la Uni\u00f3n   Europea.\u00a0 <br \/>&#13;<br \/>\n<br \/>&#13;<br \/>\n\u00a0\u201cTenemos que luchar, producir y  sobre todo ser competitivo\u201d, afirm\u00f3 Morales Troncoso tras resaltar que siempre  ha dicho que le gusta mas producir y vender que recibir cooperaci\u00f3n.<br \/>&#13;<br \/>\n<br \/>&#13;<br \/>\nLa Uni\u00f3n Europea recibe alrededor del 28% de las exportaciones  nacionales, compuestas b\u00e1sicamente de productos tradicionales agr\u00edcola entre  los que se encuentran caf\u00e9, banano org\u00e1nico y frutas.\u00a0 <br \/>&#13;<br \/>\n<br \/>&#13;<br \/>\n  <strong>Balanza comercial<\/strong> <br \/>&#13;<br \/>\n  <br \/>&#13;<br \/>\n  En 2005\u00a0 las importaciones del pa\u00eds  procedentes de la Uni\u00f3n   Europea fueron de\u00a0 US$713,065,286.90. Las exportaciones  a la UE  ascendieron a US$246,018,338.3.<br \/>&#13;<br \/>\n  <br \/>&#13;<br \/>\n  Morales Troncoso fue entrevistado al  concluir una rueda de prensa en la que participaron los j\u00f3venes actores  dominicanos Margaret Sosa Alvarado y Richardson Antonio D\u00edaz Rosario, que  estuvieron detenidos por varios d\u00edas en la ciudad de Tarija, Bolivia, tras ser  vinculados a un grupo de personas que provocaron un conflicto en el transporte.<br \/>&#13;<br \/>\n  <br \/>&#13;<br \/>\nHoy<\/p>\n<p>&#13;<\/p>\n<h6> 2007-08-04 15:27:05 <\/h6>\n<p><!--\n<link rel=\"stylesheet\" href=\"css\/bootstrap.min.css\">\n\n\n<ul class=\"pagination\">\n\t    \n\t\n\n<li >\n\t<a href='?page_no=28794'>Previous<\/a>\n\t<\/li>\n\n\n       \n    \n\n<li><a href='?page_no=1'>1<\/a><\/li>\n\n\n\n<li><a href='?page_no=2'>2<\/a><\/li>\n\n\n\n<li><a>...<\/a><\/li>\n\n\n\n<li><a href='?page_no=28793'>28793<\/a><\/li>\n\n\n\n<li><a href='?page_no=28794'>28794<\/a><\/li>\n\n\n\n<li class='active'><a>28795<\/a><\/li>\n\n\n\n<li><a href='?page_no=28796'>28796<\/a><\/li>\n\n\n\n<li><a href='?page_no=28797'>28797<\/a><\/li>\n\n\n\n<li><a>...<\/a><\/li>\n\n\n\n<li><a href='?page_no=30472'>30472<\/a><\/li>\n\n\n\n<li><a href='?page_no=30473'>30473<\/a><\/li>\n\n    \n\t\n\n<li >\n\t<a href='?page_no=28796'>Next<\/a>\n\t<\/li>\n\n\n    \n\n<li><a href='?page_no=30473'>Last &rsaquo;&rsaquo;<\/a><\/li>\n\n<\/ul>\n\n\n--><br \/>\n<\/body><\/p>\n","protected":false},"excerpt":{"rendered":"<p>RD avanza en negociaciones con Europa &#13; SANTO DOMINGO.- Tras ocho rondas de negociaciones para lograr\u00a0 incorporarse al acuerdo entre los pa\u00edses del Caribe y la Uni\u00f3n Europea, la Rep\u00fablica Dominicana\u00a0 procura\u00a0 mantener el acceso preferencial a ese mercado de 500 millones de personas, asegur\u00f3 el viernes \u00a0el canciller Carlos Morales Troncoso.\u00a0\u00a0 &#13; &#13; Explic\u00f3 [&hellip;]<\/p>\n","protected":false},"author":3,"featured_media":0,"comment_status":"open","ping_status":"open","sticky":false,"template":"","format":"standard","meta":{"footnotes":""},"categories":[18],"tags":[],"class_list":["post-122915","post","type-post","status-publish","format-standard","hentry","category-economia"],"_links":{"self":[{"href":"https:\/\/diariodominicano.com\/index.php?rest_route=\/wp\/v2\/posts\/122915","targetHints":{"allow":["GET"]}}],"collection":[{"href":"https:\/\/diariodominicano.com\/index.php?rest_route=\/wp\/v2\/posts"}],"about":[{"href":"https:\/\/diariodominicano.com\/index.php?rest_route=\/wp\/v2\/types\/post"}],"author":[{"embeddable":true,"href":"https:\/\/diariodominicano.com\/index.php?rest_route=\/wp\/v2\/users\/3"}],"replies":[{"embeddable":true,"href":"https:\/\/diariodominicano.com\/index.php?rest_route=%2Fwp%2Fv2%2Fcomments&post=122915"}],"version-history":[{"count":0,"href":"https:\/\/diariodominicano.com\/index.php?rest_route=\/wp\/v2\/posts\/122915\/revisions"}],"wp:attachment":[{"href":"https:\/\/diariodominicano.com\/index.php?rest_route=%2Fwp%2Fv2%2Fmedia&parent=122915"}],"wp:term":[{"taxonomy":"category","embeddable":true,"href":"https:\/\/diariodominicano.com\/index.php?rest_route=%2Fwp%2Fv2%2Fcategories&post=122915"},{"taxonomy":"post_tag","embeddable":true,"href":"https:\/\/diariodominicano.com\/index.php?rest_route=%2Fwp%2Fv2%2Ftags&post=122915"}],"curies":[{"name":"wp","href":"https:\/\/api.w.org\/{rel}","templated":true}]}}