{"id":122914,"date":"2007-08-04T23:19:58","date_gmt":"2007-08-04T23:19:58","guid":{"rendered":"http:\/\/diariodominicano.ddns.net\/?p=122914"},"modified":"2007-08-04T23:19:58","modified_gmt":"2007-08-04T23:19:58","slug":"conversatorio-sobre-muhammad-yunus-y-sus-microcreditos-para-pobres","status":"publish","type":"post","link":"https:\/\/diariodominicano.com\/?p=122914","title":{"rendered":"Conversatorio sobre Muhammad Yunus y sus microcr\u00e9ditos para pobres"},"content":{"rendered":"<p><body><\/p>\n<p class=\"titulogrande1\"><strong>Conversatorio sobre Muhammad Yunus y sus microcr\u00e9ditos  para pobres<\/strong><\/p>\n<p>&#13;<\/p>\n<p align=\"justify\" class=\"text1noticias\"><strong>Santo Domingo.<\/strong> La Fundaci\u00f3n Global Democracia y Desarrollo (FUNGLODE) y Barna Business  School, en coordinaci\u00f3n con el Consejo Nacional de Competitividad (CNC),  celebrar\u00e1n el conversatorio titulado \u201cEl l\u00edder real: caso Muhammad Yunus\u201d, a  cargo de Santiago \u00c1lvarez de Mon.<\/p>\n<p>&#13;<\/p>\n<p align=\"justify\" class=\"text1noticias\">La actividad,  cuyo cupo est\u00e1 limitado a 45 personas previo registro, tendr\u00e1 lugar el lunes 6  de agosto a las 7:00 de la noche en FUNGLODE <\/p>\n<p>&#13;<\/p>\n<p align=\"justify\" class=\"text1noticias\">Muhammad Yunus, banquero y economista de Bangladesh,  recibi\u00f3 el Premio Nobel de la Paz  en 2006 por \u201csus esfuerzos para incentivar el desarrollo social y econ\u00f3mico  desde abajo\u201d a trav\u00e9s del desarrollo del sistema de microcr\u00e9ditos, peque\u00f1os  pr\u00e9stamos a personas humildes que no califican para un pr\u00e9stamo bancario  tradicional. <br \/>&#13;<br \/>\n  <br \/>&#13;<br \/>\nFue el fundador del Banco Graneen.<\/p>\n<p>&#13;<\/p>\n<p align=\"justify\" class=\"text1noticias\">Alvarez de Mon conversar\u00e1 con los asistentes sobre la  iniciativa de Yunus, el \u201cbanco de pobres\u201d, y sobre c\u00f3mo el trabajo del Premio  Nobel puede ser un ejemplo para los j\u00f3venes l\u00edderes de pa\u00edses como la Rep\u00fablica Dominicana.<\/p>\n<p>&#13;<\/p>\n<p align=\"justify\" class=\"text1noticias\">Los interesados en participar pueden reservar su cupo  en el tel\u00e9fono 809-685-9966 Ext. 2447. <\/p>\n<p>&#13;<\/p>\n<h6> 2007-08-04 23:19:58 <\/h6>\n<p><!--\n<link rel=\"stylesheet\" href=\"css\/bootstrap.min.css\">\n\n\n<ul class=\"pagination\">\n\t    \n\t\n\n<li >\n\t<a href='?page_no=28793'>Previous<\/a>\n\t<\/li>\n\n\n       \n    \n\n<li><a href='?page_no=1'>1<\/a><\/li>\n\n\n\n<li><a href='?page_no=2'>2<\/a><\/li>\n\n\n\n<li><a>...<\/a><\/li>\n\n\n\n<li><a href='?page_no=28792'>28792<\/a><\/li>\n\n\n\n<li><a href='?page_no=28793'>28793<\/a><\/li>\n\n\n\n<li class='active'><a>28794<\/a><\/li>\n\n\n\n<li><a href='?page_no=28795'>28795<\/a><\/li>\n\n\n\n<li><a href='?page_no=28796'>28796<\/a><\/li>\n\n\n\n<li><a>...<\/a><\/li>\n\n\n\n<li><a href='?page_no=30472'>30472<\/a><\/li>\n\n\n\n<li><a href='?page_no=30473'>30473<\/a><\/li>\n\n    \n\t\n\n<li >\n\t<a href='?page_no=28795'>Next<\/a>\n\t<\/li>\n\n\n    \n\n<li><a href='?page_no=30473'>Last &rsaquo;&rsaquo;<\/a><\/li>\n\n<\/ul>\n\n\n--><br \/>\n<\/body><\/p>\n","protected":false},"excerpt":{"rendered":"<p>Conversatorio sobre Muhammad Yunus y sus microcr\u00e9ditos para pobres &#13; Santo Domingo. La Fundaci\u00f3n Global Democracia y Desarrollo (FUNGLODE) y Barna Business School, en coordinaci\u00f3n con el Consejo Nacional de Competitividad (CNC), celebrar\u00e1n el conversatorio titulado \u201cEl l\u00edder real: caso Muhammad Yunus\u201d, a cargo de Santiago \u00c1lvarez de Mon. &#13; La actividad, cuyo cupo est\u00e1 [&hellip;]<\/p>\n","protected":false},"author":3,"featured_media":0,"comment_status":"open","ping_status":"open","sticky":false,"template":"","format":"standard","meta":{"footnotes":""},"categories":[18],"tags":[],"class_list":["post-122914","post","type-post","status-publish","format-standard","hentry","category-economia"],"_links":{"self":[{"href":"https:\/\/diariodominicano.com\/index.php?rest_route=\/wp\/v2\/posts\/122914","targetHints":{"allow":["GET"]}}],"collection":[{"href":"https:\/\/diariodominicano.com\/index.php?rest_route=\/wp\/v2\/posts"}],"about":[{"href":"https:\/\/diariodominicano.com\/index.php?rest_route=\/wp\/v2\/types\/post"}],"author":[{"embeddable":true,"href":"https:\/\/diariodominicano.com\/index.php?rest_route=\/wp\/v2\/users\/3"}],"replies":[{"embeddable":true,"href":"https:\/\/diariodominicano.com\/index.php?rest_route=%2Fwp%2Fv2%2Fcomments&post=122914"}],"version-history":[{"count":0,"href":"https:\/\/diariodominicano.com\/index.php?rest_route=\/wp\/v2\/posts\/122914\/revisions"}],"wp:attachment":[{"href":"https:\/\/diariodominicano.com\/index.php?rest_route=%2Fwp%2Fv2%2Fmedia&parent=122914"}],"wp:term":[{"taxonomy":"category","embeddable":true,"href":"https:\/\/diariodominicano.com\/index.php?rest_route=%2Fwp%2Fv2%2Fcategories&post=122914"},{"taxonomy":"post_tag","embeddable":true,"href":"https:\/\/diariodominicano.com\/index.php?rest_route=%2Fwp%2Fv2%2Ftags&post=122914"}],"curies":[{"name":"wp","href":"https:\/\/api.w.org\/{rel}","templated":true}]}}