{"id":122911,"date":"2007-08-05T22:56:04","date_gmt":"2007-08-05T22:56:04","guid":{"rendered":"http:\/\/diariodominicano.ddns.net\/?p=122911"},"modified":"2007-08-05T22:56:04","modified_gmt":"2007-08-05T22:56:04","slug":"aird-dice-se-tambalea-el-clima-de-negocios","status":"publish","type":"post","link":"https:\/\/diariodominicano.com\/?p=122911","title":{"rendered":"AIRD dice se tambalea el clima de negocios"},"content":{"rendered":"<p><body><\/p>\n<p class=\"titulogrande1\"><strong>AIRD dice se tambalea<\/strong> <strong>el clima de negocios<\/strong><\/p>\n<p>&#13;<\/p>\n<p><strong><em>Diez Cabral se\u00f1ala  que el contexto se est\u00e1 tornando  critico para las empresas <\/em><\/strong><\/p>\n<p>&#13;<\/p>\n<p align=\"justify\" class=\"text1noticias\">El contexto se torna critico puesto que el Congreso  Nacional se ha empe\u00f1ado en agravar la carga que pesa sobre los hombros del sector  empresarial y en cambio no toma en cuenta la necesidad de crear un marco  jur\u00eddico que favorezca la competitividad de una econom\u00eda tan abierta como la  dominicana, expres\u00f3 Manuel Diez Cabral, presidente de la Asociaci\u00f3n de  Industrias de la   Rep\u00fablica Dominicana.<\/p>\n<p>&#13;<\/p>\n<p align=\"justify\" class=\"text1noticias\">Diez Cabral se\u00f1al\u00f3 que la aprobaci\u00f3n de una modificaci\u00f3n  a la Ley 87-01,  sin escuchar a actores fundamentales del sistema, constituye s\u00f3lo una muestra  de una forma de legislar en la que est\u00e1  primando la imposici\u00f3n unilateral en lugar del di\u00e1logo y que busca favorecer  tan s\u00f3lo las recaudaciones impositivas, as\u00ed como disminuir la responsabilidad  social del Estado \u201chaciendo incluso tambalear el clima de negocios en que se  desenvuelve el pa\u00eds\u201d.<\/p>\n<p>&#13;<\/p>\n<p align=\"justify\" class=\"text1noticias\">\u201cAprueban  tres reformas impositivas en menos de tres a\u00f1os. De la \u00faltima advertimos que no  era necesaria para incrementar las recaudaciones y los hechos nos han dado la  raz\u00f3n: se encuentran ahora con un excedente presupuestario y, adem\u00e1s, se ven  obligados a modificar la reforma con una medida para favorecer a sectores  extremadamente perjudicados. Adem\u00e1s de eso, aprueban una modificaci\u00f3n a la Ley General de  Electricidad que, supuestamente, s\u00f3lo  buscaba penalizar el hurto de energ\u00eda, pero que termina penalizando tambi\u00e9n el  consumo de los usuarios no regulados y ahora aprueban una modificaci\u00f3n a la  Ley 87-01 que perjudica a empresarios y trabajadores y sin escuchar a los  primeros\u201d, explic\u00f3 Diez Cabral.<\/p>\n<p>&#13;<\/p>\n<p align=\"justify\" class=\"text1noticias\"> Indic\u00f3 que  lo m\u00e1s grave de esta forma de legislar es que las modificaciones hechas y las  leyes aprobadas no resuelven ninguno de los problemas que pretend\u00edan resolver. Aclar\u00f3, sin embargo, que en el Congreso  Nacional hay legisladores que han entendido bien que para cumplir sus tareas  deben escuchar a sus representados, tomar en cuenta su parecer, propiciar el  debate \u201cy no simplemente cumplir una l\u00ednea que le baj\u00f3 el partido\u201d.<\/p>\n<p>&#13;<\/p>\n<p align=\"justify\" class=\"text1noticias\">Dijo que la  AIRD es consciente de que el Congreso Nacional tiene la facultad de aprobar y  modificar leyes, pero \u201centendemos que en una democracia representativa como la  nuestra, los sectores que componemos la Naci\u00f3n  tenemos el derecho a ser escuchados por nuestros legisladores a quienes les  hemos delegado el poder de representarnos\u201d. <\/p>\n<p>&#13;<\/p>\n<p align=\"justify\" class=\"text1noticias\"> Afirm\u00f3 que resulta doloroso ver, en cambio, c\u00f3mo los  legisladores no someten un proyecto de Ley que fue consensuado en todo el  sector industrial y que fue presentado por el propio Presidente de la  Rep\u00fablica, como es el proyecto de Ley de Competitividad e Innovaci\u00f3n Industrial,  el cual reposa en la C\u00e1mara de Diputados.<\/p>\n<p>&#13;<\/p>\n<p align=\"justify\" class=\"text1noticias\">El caso de la Ley  87-01<\/p>\n<p>&#13;<\/p>\n<p align=\"justify\" class=\"text1noticias\">\u201cNo hay garant\u00eda de un servicio  adecuado de salud para nuestros empleados\u201d, sentenci\u00f3. Y explic\u00f3 que la  modificaci\u00f3n que se hizo a la Ley 87-01 no incorpora, por ejemplo, la  sustituci\u00f3n del modelo de salud previsto en la ley vigente de puerta de entrada al  Sistema a trav\u00e9s del nivel de atenci\u00f3n primaria, por el modelo semi-abierto  planteado por el Gobierno a trav\u00e9s de una resoluci\u00f3n administrativa de la  SISALRIL que permite el acceso directo de los afiliados a los m\u00e9dicos  especialistas. <\/p>\n<p>&#13;<\/p>\n<p align=\"justify\" class=\"text1noticias\">Consider\u00f3 que este  cambio sustancial al modelo previsto en la ley debe ser incorporado\u00a0 en las modificaciones a ley 87-01 de forma  que tenga fuerza legal y constituya una garant\u00eda para los afiliados. <\/p>\n<p>&#13;<\/p>\n<p align=\"justify\" class=\"text1noticias\">\u201cAnte la  facultad unilateral concedida a la SISALRIL de modificar el contenido y alcance  de los servicios de salud \u00bfC\u00f3mo saber entonces cu\u00e1les ser\u00e1n los servicios por  los que estaremos pagando durante la vigencia del SFS? \u00bfQu\u00e9 garantizar\u00e1 que el  SFS no se convertir\u00e1 en un impuesto m\u00e1s que obligar\u00e1 a los afiliados a doble  cotizar como ha pasado con el IDSS?\u201d, dijo Diez Cabral.<\/p>\n<p>&#13;<\/p>\n<p align=\"justify\" class=\"text1noticias\">A\u00f1adi\u00f3 que la  transferencia que hicieron los legisladores de fondos no garantiza que haya  viabilidad y sostenibilidad del Seguro Familiar de Salud puesto que no se han  presentado estudios que as\u00ed lo avalen, por lo tanto no existe seguridad de que  el pr\u00f3ximo a\u00f1o no habr\u00e1n nuevas modificaciones a la Ley o aumentos en las  cotizaciones.<\/p>\n<p>&#13;<\/p>\n<h6> 2007-08-05 22:56:04 <\/h6>\n<p><!--\n<link rel=\"stylesheet\" href=\"css\/bootstrap.min.css\">\n\n\n<ul class=\"pagination\">\n\t    \n\t\n\n<li >\n\t<a href='?page_no=28790'>Previous<\/a>\n\t<\/li>\n\n\n       \n    \n\n<li><a href='?page_no=1'>1<\/a><\/li>\n\n\n\n<li><a href='?page_no=2'>2<\/a><\/li>\n\n\n\n<li><a>...<\/a><\/li>\n\n\n\n<li><a href='?page_no=28789'>28789<\/a><\/li>\n\n\n\n<li><a href='?page_no=28790'>28790<\/a><\/li>\n\n\n\n<li class='active'><a>28791<\/a><\/li>\n\n\n\n<li><a href='?page_no=28792'>28792<\/a><\/li>\n\n\n\n<li><a href='?page_no=28793'>28793<\/a><\/li>\n\n\n\n<li><a>...<\/a><\/li>\n\n\n\n<li><a href='?page_no=30472'>30472<\/a><\/li>\n\n\n\n<li><a href='?page_no=30473'>30473<\/a><\/li>\n\n    \n\t\n\n<li >\n\t<a href='?page_no=28792'>Next<\/a>\n\t<\/li>\n\n\n    \n\n<li><a href='?page_no=30473'>Last &rsaquo;&rsaquo;<\/a><\/li>\n\n<\/ul>\n\n\n--><br \/>\n<\/body><\/p>\n","protected":false},"excerpt":{"rendered":"<p>AIRD dice se tambalea el clima de negocios &#13; Diez Cabral se\u00f1ala que el contexto se est\u00e1 tornando critico para las empresas &#13; El contexto se torna critico puesto que el Congreso Nacional se ha empe\u00f1ado en agravar la carga que pesa sobre los hombros del sector empresarial y en cambio no toma en cuenta [&hellip;]<\/p>\n","protected":false},"author":3,"featured_media":0,"comment_status":"open","ping_status":"open","sticky":false,"template":"","format":"standard","meta":{"footnotes":""},"categories":[18],"tags":[],"class_list":["post-122911","post","type-post","status-publish","format-standard","hentry","category-economia"],"_links":{"self":[{"href":"https:\/\/diariodominicano.com\/index.php?rest_route=\/wp\/v2\/posts\/122911","targetHints":{"allow":["GET"]}}],"collection":[{"href":"https:\/\/diariodominicano.com\/index.php?rest_route=\/wp\/v2\/posts"}],"about":[{"href":"https:\/\/diariodominicano.com\/index.php?rest_route=\/wp\/v2\/types\/post"}],"author":[{"embeddable":true,"href":"https:\/\/diariodominicano.com\/index.php?rest_route=\/wp\/v2\/users\/3"}],"replies":[{"embeddable":true,"href":"https:\/\/diariodominicano.com\/index.php?rest_route=%2Fwp%2Fv2%2Fcomments&post=122911"}],"version-history":[{"count":0,"href":"https:\/\/diariodominicano.com\/index.php?rest_route=\/wp\/v2\/posts\/122911\/revisions"}],"wp:attachment":[{"href":"https:\/\/diariodominicano.com\/index.php?rest_route=%2Fwp%2Fv2%2Fmedia&parent=122911"}],"wp:term":[{"taxonomy":"category","embeddable":true,"href":"https:\/\/diariodominicano.com\/index.php?rest_route=%2Fwp%2Fv2%2Fcategories&post=122911"},{"taxonomy":"post_tag","embeddable":true,"href":"https:\/\/diariodominicano.com\/index.php?rest_route=%2Fwp%2Fv2%2Ftags&post=122911"}],"curies":[{"name":"wp","href":"https:\/\/api.w.org\/{rel}","templated":true}]}}