{"id":122909,"date":"2007-08-06T15:26:13","date_gmt":"2007-08-06T15:26:13","guid":{"rendered":"http:\/\/diariodominicano.ddns.net\/?p=122909"},"modified":"2007-08-06T15:26:13","modified_gmt":"2007-08-06T15:26:13","slug":"rd-exporta-vegetales-a-nueva-york","status":"publish","type":"post","link":"https:\/\/diariodominicano.com\/?p=122909","title":{"rendered":"RD exporta vegetales a Nueva York"},"content":{"rendered":"<p><body><\/p>\n<p class=\"titulogrande1\">RD exporta vegetales a Nueva York<\/p>\n<p>&#13;<\/p>\n<p align=\"justify\" class=\"text1noticias\"><strong>SANTO DOMINGO.- <\/strong>Se inici\u00f3 en el pa\u00eds  hace un mes\u00a0 el transporte de vegetales y otros productos frescos\u00a0por barcos a Nueva York en \u201catm\u00f3sfera controlada\u201d, lo cual mejora la  competitividad de los productos dominicanos, inform\u00f3 el\u00a0 secretario de  Agricultura, Salvador Jim\u00e9nez, entrevistado en el Encuentro Econ\u00f3mico de Hoy.<br \/>&#13;<br \/>\n  <br \/>&#13;<br \/>\n  Se trata de una t\u00e9cnica nueva en el  pa\u00eds, la atm\u00f3sfera controlada, que permite que al no experimentar  transformaci\u00f3n en el trayecto los vegetales lleguen al destino en las  condiciones requeridas, sin deterioro, y resulta m\u00e1s barato que en  avi\u00f3n, seg\u00fan explic\u00f3.<br \/>&#13;<br \/>\n  <br \/>&#13;<br \/>\n  Anterior a esta medida hab\u00eda serios  problemas para la exportaci\u00f3n de productos como los vegetales, \u201cporque no  ten\u00edamos espacios en los aviones\u201d, dijo Jim\u00e9nez. \u201cEntonces comenzamos a evaluar  (para determinar) de qu\u00e9 forma nosotros no deten\u00edamos nuestra producci\u00f3n y  coloc\u00e1bamos esos productos a tiempo\u201d. <br \/>&#13;<br \/>\n  <br \/>&#13;<br \/>\n  Anteriormente, los vegetales eran  transportados en avi\u00f3n al exterior.<br \/>&#13;<br \/>\n  <br \/>&#13;<br \/>\n  Seg\u00fan explic\u00f3, luego de reuniones con  empresarios navieros\u00a0 se consigui\u00f3 establecer una t\u00e9cnica en referencia.<br \/>&#13;<br \/>\n  <br \/>&#13;<br \/>\n  Jim\u00e9nez estuvo acompa\u00f1ado en el  Encuentro Econ\u00f3mico, de Argentina Betances, coordinadora del programa de  de Apoyo a la   Transici\u00f3n Competitiva Agroalimentaria; Fausto Burgos Mej\u00eda,  director del Consejo Dominicano del Caf\u00e9; Pedro Pablo Pe\u00f1a, subsecretario de  Panificaci\u00f3n Sectorial Agropecuaria; H\u00e9ctor Acosta, director de la Unidad de Pignoraciones, y  Agel Faxas, director general de Agricultura.<br \/>&#13;<br \/>\n  <br \/>&#13;<br \/>\n  Transportar el producto en avi\u00f3n resulta  un 75% m\u00e1s caro que en barco, sostuvo Jim\u00e9nez para resaltar el beneficio de la  nueva t\u00e9cnica de trasladar vegetales. Esto representa una ganancia en materia  de competitividad, se\u00f1al\u00f3.<br \/>&#13;<br \/>\n  <br \/>&#13;<br \/>\n  Dijo que en principio la nueva t\u00e9cnica  es, sobre todo, para el transporte a Nueva York. El producto ingresar\u00e1 a\u00a0  Estados Unidos en ambiente controlado a trav\u00e9s del puerto de Filadelfia. En los  primeros embarques en ambiente controlado se ha enviado otros productos, adem\u00e1s  de vegetales, y el resultado fue excelente, llegaron en la misma condici\u00f3n que  cuando entraron a los furgones, dijo.<br \/>&#13;<br \/>\n  <br \/>&#13;<br \/>\n  Hoy<\/p>\n<p>&#13;<\/p>\n<h6> 2007-08-06 15:26:13 <\/h6>\n<p><!--\n<link rel=\"stylesheet\" href=\"css\/bootstrap.min.css\">\n\n\n<ul class=\"pagination\">\n\t    \n\t\n\n<li >\n\t<a href='?page_no=28788'>Previous<\/a>\n\t<\/li>\n\n\n       \n    \n\n<li><a href='?page_no=1'>1<\/a><\/li>\n\n\n\n<li><a href='?page_no=2'>2<\/a><\/li>\n\n\n\n<li><a>...<\/a><\/li>\n\n\n\n<li><a href='?page_no=28787'>28787<\/a><\/li>\n\n\n\n<li><a href='?page_no=28788'>28788<\/a><\/li>\n\n\n\n<li class='active'><a>28789<\/a><\/li>\n\n\n\n<li><a href='?page_no=28790'>28790<\/a><\/li>\n\n\n\n<li><a href='?page_no=28791'>28791<\/a><\/li>\n\n\n\n<li><a>...<\/a><\/li>\n\n\n\n<li><a href='?page_no=30472'>30472<\/a><\/li>\n\n\n\n<li><a href='?page_no=30473'>30473<\/a><\/li>\n\n    \n\t\n\n<li >\n\t<a href='?page_no=28790'>Next<\/a>\n\t<\/li>\n\n\n    \n\n<li><a href='?page_no=30473'>Last &rsaquo;&rsaquo;<\/a><\/li>\n\n<\/ul>\n\n\n--><br \/>\n<\/body><\/p>\n","protected":false},"excerpt":{"rendered":"<p>RD exporta vegetales a Nueva York &#13; SANTO DOMINGO.- Se inici\u00f3 en el pa\u00eds hace un mes\u00a0 el transporte de vegetales y otros productos frescos\u00a0por barcos a Nueva York en \u201catm\u00f3sfera controlada\u201d, lo cual mejora la competitividad de los productos dominicanos, inform\u00f3 el\u00a0 secretario de Agricultura, Salvador Jim\u00e9nez, entrevistado en el Encuentro Econ\u00f3mico de Hoy.&#13; [&hellip;]<\/p>\n","protected":false},"author":3,"featured_media":0,"comment_status":"open","ping_status":"open","sticky":false,"template":"","format":"standard","meta":{"footnotes":""},"categories":[18],"tags":[],"class_list":["post-122909","post","type-post","status-publish","format-standard","hentry","category-economia"],"_links":{"self":[{"href":"https:\/\/diariodominicano.com\/index.php?rest_route=\/wp\/v2\/posts\/122909","targetHints":{"allow":["GET"]}}],"collection":[{"href":"https:\/\/diariodominicano.com\/index.php?rest_route=\/wp\/v2\/posts"}],"about":[{"href":"https:\/\/diariodominicano.com\/index.php?rest_route=\/wp\/v2\/types\/post"}],"author":[{"embeddable":true,"href":"https:\/\/diariodominicano.com\/index.php?rest_route=\/wp\/v2\/users\/3"}],"replies":[{"embeddable":true,"href":"https:\/\/diariodominicano.com\/index.php?rest_route=%2Fwp%2Fv2%2Fcomments&post=122909"}],"version-history":[{"count":0,"href":"https:\/\/diariodominicano.com\/index.php?rest_route=\/wp\/v2\/posts\/122909\/revisions"}],"wp:attachment":[{"href":"https:\/\/diariodominicano.com\/index.php?rest_route=%2Fwp%2Fv2%2Fmedia&parent=122909"}],"wp:term":[{"taxonomy":"category","embeddable":true,"href":"https:\/\/diariodominicano.com\/index.php?rest_route=%2Fwp%2Fv2%2Fcategories&post=122909"},{"taxonomy":"post_tag","embeddable":true,"href":"https:\/\/diariodominicano.com\/index.php?rest_route=%2Fwp%2Fv2%2Ftags&post=122909"}],"curies":[{"name":"wp","href":"https:\/\/api.w.org\/{rel}","templated":true}]}}