{"id":122905,"date":"2007-08-07T14:55:04","date_gmt":"2007-08-07T14:55:04","guid":{"rendered":"http:\/\/diariodominicano.ddns.net\/?p=122905"},"modified":"2007-08-07T14:55:04","modified_gmt":"2007-08-07T14:55:04","slug":"se-achica-la-disponibilidad-de-tierra-para-fines-agricolas","status":"publish","type":"post","link":"https:\/\/diariodominicano.com\/?p=122905","title":{"rendered":"Se achica la disponibilidad de tierra para fines agr\u00edcolas"},"content":{"rendered":"<p><body><\/p>\n<p class=\"titulogrande1\">Se achica la disponibilidad de tierra  para fines agr\u00edcolas<\/p>\n<p>&#13;<\/p>\n<p align=\"justify\" class=\"text1noticias\"><strong>SANTO DOMINGO.-<\/strong> La frontera agr\u00edcola de la Rep\u00fablica Dominicana  o la disponibilidad de tierra para fines agr\u00edcolas est\u00e1 casi en el l\u00edmite, por  lo que debe aumentarse la productividad con el uso de alta tecnolog\u00eda e  innovaci\u00f3n para poder competir en los mercados nacional e internacional,  sostiene\u00a0 el agroeconomista Frank Tejada Cabrera en su m\u00e1s reciente libro,  \u201cEconom\u00eda Agr\u00edcola\u201d. El texto ser\u00e1 presentado esta noche por el economista Jos\u00e9  Luis Alem\u00e1n.<br \/>&#13;<br \/>\n  <br \/>&#13;<br \/>\n  Otra limitante para la agricultura  dominicana &#8211;dice&#8211; es que el\u00a0 96.4% de las fincas\u00a0 tiene\u00a0 menos  de 500 tareas, es decir, tienen un tama\u00f1o que tiende al minifundio, lo cual  hace dif\u00edcil la planificaci\u00f3n\u00a0 para tomar decisiones y trazar pol\u00edticas  agr\u00edcolas. <br \/>&#13;<br \/>\n  <br \/>&#13;<br \/>\n  Tejada Cabrera se\u00f1ala que la agricultura  con tecnolog\u00eda de punta\u00a0 es la salida que tiene el pa\u00eds para ir hacia  delante en la creaci\u00f3n de una cultura de la exportaci\u00f3n y en la cual la finca  debe ser tomada como un laboratorio, donde los gerentes y profesionales del  agro tendr\u00edan que trabajar para igualar la producci\u00f3n en todos los campos.<br \/>&#13;<br \/>\n  <br \/>&#13;<br \/>\n  Cit\u00f3 que seg\u00fan el censo agropecuario de  1998, el uso de la tierra en\u00a0 la agropecuaria estaba en 35 millones de  tareas (17 millones en agricultura y 18 millones en pastos), lo que representa  un 45% e la superficie total del pa\u00eds, que asciende a 77.4 millones de  tareas.\u00a0 <br \/>&#13;<br \/>\n  <br \/>&#13;<br \/>\n  En ese levantamiento se sit\u00fao en\u00a0  243,934 la cantidad de fincas,\u00a0 para un promedio de 143 tareas por finca,  en las que se produc\u00edan ca\u00f1a de az\u00facar, caf\u00e9, cacao, arroz, pl\u00e1tano,  habichuela, ma\u00edz, frutales, y pastos<br \/>&#13;<br \/>\n  <br \/>&#13;<br \/>\n  Ese censo, indica Tejeda, no contabiliz\u00f3  los pastos de los ingenios azucareros, los cuales ten\u00edan un mill\u00f3n de tareas.<br \/>&#13;<br \/>\n  <br \/>&#13;<br \/>\n  Las fincas destinadas a la ganader\u00eda  bovina ascend\u00edan a 68,656, representando el 28.1% del total de predios en la  agropecuaria. De esas 68,656 fincas hab\u00eda 9,074 con 10 animales bovinos y m\u00e1s.  El \u00e1rea promedio de la ganader\u00eda era de 262 tareas.<br \/>&#13;<br \/>\n  <br \/>&#13;<br \/>\n  Sin embargo, de esas 68,656 hab\u00eda 59,582  microfincas que ten\u00edan 171,612 animales para un promedio de 2.8 cabezas de  bovinos. Los 9,074 predios arrojaron un inventario de ganado de 1,732,789  cabezas, para una media de 190 vacunos.<br \/>&#13;<br \/>\n  <br \/>&#13;<br \/>\n  Seg\u00fan Tejada, en la producci\u00f3n de caf\u00e9  exist\u00edan 44,163 fincas con un \u00e1rea de 1.9 millones de tareas; la ca\u00f1a de az\u00facar  ocupaba 2.8 millones de tareas y la producci\u00f3n de cacao 1.6 millones de tareas,  distribuidas en 28,073 productores.<br \/>&#13;<br \/>\n  <br \/>&#13;<br \/>\n  El economista rese\u00f1a que en el registro  agropecuario de 1998, aparecen 50,560 asentados en la reforma agraria\u00a0 con  un \u00e1rea de 3.8 millones de tareas. El \u00e1rea cultivada de arroz ascend\u00eda a 1.5  millones de tareas, de las cuales el sector privado ten\u00eda\u00a0 850,532 tareas  con 16,550 arroceros, el resto est\u00e1n bajo el sistema de reforma agraria.<br \/>&#13;<br \/>\n  <br \/>&#13;<br \/>\n  En el caso del cultivo de arroz, se  determin\u00f3 que el 95% de las\u00a0 fincas arroceras tiene menos de 100  tareas,\u00a0 lo cual viene a confirmar una vez m\u00e1s que la agricultura  dominicana tiende al minifundio.<br \/>&#13;<br \/>\n  <br \/>&#13;<br \/>\n  En cuanto a la tenencia de la tierra, de  los 35 millones de tareas cultivadas, 27.4 millones de tareas son utilizadas  por el sector privado, excluyendo la siembra de ca\u00f1a de az\u00facar.<br \/>&#13;<br \/>\n  <br \/>&#13;<br \/>\n  Mientras que en relaci\u00f3n\u00a0 a las  provincias con mayores \u00e1reas en la producci\u00f3n\u00a0 est\u00e1n Duarte con un 22%,  Mar\u00eda Trinidad S\u00e1nchez con 12.8%, La   Vega 13.8, Montecristi 8.9%, San Juan 8.8%, S\u00e1nchez Ram\u00edrez  con\u00a0 8.7%, Valverde 7.8% Monse\u00f1or Nouel 2.6% y Dajab\u00f3n 1.8%. El resto de  las provincias con 12.8%.<br \/>&#13;<br \/>\n  <br \/>&#13;<br \/>\n  El libro \u201cEconom\u00eda Agr\u00edcola\u201d, de 530  p\u00e1ginas, ser\u00e1 presentado esta tarde en un acto que tendr\u00e1 lugar en el edificio  principal que aloja las oficinas del Instituto Dominicano de Recursos  Hidr\u00e1ulicos. La presentaci\u00f3n estar\u00e1 a cargo del doctor Jos\u00e9 Luis Alem\u00e1n, padre  jesu\u00edta y economista.<br \/>&#13;<br \/>\n  <br \/>&#13;<br \/>\n  El licenciado Tejada Cabrera es un  profesional de la econom\u00eda agr\u00edcola que une su experiencia como experimentado  productor de arroz y de criador de ganado vacuno con una vasta formaci\u00f3n  universitaria y con una experiencia en la burocracia estatal y en compa\u00f1\u00edas del  sector privado.<br \/>&#13;<br \/>\n  <br \/>&#13;<br \/>\n  Ha sido director del Fondo FIDE,  t\u00e9cnico al servicio del Banco Agr\u00edcola, asesor presidencial, presidente de la Asociaci\u00f3n de J\u00f3venes  Empresarios, profesor en su especialidad en la Universidad Nacional  Pedro Henr\u00edquez Ure\u00f1a, y actualmente es catedr\u00e1tico de Econom\u00eda Agr\u00edcola del  Instituto Superior Militar. <br \/>&#13;<br \/>\n  <br \/>&#13;<br \/>\n  Tejada Cabrera tambi\u00e9n es  articulista semanal del Suplemento Econom\u00eda y Negocios que publica este diario  todos los domingos.<br \/>&#13;<br \/>\n  <br \/>&#13;<br \/>\n  Hoy<\/p>\n<p>&#13;<\/p>\n<h6> 2007-08-07 14:55:04 <\/h6>\n<p><!--\n<link rel=\"stylesheet\" href=\"css\/bootstrap.min.css\">\n\n\n<ul class=\"pagination\">\n\t    \n\t\n\n<li >\n\t<a href='?page_no=28784'>Previous<\/a>\n\t<\/li>\n\n\n       \n    \n\n<li><a href='?page_no=1'>1<\/a><\/li>\n\n\n\n<li><a href='?page_no=2'>2<\/a><\/li>\n\n\n\n<li><a>...<\/a><\/li>\n\n\n\n<li><a href='?page_no=28783'>28783<\/a><\/li>\n\n\n\n<li><a href='?page_no=28784'>28784<\/a><\/li>\n\n\n\n<li class='active'><a>28785<\/a><\/li>\n\n\n\n<li><a href='?page_no=28786'>28786<\/a><\/li>\n\n\n\n<li><a href='?page_no=28787'>28787<\/a><\/li>\n\n\n\n<li><a>...<\/a><\/li>\n\n\n\n<li><a href='?page_no=30472'>30472<\/a><\/li>\n\n\n\n<li><a href='?page_no=30473'>30473<\/a><\/li>\n\n    \n\t\n\n<li >\n\t<a href='?page_no=28786'>Next<\/a>\n\t<\/li>\n\n\n    \n\n<li><a href='?page_no=30473'>Last &rsaquo;&rsaquo;<\/a><\/li>\n\n<\/ul>\n\n\n--><br \/>\n<\/body><\/p>\n","protected":false},"excerpt":{"rendered":"<p>Se achica la disponibilidad de tierra para fines agr\u00edcolas &#13; SANTO DOMINGO.- La frontera agr\u00edcola de la Rep\u00fablica Dominicana o la disponibilidad de tierra para fines agr\u00edcolas est\u00e1 casi en el l\u00edmite, por lo que debe aumentarse la productividad con el uso de alta tecnolog\u00eda e innovaci\u00f3n para poder competir en los mercados nacional e [&hellip;]<\/p>\n","protected":false},"author":3,"featured_media":0,"comment_status":"open","ping_status":"open","sticky":false,"template":"","format":"standard","meta":{"footnotes":""},"categories":[18],"tags":[],"class_list":["post-122905","post","type-post","status-publish","format-standard","hentry","category-economia"],"_links":{"self":[{"href":"https:\/\/diariodominicano.com\/index.php?rest_route=\/wp\/v2\/posts\/122905","targetHints":{"allow":["GET"]}}],"collection":[{"href":"https:\/\/diariodominicano.com\/index.php?rest_route=\/wp\/v2\/posts"}],"about":[{"href":"https:\/\/diariodominicano.com\/index.php?rest_route=\/wp\/v2\/types\/post"}],"author":[{"embeddable":true,"href":"https:\/\/diariodominicano.com\/index.php?rest_route=\/wp\/v2\/users\/3"}],"replies":[{"embeddable":true,"href":"https:\/\/diariodominicano.com\/index.php?rest_route=%2Fwp%2Fv2%2Fcomments&post=122905"}],"version-history":[{"count":0,"href":"https:\/\/diariodominicano.com\/index.php?rest_route=\/wp\/v2\/posts\/122905\/revisions"}],"wp:attachment":[{"href":"https:\/\/diariodominicano.com\/index.php?rest_route=%2Fwp%2Fv2%2Fmedia&parent=122905"}],"wp:term":[{"taxonomy":"category","embeddable":true,"href":"https:\/\/diariodominicano.com\/index.php?rest_route=%2Fwp%2Fv2%2Fcategories&post=122905"},{"taxonomy":"post_tag","embeddable":true,"href":"https:\/\/diariodominicano.com\/index.php?rest_route=%2Fwp%2Fv2%2Ftags&post=122905"}],"curies":[{"name":"wp","href":"https:\/\/api.w.org\/{rel}","templated":true}]}}