{"id":122904,"date":"2007-08-08T11:15:54","date_gmt":"2007-08-08T11:15:54","guid":{"rendered":"http:\/\/diariodominicano.ddns.net\/?p=122904"},"modified":"2007-08-08T11:15:54","modified_gmt":"2007-08-08T11:15:54","slug":"realizaran-debate-televisado-sobre-los-precios-de-los-alimentos","status":"publish","type":"post","link":"https:\/\/diariodominicano.com\/?p=122904","title":{"rendered":"Realizar\u00e1n debate televisado sobre los precios de los alimentos"},"content":{"rendered":"<p><body><\/p>\n<p align=\"justify\" class=\"titulogrande1\">Realizar\u00e1n  debate televisado sobre los precios de los alimentos<\/p>\n<p>&#13;<\/p>\n<p align=\"justify\" class=\"text1noticias\"><img loading=\"lazy\" decoding=\"async\" src=\"http:\/\/localhost:8080\/economia\/pictures\/supermercado.jpg\" width=\"269\" height=\"181\" hspace=\"4\" align=\"left\" \/>Santo Domingo.-Supercanal 33  y su se\u00f1al Caribe, servir\u00e1 de escenario este lunes, 13 de agosto, para debatir  las causas y consecuencias de los altos precios que registran los art\u00edculos de  primera necesidad, as\u00ed comos la escasez y carest\u00eda, que se registra en algunos  de gran consumo., <\/p>\n<p>&#13;<\/p>\n<p align=\"justify\" class=\"text1noticias\">Con el t\u00edtulo \u201cPrecios:  Carest\u00eda, Escasez o Especulaci\u00f3n\u201d, y dentro del especial TIEMPO PARA EL PUEBLO,  que lleva a cabo cada mes\u00a0 esta planta  televisora, como una contribuci\u00f3n a los distintos sectores de la sociedad  sirvi\u00e9ndole un espacio, para tratar los temas de inter\u00e9s colectivo, para este  lunes 13 han sido invitados representantes del sector oficial, del comercio al  detalle, mayoristas, defensores de los consumidores, a plantear propuestas y  soluciones sobre el tema.<\/p>\n<p>&#13;<\/p>\n<p align=\"justify\" class=\"text1noticias\">Tiempo Para el Pueblo es  coordinado por\u00a0 el veterano periodista  Santos\u00a0 Aquino Rubio, acompa\u00f1ado por un  equipo de destacados comunicadores y la participaci\u00f3n de\u00a0 los sectores que inciden en cada tema  tratado.<\/p>\n<p>&#13;<\/p>\n<p align=\"justify\" class=\"text1noticias\">Aquino Rubio dijo que los  medios de comunicaci\u00f3n est\u00e1n invitados a participar con preguntas y en la  cobertura de este espacio que se difunde en un horario especial de 6:00  A.M.\u00a0 a\u00a0  9:00 A.M.<\/p>\n<p>&#13;<\/p>\n<p align=\"justify\" class=\"text1noticias\">Expres\u00f3 que hasta el momento  han confirmado su participaci\u00f3n representantes de la Asociaci\u00f3n de  Detallistas de Gasolina, Federaci\u00f3n Nacional de Detallistas de Provisiones, la Federaci\u00f3n Nacional  de Comerciantes Mayoristas, Federaci\u00f3n de Comerciantes y Empresarios, La Asociaci\u00f3n de Amas de  Casa y del Instituto de Protecci\u00f3n al Consumidor.<\/p>\n<p>&#13;<\/p>\n<p align=\"justify\" class=\"text1noticias\">El problema de los precios es  de preocupaci\u00f3n de los distintos sectores de la sociedad y los dominicanos y  dominicanas tienen la oportunidad de ver y escuchar a las personas e  instituciones que son parte del problema y sus posibles soluciones.<\/p>\n<p>&#13;<\/p>\n<h6> 2007-08-08 11:15:54 <\/h6>\n<p><!--\n<link rel=\"stylesheet\" href=\"css\/bootstrap.min.css\">\n\n\n<ul class=\"pagination\">\n\t    \n\t\n\n<li >\n\t<a href='?page_no=28783'>Previous<\/a>\n\t<\/li>\n\n\n       \n    \n\n<li><a href='?page_no=1'>1<\/a><\/li>\n\n\n\n<li><a href='?page_no=2'>2<\/a><\/li>\n\n\n\n<li><a>...<\/a><\/li>\n\n\n\n<li><a href='?page_no=28782'>28782<\/a><\/li>\n\n\n\n<li><a href='?page_no=28783'>28783<\/a><\/li>\n\n\n\n<li class='active'><a>28784<\/a><\/li>\n\n\n\n<li><a href='?page_no=28785'>28785<\/a><\/li>\n\n\n\n<li><a href='?page_no=28786'>28786<\/a><\/li>\n\n\n\n<li><a>...<\/a><\/li>\n\n\n\n<li><a href='?page_no=30472'>30472<\/a><\/li>\n\n\n\n<li><a href='?page_no=30473'>30473<\/a><\/li>\n\n    \n\t\n\n<li >\n\t<a href='?page_no=28785'>Next<\/a>\n\t<\/li>\n\n\n    \n\n<li><a href='?page_no=30473'>Last &rsaquo;&rsaquo;<\/a><\/li>\n\n<\/ul>\n\n\n--><br \/>\n<\/body><\/p>\n","protected":false},"excerpt":{"rendered":"<p>Realizar\u00e1n debate televisado sobre los precios de los alimentos &#13; Santo Domingo.-Supercanal 33 y su se\u00f1al Caribe, servir\u00e1 de escenario este lunes, 13 de agosto, para debatir las causas y consecuencias de los altos precios que registran los art\u00edculos de primera necesidad, as\u00ed comos la escasez y carest\u00eda, que se registra en algunos de gran [&hellip;]<\/p>\n","protected":false},"author":3,"featured_media":0,"comment_status":"open","ping_status":"open","sticky":false,"template":"","format":"standard","meta":{"footnotes":""},"categories":[18],"tags":[],"class_list":["post-122904","post","type-post","status-publish","format-standard","hentry","category-economia"],"_links":{"self":[{"href":"https:\/\/diariodominicano.com\/index.php?rest_route=\/wp\/v2\/posts\/122904","targetHints":{"allow":["GET"]}}],"collection":[{"href":"https:\/\/diariodominicano.com\/index.php?rest_route=\/wp\/v2\/posts"}],"about":[{"href":"https:\/\/diariodominicano.com\/index.php?rest_route=\/wp\/v2\/types\/post"}],"author":[{"embeddable":true,"href":"https:\/\/diariodominicano.com\/index.php?rest_route=\/wp\/v2\/users\/3"}],"replies":[{"embeddable":true,"href":"https:\/\/diariodominicano.com\/index.php?rest_route=%2Fwp%2Fv2%2Fcomments&post=122904"}],"version-history":[{"count":0,"href":"https:\/\/diariodominicano.com\/index.php?rest_route=\/wp\/v2\/posts\/122904\/revisions"}],"wp:attachment":[{"href":"https:\/\/diariodominicano.com\/index.php?rest_route=%2Fwp%2Fv2%2Fmedia&parent=122904"}],"wp:term":[{"taxonomy":"category","embeddable":true,"href":"https:\/\/diariodominicano.com\/index.php?rest_route=%2Fwp%2Fv2%2Fcategories&post=122904"},{"taxonomy":"post_tag","embeddable":true,"href":"https:\/\/diariodominicano.com\/index.php?rest_route=%2Fwp%2Fv2%2Ftags&post=122904"}],"curies":[{"name":"wp","href":"https:\/\/api.w.org\/{rel}","templated":true}]}}