{"id":122903,"date":"2007-08-08T11:20:38","date_gmt":"2007-08-08T11:20:38","guid":{"rendered":"http:\/\/diariodominicano.ddns.net\/?p=122903"},"modified":"2007-08-08T11:20:38","modified_gmt":"2007-08-08T11:20:38","slug":"rd-firma-acuerdo-con-empresas-de-biotecnologia-de-corea","status":"publish","type":"post","link":"https:\/\/diariodominicano.com\/?p=122903","title":{"rendered":"RD firma acuerdo con empresas de biotecnolog\u00eda de Corea"},"content":{"rendered":"<p><body><\/p>\n<p align=\"justify\" class=\"titulogrande1\">RD firma acuerdo con empresas  de biotecnolog\u00eda de Corea<\/p>\n<p>&#13;<\/p>\n<p align=\"justify\" class=\"text1noticias\"><img loading=\"lazy\" decoding=\"async\" src=\"http:\/\/localhost:8080\/economia\/pictures\/saludos.jpg\" width=\"218\" height=\"233\" hspace=\"4\" align=\"left\" \/>Santo Domingo.-El presidente del Parque Cibernetico de  Rep\u00fablica Dominicana\u00a0\u00a0\u00a0\u00a0 firm\u00f3 un acuerdo  de cooperaci\u00f3n con la Asociaci\u00f3n Coreana  de Empresas de Biotecnolog\u00eda, mejor conocido en ingles como\u00a0 Korea Bio-Venture Association (KOBIOVEN), a  fin de facilitar la inversion y el comercio de empresas de biotecnolog\u00edas  coreanas\u00a0 en el pais, informo la Embajada dominicana en  Seul.<\/p>\n<p>&#13;<\/p>\n<p align=\"justify\" class=\"text1noticias\">El documento fue firmado por \u00a0Eddy Martinez, por el lado dominicano, y por \u00a0Jong Sei Park, del lado coreano, en presencia  del embajador dominicano Hector Galvan, quien sirvio como testigo, este martes  7 de agosto a las 5 de la tarde, hora coreana (4 de la madrugada hora  dominicana).<\/p>\n<p>&#13;<\/p>\n<p align=\"justify\" class=\"text1noticias\">El Memorando de Entendimiento\u00a0 establece el intercambio de informaci\u00f3n y  cooperaci\u00f3n entre las companias de ambos paises y entre dichas instituciones en  el campo de la industria de la biotecnolog\u00eda<\/p>\n<p>&#13;<\/p>\n<p align=\"justify\" class=\"text1noticias\">Asimismo, ambas partes se comprometen a realizan alianzas  para realizar investigaciones conjuntas, y participar en seminarios conjuntos.<\/p>\n<p>&#13;<\/p>\n<p align=\"justify\" class=\"text1noticias\">El KOBIOVEN, en particular, estara en la disposici\u00f3n de  participar en la Expo Feria  de Tecnolog\u00eda (TECDO), que organizar\u00e1 la Rep\u00fablica Dominicana  del\u00a0 9 al 13 de abril del 2008.<\/p>\n<p>&#13;<\/p>\n<p align=\"justify\" class=\"text1noticias\">El Parque Cibern\u00e9tico le proporcionara a KOBIOVEN las  informaciones necesarias a fin de que sus miembros organicen una gira de visita  de exploraci\u00f3n e inversi\u00f3n en el mercado dominicano.<\/p>\n<p>&#13;<\/p>\n<p align=\"justify\" class=\"text1noticias\">En ese encuentro tambi\u00e9n participaron por la asociaci\u00f3n  coreana Jerry Yang, gerente, y\u00a0 el Sr.  Ernesto Torres Pereyra, de la embajada dominicana, y Vienchy Tirado, asistente  especial del director del CEI\/RD. Y <\/p>\n<p>&#13;<\/p>\n<p align=\"justify\" class=\"text1noticias\">Martinez lleg\u00f3 este lunes 6 de agosto a Corea para  participar en una agenda de actividades de seguimiento a la visita que  hiciera\u00a0 Presidente de la Rep\u00fablica a Corea, en  junio pasado.<\/p>\n<p>&#13;<\/p>\n<p align=\"justify\" class=\"text1noticias\">Se reuni\u00f3 con el director de Am\u00e9rica Latina de la Canciller\u00eda coreana,  Sr.\u00a0 Han Byeong Kil, y sostuvo un  almuerzo de trabajo con el Instituto de Desarrollo Coreano (KDI), en donde se  acordaron numerosos acuerdos para el desarrollo de seminarios y programa de  entrenamiento en promoci\u00f3n de inversi\u00f3n extranjera.<\/p>\n<p>&#13;<\/p>\n<p align=\"justify\" class=\"text1noticias\">En la tarde de este martes,\u00a0 el tambien director del CEI\/RD visito al  vicepresidente de la   Asociaci\u00f3n de Empresas Coreanas ( KITA), Sr. Yoo Chan Moo,  quien se mostro dispuesto a enviar una misi\u00f3n de empresas coreanos a la Republica Dominicana  a principios del ano entrante y a cooperar en la instalaci\u00f3n de un sistema de  comercio electr\u00f3nico para facilitar el comercio de la Republica Dominicana  y Corea.<\/p>\n<p>&#13;<\/p>\n<p align=\"justify\" class=\"text1noticias\">Hoy mi\u00e9rcoles, el director del CEI\/RD tiene planeado  visitar al banco de exportacion de Corea (EXIMBANK), a la Agencia de Cooperaci\u00f3n  Internacional (KOICA),\u00a0 asi como a la Asociaci\u00f3n de  Importadores Coreanos (KOIMA), a fin de lograr una mayor apertura a los productos  dominicanos en Corea, revel\u00f3 la   Misi\u00f3n diplom\u00e1tica en Se\u00fal.<\/p>\n<p>&#13;<\/p>\n<h6> 2007-08-08 11:20:38 <\/h6>\n<p><!--\n<link rel=\"stylesheet\" href=\"css\/bootstrap.min.css\">\n\n\n<ul class=\"pagination\">\n\t    \n\t\n\n<li >\n\t<a href='?page_no=28782'>Previous<\/a>\n\t<\/li>\n\n\n       \n    \n\n<li><a href='?page_no=1'>1<\/a><\/li>\n\n\n\n<li><a href='?page_no=2'>2<\/a><\/li>\n\n\n\n<li><a>...<\/a><\/li>\n\n\n\n<li><a href='?page_no=28781'>28781<\/a><\/li>\n\n\n\n<li><a href='?page_no=28782'>28782<\/a><\/li>\n\n\n\n<li class='active'><a>28783<\/a><\/li>\n\n\n\n<li><a href='?page_no=28784'>28784<\/a><\/li>\n\n\n\n<li><a href='?page_no=28785'>28785<\/a><\/li>\n\n\n\n<li><a>...<\/a><\/li>\n\n\n\n<li><a href='?page_no=30472'>30472<\/a><\/li>\n\n\n\n<li><a href='?page_no=30473'>30473<\/a><\/li>\n\n    \n\t\n\n<li >\n\t<a href='?page_no=28784'>Next<\/a>\n\t<\/li>\n\n\n    \n\n<li><a href='?page_no=30473'>Last &rsaquo;&rsaquo;<\/a><\/li>\n\n<\/ul>\n\n\n--><br \/>\n<\/body><\/p>\n","protected":false},"excerpt":{"rendered":"<p>RD firma acuerdo con empresas de biotecnolog\u00eda de Corea &#13; Santo Domingo.-El presidente del Parque Cibernetico de Rep\u00fablica Dominicana\u00a0\u00a0\u00a0\u00a0 firm\u00f3 un acuerdo de cooperaci\u00f3n con la Asociaci\u00f3n Coreana de Empresas de Biotecnolog\u00eda, mejor conocido en ingles como\u00a0 Korea Bio-Venture Association (KOBIOVEN), a fin de facilitar la inversion y el comercio de empresas de biotecnolog\u00edas coreanas\u00a0 [&hellip;]<\/p>\n","protected":false},"author":3,"featured_media":0,"comment_status":"open","ping_status":"open","sticky":false,"template":"","format":"standard","meta":{"footnotes":""},"categories":[18],"tags":[],"class_list":["post-122903","post","type-post","status-publish","format-standard","hentry","category-economia"],"_links":{"self":[{"href":"https:\/\/diariodominicano.com\/index.php?rest_route=\/wp\/v2\/posts\/122903","targetHints":{"allow":["GET"]}}],"collection":[{"href":"https:\/\/diariodominicano.com\/index.php?rest_route=\/wp\/v2\/posts"}],"about":[{"href":"https:\/\/diariodominicano.com\/index.php?rest_route=\/wp\/v2\/types\/post"}],"author":[{"embeddable":true,"href":"https:\/\/diariodominicano.com\/index.php?rest_route=\/wp\/v2\/users\/3"}],"replies":[{"embeddable":true,"href":"https:\/\/diariodominicano.com\/index.php?rest_route=%2Fwp%2Fv2%2Fcomments&post=122903"}],"version-history":[{"count":0,"href":"https:\/\/diariodominicano.com\/index.php?rest_route=\/wp\/v2\/posts\/122903\/revisions"}],"wp:attachment":[{"href":"https:\/\/diariodominicano.com\/index.php?rest_route=%2Fwp%2Fv2%2Fmedia&parent=122903"}],"wp:term":[{"taxonomy":"category","embeddable":true,"href":"https:\/\/diariodominicano.com\/index.php?rest_route=%2Fwp%2Fv2%2Fcategories&post=122903"},{"taxonomy":"post_tag","embeddable":true,"href":"https:\/\/diariodominicano.com\/index.php?rest_route=%2Fwp%2Fv2%2Ftags&post=122903"}],"curies":[{"name":"wp","href":"https:\/\/api.w.org\/{rel}","templated":true}]}}