{"id":122900,"date":"2007-08-10T04:00:20","date_gmt":"2007-08-10T04:00:20","guid":{"rendered":"http:\/\/diariodominicano.ddns.net\/?p=122900"},"modified":"2007-08-10T04:00:20","modified_gmt":"2007-08-10T04:00:20","slug":"consejo-de-competitividad-comprometido-con-nuevo-liderazgo-empresarial","status":"publish","type":"post","link":"https:\/\/diariodominicano.com\/?p=122900","title":{"rendered":"Consejo de Competitividad comprometido con nuevo liderazgo empresarial"},"content":{"rendered":"<p><body><\/p>\n<p class=\"titulogrande1\"><strong>Consejo de Competitividad comprometido con nuevo  liderazgo empresarial<\/strong><\/p>\n<p>&#13;<\/p>\n<p align=\"justify\" class=\"text1noticias\"><strong><img loading=\"lazy\" decoding=\"async\" src=\"http:\/\/localhost:8080\/economia\/pictures\/horst.jpg\" width=\"269\" height=\"176\" hspace=\"4\" align=\"left\" \/>Santo Domingo.-<\/strong> El Consejo Nacional de Competitividad tiene como reto  impulsar procesos de competitividad que redunden en un desarrollo humano  integral y en la creaci\u00f3n de un nuevo liderazgo empresarial que tengan bien  claro su rol de apoyar al pa\u00eds.<\/p>\n<p>&#13;<\/p>\n<p align=\"justify\" class=\"text1noticias\">Esta es la opini\u00f3n de Andr\u00e9s van der Horst \u00c1lvarez, director ejecutivo  del Consejo Nacional de Competitividad.<\/p>\n<p>&#13;<\/p>\n<p align=\"justify\" class=\"text1noticias\">Van der Horst \u00c1lvarez se expres\u00f3 en estos t\u00e9rminos previo a la charla  empresarial, liderazgo interior, un nuevo l\u00edder que rompe moldes que estuvo a  cargo de Santiago \u00c1lvarez de Mon. La conferencia del experto espa\u00f1ol se llev\u00f3 a  cabo en las aulas de BARNA Business School. <\/p>\n<p>&#13;<\/p>\n<p align=\"justify\" class=\"text1noticias\">En el encuentro participaron egresados de la entidad acad\u00e9mica, as\u00ed como  empresarios que forman parte de su Consejo Acad\u00e9mico Empresarial.<\/p>\n<p>&#13;<\/p>\n<p align=\"justify\" class=\"text1noticias\">El director del CNC se\u00f1al\u00f3 que ese organismo tiene un gran reto, que m\u00e1s  que \u201cimplementar el Plan Nacional de Competitividad Sist\u00e9mica, para que el pa\u00eds  sea m\u00e1s competitivo, debemos tambi\u00e9n lograr que esa competitividad redunde en  el desarrollo humano integral. Y para eso necesitamos l\u00edderes.<br \/>&#13;<br \/>\n  <br \/> &#13;<br \/>\nNecesitamos  l\u00edderes que tengan bien claro cu\u00e1l es su misi\u00f3n y cu\u00e1l es su rol\u201d se\u00f1al\u00f3 van  der Horst \u00c1lvarez.<\/p>\n<p>&#13;<\/p>\n<p align=\"justify\" class=\"text1noticias\">Destac\u00f3 los esfuerzos de hace BARNA por formar un liderazgo empresarial  que trascienda tanto a nivel local, como internacional. Por lo que se\u00f1al\u00f3 que  \u201creivindico de manera directa la funci\u00f3n del CNC de formar un nuevo liderazgo,  sino tambi\u00e9n que reivindico el accionar de BARNA de ir formando l\u00edderes que van  a hacer cambiar la Rep\u00fablica Dominicana\u201d  puntualiz\u00f3.<\/p>\n<p>&#13;<\/p>\n<p align=\"justify\" class=\"text1noticias\">Santiago \u00c1lvarez de Mon vino al pa\u00eds invitado por el CNC y BARNA. El  lunes agot\u00f3 una conferencia sobre el Premio N\u00f3bel de la Paz, Muhammad Yunus, creador  del Banco de los Pobres en la India.\u00a0 Esta actividad se llev\u00f3 a  cabo en la Fundaci\u00f3n Global,  Democracia y Desarrollo.<\/p>\n<p>&#13;<\/p>\n<h6> 2007-08-10 04:00:20 <\/h6>\n<p><!--\n<link rel=\"stylesheet\" href=\"css\/bootstrap.min.css\">\n\n\n<ul class=\"pagination\">\n\t    \n\t\n\n<li >\n\t<a href='?page_no=28779'>Previous<\/a>\n\t<\/li>\n\n\n       \n    \n\n<li><a href='?page_no=1'>1<\/a><\/li>\n\n\n\n<li><a href='?page_no=2'>2<\/a><\/li>\n\n\n\n<li><a>...<\/a><\/li>\n\n\n\n<li><a href='?page_no=28778'>28778<\/a><\/li>\n\n\n\n<li><a href='?page_no=28779'>28779<\/a><\/li>\n\n\n\n<li class='active'><a>28780<\/a><\/li>\n\n\n\n<li><a href='?page_no=28781'>28781<\/a><\/li>\n\n\n\n<li><a href='?page_no=28782'>28782<\/a><\/li>\n\n\n\n<li><a>...<\/a><\/li>\n\n\n\n<li><a href='?page_no=30472'>30472<\/a><\/li>\n\n\n\n<li><a href='?page_no=30473'>30473<\/a><\/li>\n\n    \n\t\n\n<li >\n\t<a href='?page_no=28781'>Next<\/a>\n\t<\/li>\n\n\n    \n\n<li><a href='?page_no=30473'>Last &rsaquo;&rsaquo;<\/a><\/li>\n\n<\/ul>\n\n\n--><br \/>\n<\/body><\/p>\n","protected":false},"excerpt":{"rendered":"<p>Consejo de Competitividad comprometido con nuevo liderazgo empresarial &#13; Santo Domingo.- El Consejo Nacional de Competitividad tiene como reto impulsar procesos de competitividad que redunden en un desarrollo humano integral y en la creaci\u00f3n de un nuevo liderazgo empresarial que tengan bien claro su rol de apoyar al pa\u00eds. &#13; Esta es la opini\u00f3n de [&hellip;]<\/p>\n","protected":false},"author":3,"featured_media":0,"comment_status":"open","ping_status":"open","sticky":false,"template":"","format":"standard","meta":{"footnotes":""},"categories":[18],"tags":[],"class_list":["post-122900","post","type-post","status-publish","format-standard","hentry","category-economia"],"_links":{"self":[{"href":"https:\/\/diariodominicano.com\/index.php?rest_route=\/wp\/v2\/posts\/122900","targetHints":{"allow":["GET"]}}],"collection":[{"href":"https:\/\/diariodominicano.com\/index.php?rest_route=\/wp\/v2\/posts"}],"about":[{"href":"https:\/\/diariodominicano.com\/index.php?rest_route=\/wp\/v2\/types\/post"}],"author":[{"embeddable":true,"href":"https:\/\/diariodominicano.com\/index.php?rest_route=\/wp\/v2\/users\/3"}],"replies":[{"embeddable":true,"href":"https:\/\/diariodominicano.com\/index.php?rest_route=%2Fwp%2Fv2%2Fcomments&post=122900"}],"version-history":[{"count":0,"href":"https:\/\/diariodominicano.com\/index.php?rest_route=\/wp\/v2\/posts\/122900\/revisions"}],"wp:attachment":[{"href":"https:\/\/diariodominicano.com\/index.php?rest_route=%2Fwp%2Fv2%2Fmedia&parent=122900"}],"wp:term":[{"taxonomy":"category","embeddable":true,"href":"https:\/\/diariodominicano.com\/index.php?rest_route=%2Fwp%2Fv2%2Fcategories&post=122900"},{"taxonomy":"post_tag","embeddable":true,"href":"https:\/\/diariodominicano.com\/index.php?rest_route=%2Fwp%2Fv2%2Ftags&post=122900"}],"curies":[{"name":"wp","href":"https:\/\/api.w.org\/{rel}","templated":true}]}}