{"id":122897,"date":"2007-08-10T05:18:17","date_gmt":"2007-08-10T05:18:17","guid":{"rendered":"http:\/\/diariodominicano.ddns.net\/?p=122897"},"modified":"2007-08-10T05:18:17","modified_gmt":"2007-08-10T05:18:17","slug":"dice-rd-ha-dejado-de-recibir-45-mil-turistas-estadounidenses-por-la-exigencia-de-pasaporte-para-viajar-al-extranjero","status":"publish","type":"post","link":"https:\/\/diariodominicano.com\/?p=122897","title":{"rendered":"Dice RD ha dejado de recibir 45 mil turistas estadounidenses por la exigencia de pasaporte para viajar al extranjero"},"content":{"rendered":"<p><body><\/p>\n<p align=\"justify\" class=\"titulogrande1\">Dice  RD ha dejado de recibir 45 mil turistas estadounidenses por la exigencia de  pasaporte para viajar al extranjero<\/p>\n<p>&#13;<\/p>\n<p align=\"justify\" class=\"text1noticias\"><strong>SANTO DOMINGO.- <\/strong>El secretario de\u00a0  Turismo, F\u00e9lix Jim\u00e9nez, declar\u00f3 ayer que la Rep\u00fablica Dominicana ha dejado de  recibir a 45,000 turistas estadounidenses por la exigencia depasaportes para  viajar al extranjero de parte del gobierno de su pa\u00eds.<br \/>&#13;<br \/>\n  <br \/>&#13;<br \/>\n  Jim\u00e9nez dijo que las dem\u00e1s islas del  Caribe est\u00e1n sufriendo m\u00e1s p\u00e9rdidas que la Rep\u00fablica Dominicana por la medida  de los Estados Unidos. <br \/>&#13;<br \/>\n  <br \/>&#13;<br \/>\n  Agreg\u00f3 que\u00a0 la exigencia de  pasaporte de los Estados Unidos\u00a0 a sus ciudadanos que viajan al Caribe  resta mucho, porque no s\u00f3lo afecta a los norteamericanos que vienen de esa  naci\u00f3n, sino tambi\u00e9n a cualquier extranjero que viva en los Estados Unidos a  quien se le pide el documento.<br \/>&#13;<br \/>\n  <br \/>&#13;<br \/>\n  \u201cAl Caribe le est\u00e1 haciendo mucho da\u00f1o,  mucho m\u00e1s da\u00f1o que a nosotros; a nosotros nos afecta, porque hemos perdido de  los Estados Unidos casi 45 mil pasajeros, que debieron haber llegado, de no  haber sido por esa medida\u201d, expres\u00f3 Jim\u00e9nez Jim\u00e9nez se\u00f1al\u00f3 que en el caso de  los Estados Unidos, no s\u00f3lo es la exigencia, sino el\u00a0 costo, ya que el  pasaporte cuesta US$125 y los viajes de familia regularmente son tres o cuatro  personas, lo que equivale aUS$375 \u00f3 US$500.<br \/>&#13;<br \/>\n  <br \/>&#13;<br \/>\n  Agreg\u00f3 que adem\u00e1s\u00a0 del costo, en  Estados Unidos duran diez y once semanas para mandar el pasaporte a sus  ciudadanos que est\u00e1n en el extranjero , lo cual agrava la situaci\u00f3n.<br \/>&#13;<br \/>\n  <br \/>&#13;<br \/>\n  \u201cEl desorden ha sido tan grande, que ya hasta el propio presidente Bush tuvo  que enviar una enmienda se\u00f1alando que, cuando se comprobase, que el pasajero  presente un recibo de que ya hab\u00eda solicitado el pasaporte, que ya entonces  podr\u00eda entrar de nuevo al territorio de los Estado Unidos\u201d, afirm\u00f3 Jim\u00e9nez al  participar en Telematutino 11.<br \/>&#13;<br \/>\n  <br \/>&#13;<br \/>\n  Pero para Jim\u00e9nez\u00a0 peor est\u00e1n en  Barbados, Jamaica. Bahamas, Santa Luc\u00eda, ya que esos pa\u00edses han sido afectados  m\u00e1s que la Rep\u00fablica Dominicana que cuenta con mercados emisores, en gran  medida equilibrados, \u201co sea, nosotros recibimos un 41 por ciento de Europa y  s\u00f3lo un\u00a0 34 por ciento de los Estados Unidos, nos afecta menos que a otros  destinos\u201d.<br \/>&#13;<br \/>\n  <br \/>&#13;<br \/>\n  El funcionario expres\u00f3 adem\u00e1s que  tambi\u00e9n la cantidad de\u00a0 europeos que vienen al pa\u00eds ha bajado, a causa, de  que el invierno pasado en Europa fue m\u00e1s benigno que los \u00faltimos 20 \u00f3 25 a\u00f1os,  por lo que los europeos no sintieron un fr\u00edo tan dr\u00e1stico que les llevara a  buscar refugio en las islas del Caribe.<br \/>&#13;<br \/>\n  <br \/>&#13;<br \/>\n  \u201cLos alemanes en los \u00faltimos siete u  ocho a\u00f1os han disminuido mucho los viajes de larga distancia.\u00a0 El Caribe  ha sufrido much\u00edsimo eso, nosotros tambi\u00e9n, pero, mientras el Caribe lo sufre  con m\u00e1s intensidad, la Rep\u00fablica Dominicana lo sufre con menos, porque  contrario a lo que podr\u00eda pensarse, el porcentaje de alemanes que viene al  Caribe, que lleg\u00f3 a la Rep\u00fablica Dominicana el a\u00f1o pasado, fue el m\u00e1s alto, el  64 por ciento, es decir, de cado 100 alemanes que visit\u00f3 el Caribe, 64 vino a  la Rep\u00fablica Dominicana\u201d, indic\u00f3.<br \/>&#13;<br \/>\n  <br \/>&#13;<br \/>\n  Hoy<\/p>\n<p>&#13;<\/p>\n<h6> 2007-08-10 05:18:17 <\/h6>\n<p><!--\n<link rel=\"stylesheet\" href=\"css\/bootstrap.min.css\">\n\n\n<ul class=\"pagination\">\n\t    \n\t\n\n<li >\n\t<a href='?page_no=28776'>Previous<\/a>\n\t<\/li>\n\n\n       \n    \n\n<li><a href='?page_no=1'>1<\/a><\/li>\n\n\n\n<li><a href='?page_no=2'>2<\/a><\/li>\n\n\n\n<li><a>...<\/a><\/li>\n\n\n\n<li><a href='?page_no=28775'>28775<\/a><\/li>\n\n\n\n<li><a href='?page_no=28776'>28776<\/a><\/li>\n\n\n\n<li class='active'><a>28777<\/a><\/li>\n\n\n\n<li><a href='?page_no=28778'>28778<\/a><\/li>\n\n\n\n<li><a href='?page_no=28779'>28779<\/a><\/li>\n\n\n\n<li><a>...<\/a><\/li>\n\n\n\n<li><a href='?page_no=30472'>30472<\/a><\/li>\n\n\n\n<li><a href='?page_no=30473'>30473<\/a><\/li>\n\n    \n\t\n\n<li >\n\t<a href='?page_no=28778'>Next<\/a>\n\t<\/li>\n\n\n    \n\n<li><a href='?page_no=30473'>Last &rsaquo;&rsaquo;<\/a><\/li>\n\n<\/ul>\n\n\n--><br \/>\n<\/body><\/p>\n","protected":false},"excerpt":{"rendered":"<p>Dice RD ha dejado de recibir 45 mil turistas estadounidenses por la exigencia de pasaporte para viajar al extranjero &#13; SANTO DOMINGO.- El secretario de\u00a0 Turismo, F\u00e9lix Jim\u00e9nez, declar\u00f3 ayer que la Rep\u00fablica Dominicana ha dejado de recibir a 45,000 turistas estadounidenses por la exigencia depasaportes para viajar al extranjero de parte del gobierno de [&hellip;]<\/p>\n","protected":false},"author":3,"featured_media":0,"comment_status":"open","ping_status":"open","sticky":false,"template":"","format":"standard","meta":{"footnotes":""},"categories":[18],"tags":[],"class_list":["post-122897","post","type-post","status-publish","format-standard","hentry","category-economia"],"_links":{"self":[{"href":"https:\/\/diariodominicano.com\/index.php?rest_route=\/wp\/v2\/posts\/122897","targetHints":{"allow":["GET"]}}],"collection":[{"href":"https:\/\/diariodominicano.com\/index.php?rest_route=\/wp\/v2\/posts"}],"about":[{"href":"https:\/\/diariodominicano.com\/index.php?rest_route=\/wp\/v2\/types\/post"}],"author":[{"embeddable":true,"href":"https:\/\/diariodominicano.com\/index.php?rest_route=\/wp\/v2\/users\/3"}],"replies":[{"embeddable":true,"href":"https:\/\/diariodominicano.com\/index.php?rest_route=%2Fwp%2Fv2%2Fcomments&post=122897"}],"version-history":[{"count":0,"href":"https:\/\/diariodominicano.com\/index.php?rest_route=\/wp\/v2\/posts\/122897\/revisions"}],"wp:attachment":[{"href":"https:\/\/diariodominicano.com\/index.php?rest_route=%2Fwp%2Fv2%2Fmedia&parent=122897"}],"wp:term":[{"taxonomy":"category","embeddable":true,"href":"https:\/\/diariodominicano.com\/index.php?rest_route=%2Fwp%2Fv2%2Fcategories&post=122897"},{"taxonomy":"post_tag","embeddable":true,"href":"https:\/\/diariodominicano.com\/index.php?rest_route=%2Fwp%2Fv2%2Ftags&post=122897"}],"curies":[{"name":"wp","href":"https:\/\/api.w.org\/{rel}","templated":true}]}}