{"id":122887,"date":"2007-08-13T00:30:34","date_gmt":"2007-08-13T00:30:34","guid":{"rendered":"http:\/\/diariodominicano.ddns.net\/?p=122887"},"modified":"2007-08-13T00:30:34","modified_gmt":"2007-08-13T00:30:34","slug":"el-fies-convoca-para-trabajo-de-investigacion-sostenibilidad-fiscal-y-gasto-social-y-desarrollo-local","status":"publish","type":"post","link":"https:\/\/diariodominicano.com\/?p=122887","title":{"rendered":"El FIES convoca para trabajo de investigaci\u00f3n: \u201cSostenibilidad fiscal\u201d y \u201cGasto social y desarrollo local\u201d"},"content":{"rendered":"<p><body><\/p>\n<p align=\"justify\" class=\"titulogrande1\">El FIES convoca para trabajo de investigaci\u00f3n: \u201cSostenibilidad fiscal\u201d y  \u201cGasto social y desarrollo local\u201d<\/p>\n<p>&#13;<\/p>\n<p align=\"justify\" class=\"text1noticias\"><strong><img loading=\"lazy\" decoding=\"async\" src=\"http:\/\/localhost:8080\/economia\/pictures\/temis.jpg\" width=\"269\" height=\"188\" hspace=\"4\" align=\"left\" \/>SANTO DOMINGO.- <\/strong>El Fondo para  el Fomento de la   Investigaci\u00f3n Econ\u00f3mica y Social \u2013FIES- convoc\u00f3 a instituciones acad\u00e9micas, centros de  investigaci\u00f3n, estudiantes de maestr\u00edas o doctorados, grupos comunitarios,  barriales y religiosos, as\u00ed como a personas individuales, a participar en un  proyecto encaminado a promover y financiar investigaciones acerca de \u201cSostenibilidad  fiscal\u201d y \u201cGasto social y desarrollo local\u201d.<\/p>\n<p>&#13;<\/p>\n<p align=\"justify\" class=\"text1noticias\">Las propuestas de  investigaci\u00f3n ser\u00e1n recibidas hasta las cinco de la tarde del 14 de septiembre  pr\u00f3ximo y para su financiamiento se dispone de un fondo de doce millones de  pesos, que ser\u00e1n distribuidos entre las y los autores de las que resulten  aprobadas por el Consejo de Directores del citado organismo, que se encargar\u00e1  de evaluar cada uno de los proyectos entregados dentro del plazo de la  convocatoria, es decir, desde hoy hasta el d\u00eda antes mencionado.<\/p>\n<p>&#13;<\/p>\n<p align=\"justify\" class=\"text1noticias\">El FIES es una dependencia de la Secretar\u00eda de Estado de  Econom\u00eda, Planificaci\u00f3n y Desarrollo \u2013SEEPYD-,  en el marco del Programa de Apoyo a la Reforma y Modernizaci\u00f3n del Poder Ejecutivo \u2013PRO-REFORMA-, que financia el Banco  Interamericano de Desarrollo \u2013BID-.<\/p>\n<p>&#13;<\/p>\n<p align=\"justify\" class=\"text1noticias\">La entidad inici\u00f3 sus  operaciones en marzo del presente a\u00f1o con un monto de 75 millones de pesos y,  desde entonces, gestiona la generaci\u00f3n de recursos adicionales de fuentes  p\u00fablicas y privadas, nacionales e internacionales para garantizar su  continuidad.<\/p>\n<p>&#13;<\/p>\n<p align=\"justify\" class=\"text1noticias\">Su objetivo principal es  promover la investigaci\u00f3n sobre temas relacionados con la pol\u00edtica econ\u00f3mica y  social del pa\u00eds, a trav\u00e9s del desarrollo y financiamiento de acciones que  estimulen trabajos relevantes para respaldar los procesos de toma de decisiones  de pol\u00edticas p\u00fablicas como parte de los esfuerzos que desarrolla la SEEPYD para fortalecer la  democracia pol\u00edtica participativa e inclusiva en el pa\u00eds.<\/p>\n<p>&#13;<\/p>\n<p align=\"justify\" class=\"text1noticias\">En su primera iniciativa, el FIES convoc\u00f3 a presentar propuestas de  investigaci\u00f3n sobre \u201cCorrientes migratorias desde y hacia la Rep\u00fablica Dominicana\u201d  y \u201cApertura de mercados y tratados de libre comercio\u201d.\u00a0 En la oportunidad, recibi\u00f3 48 propuestas de  investigaci\u00f3n.<\/p>\n<p>&#13;<\/p>\n<p align=\"justify\" class=\"text1noticias\">De ese total, el 48 por ciento  correspondi\u00f3 a propuestas individuales; 19 por ciento proven\u00edan de  universidades y, el 16 por ciento restante, pertenec\u00edan a fundaciones de la Sociedad Civil y centros de  investigaci\u00f3n institucionalizados.\u00a0  Ninguna entidad barrial, comunitaria y religiosa present\u00f3 proyecto.<br \/>&#13;<br \/>\n  <br \/>&#13;<br \/>\n  Diez y nueve de los proyectos  de investigaci\u00f3n fueron declarados ganadores.\u00a0  Doce millones 779 mil 600 pesos especializados para estas actividades son  distribuidos entre las y los autores de las iniciativas acogidas por el Consejo  de Directores del FIES.<\/p>\n<p>&#13;<\/p>\n<p align=\"justify\" class=\"text1noticias\">En la actualidad se procede a  la firma de contratos para el inicio de los desembolsos correspondientes de las  propuestas aprobadas.<\/p>\n<p>&#13;<\/p>\n<p align=\"justify\" class=\"text1noticias\">El Consejo de Directores del FIES, integrado por doce personalices  de los sectores p\u00fablico y privado,  est\u00e1 presidido por el secretario de  Estado, Ingeniero Tem\u00edstocles Mont\u00e1s,  siendo su secretario ejecutivo el economista Roberto E. Liz.<br \/>&#13;<br \/>\n  \u00a0<br \/>&#13;<br \/>\nInteresados en participar<\/p>\n<p>&#13;<\/p>\n<p align=\"justify\" class=\"text1noticias\">Tanto las personas como instituciones u organismos interesados en  presentar propuestas de investigaci\u00f3n para participar en esta segunda  convocatoria del FIES, podr\u00e1n obtener los t\u00e9rminos de referencia o  informaciones adicionales al accesar a la p\u00e1gina Web del Pro-Reforma:\u00a0 www.pro-reforma.gov.do,  en el enlace de Licitaciones Abiertas del 2007.\u00a0 Adem\u00e1s, en las oficinas de esta instituci\u00f3n,  ubicadas en la avenida M\u00e9xico esquina Leopoldo Navarro, edificio Oficinas  Gubernamentales Juan Pablo Duarte, piso 6.<\/p>\n<p>&#13;<\/p>\n<p align=\"justify\" class=\"text1noticias\">Tambi\u00e9n podr\u00e1n presentarse de manera personal a las oficinas de la Secretaria Ejecutiva  del FIES, ubicadas en la calle C\u00e9sar Nicol\u00e1s Penson 2-A, edificio Arq.  Manuel Polanco, 2do. Piso, Santo Domingo con tel\u00e9fono 809-685-3535.<\/p>\n<p>&#13;<\/p>\n<h6> 2007-08-13 00:30:34 <\/h6>\n<p><!--\n<link rel=\"stylesheet\" href=\"css\/bootstrap.min.css\">\n\n\n<ul class=\"pagination\">\n\t    \n\t\n\n<li >\n\t<a href='?page_no=28766'>Previous<\/a>\n\t<\/li>\n\n\n       \n    \n\n<li><a href='?page_no=1'>1<\/a><\/li>\n\n\n\n<li><a href='?page_no=2'>2<\/a><\/li>\n\n\n\n<li><a>...<\/a><\/li>\n\n\n\n<li><a href='?page_no=28765'>28765<\/a><\/li>\n\n\n\n<li><a href='?page_no=28766'>28766<\/a><\/li>\n\n\n\n<li class='active'><a>28767<\/a><\/li>\n\n\n\n<li><a href='?page_no=28768'>28768<\/a><\/li>\n\n\n\n<li><a href='?page_no=28769'>28769<\/a><\/li>\n\n\n\n<li><a>...<\/a><\/li>\n\n\n\n<li><a href='?page_no=30472'>30472<\/a><\/li>\n\n\n\n<li><a href='?page_no=30473'>30473<\/a><\/li>\n\n    \n\t\n\n<li >\n\t<a href='?page_no=28768'>Next<\/a>\n\t<\/li>\n\n\n    \n\n<li><a href='?page_no=30473'>Last &rsaquo;&rsaquo;<\/a><\/li>\n\n<\/ul>\n\n\n--><br \/>\n<\/body><\/p>\n","protected":false},"excerpt":{"rendered":"<p>El FIES convoca para trabajo de investigaci\u00f3n: \u201cSostenibilidad fiscal\u201d y \u201cGasto social y desarrollo local\u201d &#13; SANTO DOMINGO.- El Fondo para el Fomento de la Investigaci\u00f3n Econ\u00f3mica y Social \u2013FIES- convoc\u00f3 a instituciones acad\u00e9micas, centros de investigaci\u00f3n, estudiantes de maestr\u00edas o doctorados, grupos comunitarios, barriales y religiosos, as\u00ed como a personas individuales, a participar en [&hellip;]<\/p>\n","protected":false},"author":3,"featured_media":0,"comment_status":"open","ping_status":"open","sticky":false,"template":"","format":"standard","meta":{"footnotes":""},"categories":[18],"tags":[],"class_list":["post-122887","post","type-post","status-publish","format-standard","hentry","category-economia"],"_links":{"self":[{"href":"https:\/\/diariodominicano.com\/index.php?rest_route=\/wp\/v2\/posts\/122887","targetHints":{"allow":["GET"]}}],"collection":[{"href":"https:\/\/diariodominicano.com\/index.php?rest_route=\/wp\/v2\/posts"}],"about":[{"href":"https:\/\/diariodominicano.com\/index.php?rest_route=\/wp\/v2\/types\/post"}],"author":[{"embeddable":true,"href":"https:\/\/diariodominicano.com\/index.php?rest_route=\/wp\/v2\/users\/3"}],"replies":[{"embeddable":true,"href":"https:\/\/diariodominicano.com\/index.php?rest_route=%2Fwp%2Fv2%2Fcomments&post=122887"}],"version-history":[{"count":0,"href":"https:\/\/diariodominicano.com\/index.php?rest_route=\/wp\/v2\/posts\/122887\/revisions"}],"wp:attachment":[{"href":"https:\/\/diariodominicano.com\/index.php?rest_route=%2Fwp%2Fv2%2Fmedia&parent=122887"}],"wp:term":[{"taxonomy":"category","embeddable":true,"href":"https:\/\/diariodominicano.com\/index.php?rest_route=%2Fwp%2Fv2%2Fcategories&post=122887"},{"taxonomy":"post_tag","embeddable":true,"href":"https:\/\/diariodominicano.com\/index.php?rest_route=%2Fwp%2Fv2%2Ftags&post=122887"}],"curies":[{"name":"wp","href":"https:\/\/api.w.org\/{rel}","templated":true}]}}