{"id":122886,"date":"2007-08-13T00:36:51","date_gmt":"2007-08-13T00:36:51","guid":{"rendered":"http:\/\/diariodominicano.ddns.net\/?p=122886"},"modified":"2007-08-13T00:36:51","modified_gmt":"2007-08-13T00:36:51","slug":"venezuela-llegara-a-15-trimestres-consecutivos-con-crecimiento-economico","status":"publish","type":"post","link":"https:\/\/diariodominicano.com\/?p=122886","title":{"rendered":"Venezuela llegar\u00e1 a 15 trimestres consecutivos con crecimiento econ\u00f3mico"},"content":{"rendered":"<p><body><\/p>\n<div align=\"justify\"><span class=\"titulogrande1\">Venezuela llegar\u00e1 a 15 trimestres  consecutivos con crecimiento econ\u00f3mico<\/span><strong><br \/>&#13;<br \/>\n  <br \/>&#13;<br \/>\n<\/strong><span class=\"text1noticias\"><strong><img loading=\"lazy\" decoding=\"async\" src=\"http:\/\/localhost:8080\/economia\/pictures\/hugochavez150.jpg\" width=\"180\" height=\"150\" hspace=\"4\" align=\"left\" \/>Caracas,  11 Ago. ABN.- <\/strong>\u00abLos indicadores adelantados que tenemos, sobre todo del consumo,  de la actividad productiva y la medici\u00f3n que hacemos sobre la capacidad  utilizada apuntan que en el segundo trimestre de 2007 tendremos un crecimiento,  es decir, sumaremos 15 trimestres consolidando la econom\u00eda\u00bb, afirm\u00f3 el director  del Banco Central de Venezuela (BCV) Armando Le\u00f3n. <br \/>&#13;<br \/>\n<br \/>&#13;<br \/>\nA la luz de los pr\u00f3ximos resultados del Producto Interno  Bruto (PIB) venezolano, Le\u00f3n estima que en este segundo trimestre del a\u00f1o se  ver\u00e1 un crecimiento robusto de la econom\u00eda. <br \/>&#13;<br \/>\n<br \/>&#13;<br \/>\nA su juicio, las industrias del alimento, metalmec\u00e1nica y  qu\u00edmica se mantienen en alta capacidad de operaci\u00f3n. <br \/>&#13;<br \/>\n<br \/>&#13;<br \/>\n\u00abHemos observado, seg\u00fan nuestras estad\u00edsticas, que hay  una serie de planes de expansi\u00f3n, en sectores como el agroalimentario,  automotor y la construcci\u00f3n\u00bb, destac\u00f3. <br \/>&#13;<br \/>\n<br \/>&#13;<br \/>\nDe acuerdo con el directivo, todos los indicadores  adelantados de sectores espec\u00edficos de la producci\u00f3n a los cuales el BCV  mantiene un seguimiento apuntan que habr\u00e1 un crecimiento potente de la  econom\u00eda. <br \/>&#13;<br \/>\n<br \/>&#13;<br \/>\nAsimismo, Le\u00f3n reconoci\u00f3 la fortaleza con que el sistema  financiero nacional ha estado acompa\u00f1ando dicho crecimiento econ\u00f3mico: \u00abTanto  la banca p\u00fablica, como la privada han acompa\u00f1ado dicho dinamismo econ\u00f3mico con  solidez mediante el otorgamiento de cr\u00e9ditos\u00bb. <br \/>&#13;<br \/>\n<br \/>&#13;<br \/>\nHan mejorado y ampliado la cartera de cr\u00e9ditos y m\u00e1s  bancos est\u00e1n apuntalando el crecimiento de los sectores productivos. <br \/>&#13;<br \/>\n<br \/>&#13;<br \/>\n\u00abIndudablemente, cada vez m\u00e1s se consolida la econom\u00eda  venezolana con el crecimiento del PIB, por lo que est\u00e1 descartada la proyecci\u00f3n  de escenarios econ\u00f3micos agoreros y fat\u00eddicos que suponen desinversi\u00f3n privada,  fuga de capitales, mayor desempleo, exclusi\u00f3n y aumento de la pobreza. Nada de  ello\u00bb, subray\u00f3 Le\u00f3n. <br \/>&#13;<br \/>\n<\/span><\/div>\n<p>&#13;<\/p>\n<p align=\"justify\" class=\"text1noticias\">ABN  11\/08\/2007<\/p>\n<p>&#13;<\/p>\n<h6> 2007-08-13 00:36:51 <\/h6>\n<p><!--\n<link rel=\"stylesheet\" href=\"css\/bootstrap.min.css\">\n\n\n<ul class=\"pagination\">\n\t    \n\t\n\n<li >\n\t<a href='?page_no=28765'>Previous<\/a>\n\t<\/li>\n\n\n       \n    \n\n<li><a href='?page_no=1'>1<\/a><\/li>\n\n\n\n<li><a href='?page_no=2'>2<\/a><\/li>\n\n\n\n<li><a>...<\/a><\/li>\n\n\n\n<li><a href='?page_no=28764'>28764<\/a><\/li>\n\n\n\n<li><a href='?page_no=28765'>28765<\/a><\/li>\n\n\n\n<li class='active'><a>28766<\/a><\/li>\n\n\n\n<li><a href='?page_no=28767'>28767<\/a><\/li>\n\n\n\n<li><a href='?page_no=28768'>28768<\/a><\/li>\n\n\n\n<li><a>...<\/a><\/li>\n\n\n\n<li><a href='?page_no=30472'>30472<\/a><\/li>\n\n\n\n<li><a href='?page_no=30473'>30473<\/a><\/li>\n\n    \n\t\n\n<li >\n\t<a href='?page_no=28767'>Next<\/a>\n\t<\/li>\n\n\n    \n\n<li><a href='?page_no=30473'>Last &rsaquo;&rsaquo;<\/a><\/li>\n\n<\/ul>\n\n\n--><br \/>\n<\/body><\/p>\n","protected":false},"excerpt":{"rendered":"<p>Venezuela llegar\u00e1 a 15 trimestres consecutivos con crecimiento econ\u00f3mico&#13; &#13; Caracas, 11 Ago. ABN.- \u00abLos indicadores adelantados que tenemos, sobre todo del consumo, de la actividad productiva y la medici\u00f3n que hacemos sobre la capacidad utilizada apuntan que en el segundo trimestre de 2007 tendremos un crecimiento, es decir, sumaremos 15 trimestres consolidando la econom\u00eda\u00bb, [&hellip;]<\/p>\n","protected":false},"author":3,"featured_media":0,"comment_status":"open","ping_status":"open","sticky":false,"template":"","format":"standard","meta":{"footnotes":""},"categories":[18],"tags":[],"class_list":["post-122886","post","type-post","status-publish","format-standard","hentry","category-economia"],"_links":{"self":[{"href":"https:\/\/diariodominicano.com\/index.php?rest_route=\/wp\/v2\/posts\/122886","targetHints":{"allow":["GET"]}}],"collection":[{"href":"https:\/\/diariodominicano.com\/index.php?rest_route=\/wp\/v2\/posts"}],"about":[{"href":"https:\/\/diariodominicano.com\/index.php?rest_route=\/wp\/v2\/types\/post"}],"author":[{"embeddable":true,"href":"https:\/\/diariodominicano.com\/index.php?rest_route=\/wp\/v2\/users\/3"}],"replies":[{"embeddable":true,"href":"https:\/\/diariodominicano.com\/index.php?rest_route=%2Fwp%2Fv2%2Fcomments&post=122886"}],"version-history":[{"count":0,"href":"https:\/\/diariodominicano.com\/index.php?rest_route=\/wp\/v2\/posts\/122886\/revisions"}],"wp:attachment":[{"href":"https:\/\/diariodominicano.com\/index.php?rest_route=%2Fwp%2Fv2%2Fmedia&parent=122886"}],"wp:term":[{"taxonomy":"category","embeddable":true,"href":"https:\/\/diariodominicano.com\/index.php?rest_route=%2Fwp%2Fv2%2Fcategories&post=122886"},{"taxonomy":"post_tag","embeddable":true,"href":"https:\/\/diariodominicano.com\/index.php?rest_route=%2Fwp%2Fv2%2Ftags&post=122886"}],"curies":[{"name":"wp","href":"https:\/\/api.w.org\/{rel}","templated":true}]}}