{"id":122883,"date":"2007-08-13T00:46:41","date_gmt":"2007-08-13T00:46:41","guid":{"rendered":"http:\/\/diariodominicano.ddns.net\/?p=122883"},"modified":"2007-08-13T00:46:41","modified_gmt":"2007-08-13T00:46:41","slug":"empresarios-esperan-seguro-familiar-de-salud-entre-en-vigencia-sin-traumas","status":"publish","type":"post","link":"https:\/\/diariodominicano.com\/?p=122883","title":{"rendered":"Empresarios esperan Seguro Familiar de Salud entre en vigencia sin traumas"},"content":{"rendered":"<p><body><\/p>\n<p class=\"titulogrande1\">Empresarios  esperan Seguro Familiar de Salud entre en vigencia sin traumas<\/p>\n<p>&#13;<\/p>\n<p align=\"justify\" class=\"text1noticias\"><strong>SANTO DOMINGO.-<\/strong> El Consejo  Nacional de la Empresa   Privada (CONEP)\u00a0  consider\u00f3 \u00a0que tras la  promulgaci\u00f3n de la Ley  87-01 con sus\u00a0 modificaciones esperan que  la misma se inicie con el menor trauma posible y que el Gobierno garantice un  servicio adecuado.<\/p>\n<p>&#13;<\/p>\n<p align=\"justify\" class=\"text1noticias\">Los empresarios del\u00a0 Conep\u00a0  trataron en una reuni\u00f3n a puertas cerradas \u00a0sobre el Seguro Familiar de Salud y su  inter\u00e9s\u00a0 porque\u00a0 antes de su entrada en vigencia sean  superados los escollos y se ofrezca un servicio igual o mejor que el privado.<\/p>\n<p>&#13;<\/p>\n<p align=\"justify\" class=\"text1noticias\">Dijeron que se sienten  preocupados por los desacuerdos entre los m\u00e9dicos y las autoridades de la Seguridad Social.<\/p>\n<p>&#13;<\/p>\n<p align=\"justify\" class=\"text1noticias\">El pr\u00f3ximo martes se reunir\u00e1  el Consejo Nacional de la   Seguridad Social, seg\u00fan Macarrulla es ah\u00ed donde se pondr\u00e1n al  tanto de todo, porque por lo que ahora respecta solo por la prensa se enteran  del proceso.<\/p>\n<p>&#13;<\/p>\n<p align=\"justify\" class=\"text1noticias\">El presidente del CONEP dijo  que \u201custedes saben que ese consejo ha cesado por un tiempo y nosotros no  tenemos los detalles de lo que esta sucediendo ahora mismo\u201d.<\/p>\n<p>&#13;<\/p>\n<p align=\"justify\" class=\"text1noticias\">Entiende que todas la partes  tienen que unir esfuerzos\u00a0 para que el  pa\u00eds disfrute de este sistema de salud. <\/p>\n<p>&#13;<\/p>\n<p align=\"justify\" class=\"text1noticias\">Afirm\u00f3 que \u201ceste sistema que  hemos estructurados todos, que no estemos todos participando ahora es una cosa,  pero desde el principio se estructur\u00f3 entre todos\u201d.<\/p>\n<p>&#13;<\/p>\n<p align=\"justify\" class=\"text1noticias\">Adem\u00e1s de exigir un servicio  de calidad, los empresarios tambien velaran porque los fondos de pensiones sean  manejados de manera correcta.<\/p>\n<p>&#13;<\/p>\n<h6> 2007-08-13 00:46:41 <\/h6>\n<p><!--\n<link rel=\"stylesheet\" href=\"css\/bootstrap.min.css\">\n\n\n<ul class=\"pagination\">\n\t    \n\t\n\n<li >\n\t<a href='?page_no=28762'>Previous<\/a>\n\t<\/li>\n\n\n       \n    \n\n<li><a href='?page_no=1'>1<\/a><\/li>\n\n\n\n<li><a href='?page_no=2'>2<\/a><\/li>\n\n\n\n<li><a>...<\/a><\/li>\n\n\n\n<li><a href='?page_no=28761'>28761<\/a><\/li>\n\n\n\n<li><a href='?page_no=28762'>28762<\/a><\/li>\n\n\n\n<li class='active'><a>28763<\/a><\/li>\n\n\n\n<li><a href='?page_no=28764'>28764<\/a><\/li>\n\n\n\n<li><a href='?page_no=28765'>28765<\/a><\/li>\n\n\n\n<li><a>...<\/a><\/li>\n\n\n\n<li><a href='?page_no=30472'>30472<\/a><\/li>\n\n\n\n<li><a href='?page_no=30473'>30473<\/a><\/li>\n\n    \n\t\n\n<li >\n\t<a href='?page_no=28764'>Next<\/a>\n\t<\/li>\n\n\n    \n\n<li><a href='?page_no=30473'>Last &rsaquo;&rsaquo;<\/a><\/li>\n\n<\/ul>\n\n\n--><br \/>\n<\/body><\/p>\n","protected":false},"excerpt":{"rendered":"<p>Empresarios esperan Seguro Familiar de Salud entre en vigencia sin traumas &#13; SANTO DOMINGO.- El Consejo Nacional de la Empresa Privada (CONEP)\u00a0 consider\u00f3 \u00a0que tras la promulgaci\u00f3n de la Ley 87-01 con sus\u00a0 modificaciones esperan que la misma se inicie con el menor trauma posible y que el Gobierno garantice un servicio adecuado. &#13; Los [&hellip;]<\/p>\n","protected":false},"author":3,"featured_media":0,"comment_status":"open","ping_status":"open","sticky":false,"template":"","format":"standard","meta":{"footnotes":""},"categories":[18],"tags":[],"class_list":["post-122883","post","type-post","status-publish","format-standard","hentry","category-economia"],"_links":{"self":[{"href":"https:\/\/diariodominicano.com\/index.php?rest_route=\/wp\/v2\/posts\/122883","targetHints":{"allow":["GET"]}}],"collection":[{"href":"https:\/\/diariodominicano.com\/index.php?rest_route=\/wp\/v2\/posts"}],"about":[{"href":"https:\/\/diariodominicano.com\/index.php?rest_route=\/wp\/v2\/types\/post"}],"author":[{"embeddable":true,"href":"https:\/\/diariodominicano.com\/index.php?rest_route=\/wp\/v2\/users\/3"}],"replies":[{"embeddable":true,"href":"https:\/\/diariodominicano.com\/index.php?rest_route=%2Fwp%2Fv2%2Fcomments&post=122883"}],"version-history":[{"count":0,"href":"https:\/\/diariodominicano.com\/index.php?rest_route=\/wp\/v2\/posts\/122883\/revisions"}],"wp:attachment":[{"href":"https:\/\/diariodominicano.com\/index.php?rest_route=%2Fwp%2Fv2%2Fmedia&parent=122883"}],"wp:term":[{"taxonomy":"category","embeddable":true,"href":"https:\/\/diariodominicano.com\/index.php?rest_route=%2Fwp%2Fv2%2Fcategories&post=122883"},{"taxonomy":"post_tag","embeddable":true,"href":"https:\/\/diariodominicano.com\/index.php?rest_route=%2Fwp%2Fv2%2Ftags&post=122883"}],"curies":[{"name":"wp","href":"https:\/\/api.w.org\/{rel}","templated":true}]}}