{"id":122880,"date":"2007-08-13T15:40:34","date_gmt":"2007-08-13T15:40:34","guid":{"rendered":"http:\/\/diariodominicano.ddns.net\/?p=122880"},"modified":"2007-08-13T15:40:34","modified_gmt":"2007-08-13T15:40:34","slug":"el-grupo-de-profesionales-dominicanos-en-washington-organiza-panel-en-la-xv-semana-dominicana-en-estados-unidos","status":"publish","type":"post","link":"https:\/\/diariodominicano.com\/?p=122880","title":{"rendered":"El Grupo de profesionales dominicanos en Washington organiza panel en la XV semana dominicana en Estados Unidos"},"content":{"rendered":"<p><body><\/p>\n<p align=\"justify\" class=\"titulogrande1\">El Grupo de profesionales dominicanos en  Washington organiza panel en la XV  semana dominicana en Estados Unidos<\/p>\n<p>&#13;<\/p>\n<p align=\"justify\" class=\"text1noticias\"><strong>WASHINGTON.-<\/strong> En el mes de septiembre  pr\u00f3ximo tendr\u00e1 lugar la decimoquinta entrega de la Semana Dominicana  en Estados Unidos, una iniciativa dedicada a la promoci\u00f3n de relaciones  comerciales y culturales entre la Rep\u00fablica Dominicana  y los Estados Unidos.<br \/>&#13;<br \/>\n  <br \/>&#13;<br \/>\n  Uno de los eventos incluidos en el programa  de este a\u00f1o es un\u00a0 panel organizado por  el Grupo de Profesionales Dominicanos en Washington, D. C. (GDP-WASH), una  organizaci\u00f3n sin fines de lucro que estudia temas de inter\u00e9s para las  comunidades dominicanas y estadounidense.<br \/>&#13;<br \/>\n  <br \/>&#13;<br \/>\nEl panel se enfocar\u00e1 en las relaciones  bilaterales entre Rep\u00fablica Dominicana y los Estados Unidos de Am\u00e9rica, con  \u00e9nfasis especial en tres temas: 1, la deportaci\u00f3n de los prisioneros  dominico-estadounidenses a la Rep\u00fablica Dominicana; 2, los ajustes necesarios  en ambos pa\u00edses para la implementaci\u00f3n del DR-CAFTA; y 3 la incidencia del  DR-CAFTA sobre el aspecto laboral y los derechos de los trabajadores.<\/p>\n<p>&#13;<\/p>\n<p align=\"justify\" class=\"text1noticias\">Los panelistas invitados son el Embajador  Flavio Dar\u00edo Espinal, el Embajador Hans Hertell, el Doctor Roberto Salad\u00edn y la Doctora Maribel  Gass\u00f3. Lorena P\u00e9rez, presidenta del GDP-WASH, tendr\u00e1 a cargo la moderaci\u00f3n del  panel.\u00a0 Los interesados pueden visitar la  p\u00e1gina www.gdp-wash.org o escribir a Lorena  P\u00e9rez lperez@gdp-wash.org<br \/>&#13;<br \/>\n  <br \/>&#13;<br \/>\nEl Comit\u00e9 Organizador de Semana Dominicana  lo componen \u00a0Luis Heredia Bonetti,  presidente, Ellis P\u00e9rez vicepresidente, embajador Roberto Saladin, Pedro D\u00edaz Ballester, Frank Moya Pons, Maureen  Tejeda, Frederick Emam-Sade y Marcelino San Miguel II. Tambi\u00e9n William Malamud,  Dennis Simo Torres, Muriel Alfonseca, Guillermo Rivera, embajador Roberto  Alvarez y Rafael Ginebra.<\/p>\n<p>&#13;<\/p>\n<p align=\"justify\" class=\"text1noticias\">Sobre La Semana Dominicana  en los EUA:<\/p>\n<p>&#13;<\/p>\n<p align=\"justify\" class=\"text1noticias\">La Semana Dominicana en los Estados Unidos,  lleva 14 a\u00f1os consecutivos realiz\u00e1ndose con resultados muy positivos para el  pa\u00eds en t\u00e9rminos de elevar a los mayores niveles la dominicanidad, destacando  en influyentes sectores de la vida norteamericana las cualidades, oportunidades  y calidades de la Republica Dominicana y su gente, como de ayudar en soluciones  a problemas nacionales. Unos de los objetivos ha sido motivar la integraci\u00f3n de  los dominicanos en Estados Unidos, as\u00ed como provocar que dominicanos residentes  en Norteam\u00e9rica participen en la pol\u00edtica y se conviertan en factor de  decisi\u00f3n.<br \/>&#13;<br \/>\n  <br \/>&#13;<br \/>\n  El Comit\u00e9 Organizador de la Semana Dominicana  ha integrado importantes instituciones y organizaciones de la sociedad  dominicana a participar y apoyar el programa de actividades. En ese tenor,  firm\u00f3 acuerdos con la   C\u00e1mara Americana de Comercio, la Fundaci\u00f3n Global  y Democracia y la   Universidad APEC, las cuales activan plenamente el programa  de eventos. Semana Dominicana ha demostrado, que con la buena voluntad y el  trabajo de los miembros de su Comit\u00e9 Organizador, el apoyo de numerosos  sectores y el compromiso y colaboraci\u00f3n de los dominicanos que residen en los  Estados Unidos, es posible proyectar una imagen m\u00e1s elevada de nuestro pa\u00eds y  de la di\u00e1spora dominicana, gan\u00e1ndonos la confianza y credibilidad de numerosas  e influyentes instituciones en los Estados Unidos. <\/p>\n<p>&#13;<\/p>\n<h6> 2007-08-13 15:40:34 <\/h6>\n<p><!--\n<link rel=\"stylesheet\" href=\"css\/bootstrap.min.css\">\n\n\n<ul class=\"pagination\">\n\t    \n\t\n\n<li >\n\t<a href='?page_no=28759'>Previous<\/a>\n\t<\/li>\n\n\n       \n    \n\n<li><a href='?page_no=1'>1<\/a><\/li>\n\n\n\n<li><a href='?page_no=2'>2<\/a><\/li>\n\n\n\n<li><a>...<\/a><\/li>\n\n\n\n<li><a href='?page_no=28758'>28758<\/a><\/li>\n\n\n\n<li><a href='?page_no=28759'>28759<\/a><\/li>\n\n\n\n<li class='active'><a>28760<\/a><\/li>\n\n\n\n<li><a href='?page_no=28761'>28761<\/a><\/li>\n\n\n\n<li><a href='?page_no=28762'>28762<\/a><\/li>\n\n\n\n<li><a>...<\/a><\/li>\n\n\n\n<li><a href='?page_no=30472'>30472<\/a><\/li>\n\n\n\n<li><a href='?page_no=30473'>30473<\/a><\/li>\n\n    \n\t\n\n<li >\n\t<a href='?page_no=28761'>Next<\/a>\n\t<\/li>\n\n\n    \n\n<li><a href='?page_no=30473'>Last &rsaquo;&rsaquo;<\/a><\/li>\n\n<\/ul>\n\n\n--><br \/>\n<\/body><\/p>\n","protected":false},"excerpt":{"rendered":"<p>El Grupo de profesionales dominicanos en Washington organiza panel en la XV semana dominicana en Estados Unidos &#13; WASHINGTON.- En el mes de septiembre pr\u00f3ximo tendr\u00e1 lugar la decimoquinta entrega de la Semana Dominicana en Estados Unidos, una iniciativa dedicada a la promoci\u00f3n de relaciones comerciales y culturales entre la Rep\u00fablica Dominicana y los Estados [&hellip;]<\/p>\n","protected":false},"author":3,"featured_media":0,"comment_status":"open","ping_status":"open","sticky":false,"template":"","format":"standard","meta":{"footnotes":""},"categories":[18],"tags":[],"class_list":["post-122880","post","type-post","status-publish","format-standard","hentry","category-economia"],"_links":{"self":[{"href":"https:\/\/diariodominicano.com\/index.php?rest_route=\/wp\/v2\/posts\/122880","targetHints":{"allow":["GET"]}}],"collection":[{"href":"https:\/\/diariodominicano.com\/index.php?rest_route=\/wp\/v2\/posts"}],"about":[{"href":"https:\/\/diariodominicano.com\/index.php?rest_route=\/wp\/v2\/types\/post"}],"author":[{"embeddable":true,"href":"https:\/\/diariodominicano.com\/index.php?rest_route=\/wp\/v2\/users\/3"}],"replies":[{"embeddable":true,"href":"https:\/\/diariodominicano.com\/index.php?rest_route=%2Fwp%2Fv2%2Fcomments&post=122880"}],"version-history":[{"count":0,"href":"https:\/\/diariodominicano.com\/index.php?rest_route=\/wp\/v2\/posts\/122880\/revisions"}],"wp:attachment":[{"href":"https:\/\/diariodominicano.com\/index.php?rest_route=%2Fwp%2Fv2%2Fmedia&parent=122880"}],"wp:term":[{"taxonomy":"category","embeddable":true,"href":"https:\/\/diariodominicano.com\/index.php?rest_route=%2Fwp%2Fv2%2Fcategories&post=122880"},{"taxonomy":"post_tag","embeddable":true,"href":"https:\/\/diariodominicano.com\/index.php?rest_route=%2Fwp%2Fv2%2Ftags&post=122880"}],"curies":[{"name":"wp","href":"https:\/\/api.w.org\/{rel}","templated":true}]}}