{"id":122879,"date":"2007-08-13T15:42:18","date_gmt":"2007-08-13T15:42:18","guid":{"rendered":"http:\/\/diariodominicano.ddns.net\/?p=122879"},"modified":"2007-08-13T15:42:18","modified_gmt":"2007-08-13T15:42:18","slug":"semana-dominicana-discutira-desarrollo-del-mercado-hipotecario-y-uso-fondos-de-pensiones","status":"publish","type":"post","link":"https:\/\/diariodominicano.com\/?p=122879","title":{"rendered":"Semana dominicana discutir\u00e1 desarrollo  del mercado hipotecario y uso fondos de pensiones"},"content":{"rendered":"<p><body><\/p>\n<p align=\"justify\" class=\"titulogrande1\">Semana  dominicana discutir\u00e1 desarrollo del  mercado hipotecario y uso fondos de pensiones<\/p>\n<p>&#13;<\/p>\n<p align=\"justify\" class=\"text1noticias\">Los organizadores de la Semana Dominicana  en los Estados Unidos informaron que este a\u00f1o, como parte de la celebraci\u00f3n de  la decimoquinta entrega de ese evento, se realizar\u00e1 un panel sobre el  \u201cDesarrollo del Mercado Dominicano de Hipotecas v\u00eda los Mercados Locales de  Capital y los Valores del Fondo de Pensiones como un Instrumento de  Facilitaci\u00f3n\u201d, organizado por el grupo de Dominicanos en Wall Street (DOWS). <\/p>\n<p>&#13;<\/p>\n<p align=\"justify\" class=\"text1noticias\">La participaci\u00f3n de DOWS, que es  un grupo de expertos financieros que intervienen en la bolsa de valores,  intenta aportar criterios para conjurar el d\u00e9ficit habitacional, impulsar el  sector turismo como residencia de retiro y el uso adecuado de los fondos de pensiones,  las emisiones de deuda corporativa y de letras hipotecarias para financiar  proyectos habitacionales.<\/p>\n<p>&#13;<\/p>\n<p align=\"justify\" class=\"text1noticias\">El evento est\u00e1 programado para el  mes de septiembre y contar\u00e1 con analistas que tienen experiencia en diversas  \u00e1reas del sector de hipotecas en los Estados Unidos.<br \/>&#13;<br \/>\n  <br \/>&#13;<br \/>\n  La coordinaci\u00f3n del panel est\u00e1 a  cargo de Emmanuel E. Mart\u00ednez, Vicepresidente Mercados Emergentes de Bear,  Stearns &amp; Co., Inc. y Presidente de Dows.<br \/>&#13;<br \/>\n  <br \/>&#13;<br \/>\n  El Comit\u00e9  Organizador de Semana Dominicana lo componen el doctor Luis Heredia Bonetti, presidente,  Ellis P\u00e9rez vicepresidente, embajador Roberto Saladin, Pedro   D\u00edaz Ballester, Frank Moya Pons, Maureen Tejeda, Frederick  Emam-Sade y Marcelino San Miguel II. Tambi\u00e9n William Malamud, Dennis Simo  Torres, Muriel Alfonseca, Guillermo Rivera, embajador Roberto Alvarez y Rafael  Ginebra.<\/p>\n<p>&#13;<\/p>\n<p align=\"justify\" class=\"text1noticias\">Sobre  La Semana Dominicana en los EUA:<\/p>\n<p>&#13;<\/p>\n<p align=\"justify\" class=\"text1noticias\">La Semana Dominicana en  los Estados Unidos, lleva 14 a\u00f1os consecutivos realiz\u00e1ndose con resultados muy  positivos para el pa\u00eds en t\u00e9rminos de elevar a los mayores niveles la dominicanidad,  destacando en influyentes sectores de la vida norteamericana las cualidades,  oportunidades y calidades de la Republica Dominicana y su gente, como de ayudar  en soluciones a problemas nacionales. Unos de los objetivos ha sido motivar la  integraci\u00f3n de los dominicanos en Estados Unidos, as\u00ed como provocar que  dominicanos residentes en Norteam\u00e9rica participen en la pol\u00edtica y se  conviertan en factor de decisi\u00f3n.<br \/>&#13;<br \/>\n  <br \/>&#13;<br \/>\n  El  Comit\u00e9 Organizador de Semana Dominicana ha integrado importantes instituciones  y organizaciones de la sociedad dominicana a participar y apoyar el programa de  actividades. En ese tenor, firm\u00f3 acuerdos con la C\u00e1mara Americana de Comercio, la  Fundaci\u00f3n Global y Democracia y la Universidad APEC, las cuales activan  plenamente el programa de eventos.<br \/>&#13;<br \/>\n  <br \/>&#13;<br \/>\n  Semana  Dominicana ha demostrado, que con la buena voluntad y el trabajo de los  miembros de su Comit\u00e9 Organizador, el apoyo de numerosos sectores y el  compromiso y colaboraci\u00f3n de los dominicanos que residen en los Estados Unidos,  es posible proyectar una imagen m\u00e1s elevada de nuestro pa\u00eds y de la di\u00e1spora  dominicana, gan\u00e1ndonos la confianza y credibilidad de numerosas e influyentes instituciones  en los Estados Unidos. <\/p>\n<p>&#13;<\/p>\n<h6> 2007-08-13 15:42:18 <\/h6>\n<p><!--\n<link rel=\"stylesheet\" href=\"css\/bootstrap.min.css\">\n\n\n<ul class=\"pagination\">\n\t    \n\t\n\n<li >\n\t<a href='?page_no=28758'>Previous<\/a>\n\t<\/li>\n\n\n       \n    \n\n<li><a href='?page_no=1'>1<\/a><\/li>\n\n\n\n<li><a href='?page_no=2'>2<\/a><\/li>\n\n\n\n<li><a>...<\/a><\/li>\n\n\n\n<li><a href='?page_no=28757'>28757<\/a><\/li>\n\n\n\n<li><a href='?page_no=28758'>28758<\/a><\/li>\n\n\n\n<li class='active'><a>28759<\/a><\/li>\n\n\n\n<li><a href='?page_no=28760'>28760<\/a><\/li>\n\n\n\n<li><a href='?page_no=28761'>28761<\/a><\/li>\n\n\n\n<li><a>...<\/a><\/li>\n\n\n\n<li><a href='?page_no=30472'>30472<\/a><\/li>\n\n\n\n<li><a href='?page_no=30473'>30473<\/a><\/li>\n\n    \n\t\n\n<li >\n\t<a href='?page_no=28760'>Next<\/a>\n\t<\/li>\n\n\n    \n\n<li><a href='?page_no=30473'>Last &rsaquo;&rsaquo;<\/a><\/li>\n\n<\/ul>\n\n\n--><br \/>\n<\/body><\/p>\n","protected":false},"excerpt":{"rendered":"<p>Semana dominicana discutir\u00e1 desarrollo del mercado hipotecario y uso fondos de pensiones &#13; Los organizadores de la Semana Dominicana en los Estados Unidos informaron que este a\u00f1o, como parte de la celebraci\u00f3n de la decimoquinta entrega de ese evento, se realizar\u00e1 un panel sobre el \u201cDesarrollo del Mercado Dominicano de Hipotecas v\u00eda los Mercados Locales [&hellip;]<\/p>\n","protected":false},"author":3,"featured_media":0,"comment_status":"open","ping_status":"open","sticky":false,"template":"","format":"standard","meta":{"footnotes":""},"categories":[18],"tags":[],"class_list":["post-122879","post","type-post","status-publish","format-standard","hentry","category-economia"],"_links":{"self":[{"href":"https:\/\/diariodominicano.com\/index.php?rest_route=\/wp\/v2\/posts\/122879","targetHints":{"allow":["GET"]}}],"collection":[{"href":"https:\/\/diariodominicano.com\/index.php?rest_route=\/wp\/v2\/posts"}],"about":[{"href":"https:\/\/diariodominicano.com\/index.php?rest_route=\/wp\/v2\/types\/post"}],"author":[{"embeddable":true,"href":"https:\/\/diariodominicano.com\/index.php?rest_route=\/wp\/v2\/users\/3"}],"replies":[{"embeddable":true,"href":"https:\/\/diariodominicano.com\/index.php?rest_route=%2Fwp%2Fv2%2Fcomments&post=122879"}],"version-history":[{"count":0,"href":"https:\/\/diariodominicano.com\/index.php?rest_route=\/wp\/v2\/posts\/122879\/revisions"}],"wp:attachment":[{"href":"https:\/\/diariodominicano.com\/index.php?rest_route=%2Fwp%2Fv2%2Fmedia&parent=122879"}],"wp:term":[{"taxonomy":"category","embeddable":true,"href":"https:\/\/diariodominicano.com\/index.php?rest_route=%2Fwp%2Fv2%2Fcategories&post=122879"},{"taxonomy":"post_tag","embeddable":true,"href":"https:\/\/diariodominicano.com\/index.php?rest_route=%2Fwp%2Fv2%2Ftags&post=122879"}],"curies":[{"name":"wp","href":"https:\/\/api.w.org\/{rel}","templated":true}]}}