{"id":122877,"date":"2007-08-13T15:52:47","date_gmt":"2007-08-13T15:52:47","guid":{"rendered":"http:\/\/diariodominicano.ddns.net\/?p=122877"},"modified":"2007-08-13T15:52:47","modified_gmt":"2007-08-13T15:52:47","slug":"edesur-inaugura-nuevo-punto-expreso-y-anuncia-14-urbanizaciones-pasaran-a-partir-de-este-lunes-a-circuitos-24-horas","status":"publish","type":"post","link":"https:\/\/diariodominicano.com\/?p=122877","title":{"rendered":"Edesur inaugura nuevo punto expreso y anuncia 14 urbanizaciones pasar\u00e1n a partir de este lunes a circuitos 24 horas"},"content":{"rendered":"<p><body><\/p>\n<p align=\"justify\" class=\"titulogrande1\">Edesur inaugura nuevo punto  expreso y anuncia 14 urbanizaciones pasar\u00e1n a partir de este lunes a circuitos  24 horas<\/p>\n<p>&#13;<\/p>\n<p align=\"justify\" class=\"text1noticias\"><strong>MATANZA,  Ban\u00ed.-<\/strong> Edesur Dominicana (Edesur) inaugur\u00f3 una nueva oficina \u00a0punto expreso en el distrito municipal de  Matanza, en el municipio Ban\u00ed de la provincia Peravia, para ofrecer los  servicios de la compa\u00f1\u00eda en la misma comunidad.\u00a0\u00a0 <\/p>\n<p>&#13;<\/p>\n<p align=\"justify\" class=\"text1noticias\">El  acto fue encabezado por el Administrador Gerente General de Edesur, licenciado  Ricardo Arrese P\u00e9rez, quien al pronunciar el discurso de apertura destac\u00f3 los  esfuerzos que se ejecuta la compa\u00f1\u00eda \u00a0en  procura de \u00a0mejorar la calidad de los  servicios \u00a0y dijo que la nueva extensi\u00f3n  fue instalada para garantizar una atenci\u00f3n oportuna \u00a0a los ciudadanos y ciudadanas que requieren  las soluciones \u00a0que ofrece la distribuidora  de electricidad, as\u00ed como ahorrar tiempo y recursos a los clientes que pagan  sus facturas corrientes cada mes.<\/p>\n<p>&#13;<\/p>\n<p align=\"justify\" class=\"text1noticias\">Refiri\u00f3  que la nueva oficina era anhelada por la comunidad de Matanza, formada por seis  mil familias.<br \/>&#13;<br \/>\n  <br \/> &#13;<br \/>\nIndic\u00f3 que los clientes ten\u00edan que desplazarse a la Oficina Comercial  de\u00a0 la ciudad de Ban\u00ed, para pagar o para  contratar\u00a0 nuevos servicios.<\/p>\n<p>&#13;<\/p>\n<p align=\"justify\" class=\"text1noticias\">Indic\u00f3  que la nueva oficina supera esa limitante que obligaba a gastar dinero en  transporte y tomar tiempo que pueden dedicar a otras actividades.<\/p>\n<p>&#13;<\/p>\n<p align=\"justify\" class=\"text1noticias\">Arrese  P\u00e9rez dijo que Edesur est\u00e1\u00a0 concentrada  en mejorar cada d\u00eda los servicios que ofrece\u00a0  y sostuvo que esto se hace posible con un trabajo que requiere el apoyo  de las comunidades. Record\u00f3 que en los \u00faltimos meses la empresa instal\u00f3 otros  siete puntos expresos en comunidades de la regi\u00f3n Sur.<\/p>\n<p>&#13;<\/p>\n<p align=\"justify\" class=\"text1noticias\">Tambi\u00e9n  record\u00f3 que pr\u00f3ximamente las ciudades Ban\u00ed y San Crist\u00f3bal pasar\u00e1n a formar  parte de los circuitos 24 horas.<\/p>\n<p>&#13;<\/p>\n<p align=\"justify\" class=\"text1noticias\">El  nuevo Punto Expreso de Edesur\u00a0 est\u00e1 en el  centro de Matanza, en la carretera Matanza-ciudad Ban\u00ed.<\/p>\n<p>&#13;<\/p>\n<p align=\"justify\" class=\"text1noticias\"><strong>Circuitos 24 horas<\/strong><\/p>\n<p>&#13;<\/p>\n<p align=\"justify\" class=\"text1noticias\">Al  hablar en el acto \u00a0el director Comercial  de Edesur, licenciado Lorenzo Ventura, destac\u00f3 los esfuerzos de la compa\u00f1\u00eda  para ofrecer servicios de calidad y refiri\u00f3 que los circuitos 24 horas  constituyen un ejemplo contundente. Anunci\u00f3 que este lunes Villa Claudia y  otras\u00a0 13 urbanizaciones del Distrito  Nacional, situadas en la zona de las avenidas Colombia y Monumental, pasar\u00e1n al  conjunto de las familias y empresas que reciben energ\u00eda permanente. Explic\u00f3 que  esto s\u00f3lo se altera en casos de aver\u00edas o por interrupciones provocadas por  baja generaci\u00f3n y suspensiones programadas para mejorar. Resalt\u00f3 que cuando se  van a ejecutar trabajos se informa a la poblaci\u00f3n con anticipaci\u00f3n.<\/p>\n<p>&#13;<\/p>\n<p align=\"justify\" class=\"text1noticias\">El  licenciado Ventura explic\u00f3 que cada\u00a0  circuito 24 horas es el fruto de esfuerzos de Edesur y sus clientes que  asumen el compromiso de pagar a tiempo y rechazar cualquier tipo de fraude.<\/p>\n<p>&#13;<\/p>\n<p align=\"justify\" class=\"text1noticias\">El  acto de Matanza reuni\u00f3 a personalidades de la comunidad y de la provincia  Peravia, incluidos los diputados Liceloh Arias y Milc\u00edades\u00a0 Marino Franjul, as\u00ed como el presidente de la Junta del Distrito Municipal  de Matanza, H\u00e9ctor Bienvenido Melo, y\u00a0  Ruddy D\u00edaz Cruz,\u00a0 de la Fundaci\u00f3n Amante  del Progreso<\/p>\n<p>&#13;<\/p>\n<p align=\"justify\" class=\"text1noticias\">La  bendici\u00f3n del local estuvo a cargo del p\u00e1rroco Pedro Antonio.<\/p>\n<p>&#13;<\/p>\n<p align=\"justify\" class=\"text1noticias\">El  administrador de Edesur, licenciado\u00a0  Arrese\u00a0 P\u00e9rez, estuvo acompa\u00f1ado  adem\u00e1s del licenciado Ventura, por el gerente de la    Zona Sur de Edesur, Fabio S\u00e1nchez, Carlos  Pe\u00f1a y Juan Gonz\u00e1lez, Zonas Azua y Barahona, Susana Gautreaux, de la Gerencia Legal, Ivelisse Soto  de Comercial y H\u00e9ctor Tineo Nolasco, gerente de Comunicaciones.<\/p>\n<p>&#13;<\/p>\n<p align=\"justify\" class=\"text1noticias\">Durante  los \u00faltimos meses Edesur ha inaugurado \u00a0siete \u00a0puntos  expresos en igual n\u00famero de comunidades de la regi\u00f3n Sur, donde se prestan los  diferentes servicios que ofrece la empresa\u00a0  a \u00a0diez mil \u00a0usuarios. <\/p>\n<p>&#13;<\/p>\n<p align=\"justify\" class=\"text1noticias\">Est\u00e1n  en funcionamiento \u00a0los puntos expresos de  Juan de Herrera, Sabaneta, Bohech\u00edo, Pedro Corto y Vallejuelo, en la provincia  San Juan de la Maguana.<\/p>\n<p>&#13;<\/p>\n<p align=\"justify\" class=\"text1noticias\">Tambi\u00e9n  los de \u00a0Nizao, en la provincia Peravia y  Enriquillo en la provincia de Barahona.<\/p>\n<p>&#13;<\/p>\n<p align=\"justify\" class=\"text1noticias\">Direcci\u00f3n  de Comunicaciones<\/p>\n<p>&#13;<\/p>\n<p align=\"justify\" class=\"text1noticias\">Tels.  809747-5573 <\/p>\n<p>&#13;<\/p>\n<p align=\"justify\" class=\"text1noticias\">809683-9292\u00a0\u00a0\u00a0 Ext. 72198<\/p>\n<p>&#13;<\/p>\n<h6> 2007-08-13 15:52:47 <\/h6>\n<p><!--\n<link rel=\"stylesheet\" href=\"css\/bootstrap.min.css\">\n\n\n<ul class=\"pagination\">\n\t    \n\t\n\n<li >\n\t<a href='?page_no=28756'>Previous<\/a>\n\t<\/li>\n\n\n       \n    \n\n<li><a href='?page_no=1'>1<\/a><\/li>\n\n\n\n<li><a href='?page_no=2'>2<\/a><\/li>\n\n\n\n<li><a>...<\/a><\/li>\n\n\n\n<li><a href='?page_no=28755'>28755<\/a><\/li>\n\n\n\n<li><a href='?page_no=28756'>28756<\/a><\/li>\n\n\n\n<li class='active'><a>28757<\/a><\/li>\n\n\n\n<li><a href='?page_no=28758'>28758<\/a><\/li>\n\n\n\n<li><a href='?page_no=28759'>28759<\/a><\/li>\n\n\n\n<li><a>...<\/a><\/li>\n\n\n\n<li><a href='?page_no=30472'>30472<\/a><\/li>\n\n\n\n<li><a href='?page_no=30473'>30473<\/a><\/li>\n\n    \n\t\n\n<li >\n\t<a href='?page_no=28758'>Next<\/a>\n\t<\/li>\n\n\n    \n\n<li><a href='?page_no=30473'>Last &rsaquo;&rsaquo;<\/a><\/li>\n\n<\/ul>\n\n\n--><br \/>\n<\/body><\/p>\n","protected":false},"excerpt":{"rendered":"<p>Edesur inaugura nuevo punto expreso y anuncia 14 urbanizaciones pasar\u00e1n a partir de este lunes a circuitos 24 horas &#13; MATANZA, Ban\u00ed.- Edesur Dominicana (Edesur) inaugur\u00f3 una nueva oficina \u00a0punto expreso en el distrito municipal de Matanza, en el municipio Ban\u00ed de la provincia Peravia, para ofrecer los servicios de la compa\u00f1\u00eda en la misma [&hellip;]<\/p>\n","protected":false},"author":3,"featured_media":0,"comment_status":"open","ping_status":"open","sticky":false,"template":"","format":"standard","meta":{"footnotes":""},"categories":[18],"tags":[],"class_list":["post-122877","post","type-post","status-publish","format-standard","hentry","category-economia"],"_links":{"self":[{"href":"https:\/\/diariodominicano.com\/index.php?rest_route=\/wp\/v2\/posts\/122877","targetHints":{"allow":["GET"]}}],"collection":[{"href":"https:\/\/diariodominicano.com\/index.php?rest_route=\/wp\/v2\/posts"}],"about":[{"href":"https:\/\/diariodominicano.com\/index.php?rest_route=\/wp\/v2\/types\/post"}],"author":[{"embeddable":true,"href":"https:\/\/diariodominicano.com\/index.php?rest_route=\/wp\/v2\/users\/3"}],"replies":[{"embeddable":true,"href":"https:\/\/diariodominicano.com\/index.php?rest_route=%2Fwp%2Fv2%2Fcomments&post=122877"}],"version-history":[{"count":0,"href":"https:\/\/diariodominicano.com\/index.php?rest_route=\/wp\/v2\/posts\/122877\/revisions"}],"wp:attachment":[{"href":"https:\/\/diariodominicano.com\/index.php?rest_route=%2Fwp%2Fv2%2Fmedia&parent=122877"}],"wp:term":[{"taxonomy":"category","embeddable":true,"href":"https:\/\/diariodominicano.com\/index.php?rest_route=%2Fwp%2Fv2%2Fcategories&post=122877"},{"taxonomy":"post_tag","embeddable":true,"href":"https:\/\/diariodominicano.com\/index.php?rest_route=%2Fwp%2Fv2%2Ftags&post=122877"}],"curies":[{"name":"wp","href":"https:\/\/api.w.org\/{rel}","templated":true}]}}