{"id":122876,"date":"2007-08-14T11:03:57","date_gmt":"2007-08-14T11:03:57","guid":{"rendered":"http:\/\/diariodominicano.ddns.net\/?p=122876"},"modified":"2007-08-14T11:03:57","modified_gmt":"2007-08-14T11:03:57","slug":"gobernador-del-banco-central-destaca-politica-de-recuperacion-economica","status":"publish","type":"post","link":"https:\/\/diariodominicano.com\/?p=122876","title":{"rendered":"Gobernador del Banco Central destaca pol\u00edtica de recuperaci\u00f3n econ\u00f3mica"},"content":{"rendered":"<p><body><\/p>\n<p align=\"justify\" class=\"text1noticias\"><span class=\"titulogrande1\">Gobernador  del Banco Central destaca pol\u00edtica de recuperaci\u00f3n econ\u00f3mica <\/span><br \/>&#13;<br \/>\n  <br \/>&#13;<br \/>\n    <strong><img loading=\"lazy\" decoding=\"async\" src=\"http:\/\/localhost:8080\/economia\/pictures\/hectorvaldez1.jpg\" width=\"269\" height=\"259\" hspace=\"4\" align=\"left\" \/>Signific\u00f3  que otro indicador importante que apuntala la recuperaci\u00f3n econ\u00f3mica dominicana  es la reducci\u00f3n de la tasa de inter\u00e9s de los certificados del Banco Central,  que pasaron de un 58.45 a  un 8.8 por ciento, gracias a la confianza y credibilidad que han logrado  establecer. <\/strong><br \/>&#13;<br \/>\n  <br \/>&#13;<br \/>\n  SANTO  DOMINGO.- El gobernador del Banco Central, H\u00e9ctor Valdez Albizu, considera \u00a0que la recuperaci\u00f3n econ\u00f3mica de la Rep\u00fablica Dominica  est\u00e1 motivada en los programas establecidos por el equipo econ\u00f3mico del  Gobierno y en la coordinaci\u00f3n y vinculaci\u00f3n de las pol\u00edticas monetarias y  fiscales que se han implementado.<br \/>&#13;<br \/>\n  <br \/>&#13;<br \/>\n  Tras  participar en el Foro Econ\u00f3mico \u201cTestimonio de Esperanza\u201d, el funcionario dijo  est\u00e1 convencido de que el pa\u00eds ha pasado de la crisis econ\u00f3mica que hered\u00f3 de  las pasadas autoridades gubernamentales a la recuperaci\u00f3n, situaci\u00f3n que  reconocen los organismos multilaterales y las calificadoras de riesgo-pa\u00eds.<br \/>&#13;<br \/>\n  Destac\u00f3 \u00a0que los \u00edndices econ\u00f3micos tambi\u00e9n demuestran  el \u00e9xito econ\u00f3mico de la gesti\u00f3n del presidente Leonel Fern\u00e1ndez, tras referir  que la inflaci\u00f3n de 2004 era de un 51.84 por ciento, mientras que para el  presente a\u00f1o se espera que termine en tan solo en un 7 u 8 por ciento.<br \/>&#13;<br \/>\n  <br \/>&#13;<br \/>\n  Signific\u00f3  que otro indicador importante que apuntala la recuperaci\u00f3n econ\u00f3mica dominicana  es la reducci\u00f3n de la tasa de inter\u00e9s de los certificados del Banco Central,  que pasaron de un 58.45 a  un 8.8 por ciento, gracias a la confianza y credibilidad que han logrado  establecer. <br \/>&#13;<br \/>\n  <br \/>&#13;<br \/>\n  Valdez  Albizu explic\u00f3 que en la actualidad la tasa de inter\u00e9s en el mercado financiero  se fija la activa en un 16 por ciento, mientras que la preferencial est\u00e1 en \u00a0un 11 por ciento, situaci\u00f3n que no se presentaba  en el pa\u00eds desde el a\u00f1o 1919 debido a la   Ley de Usura que rigi\u00f3 en la \u00e9poca.<br \/>&#13;<br \/>\n  <br \/>&#13;<br \/>\n  Indic\u00f3  igualmente que la cartera de pr\u00e9stamo se ha expandido durante los \u00faltimos tres  a\u00f1os en un 46 por ciento, mientras que la tasa de inter\u00e9s para el sector  hipotecario oscila entre un 12 y un 13 por ciento, lo que le da la oportunidad  a los dominicanos a que tengan acceso a una vivienda.<br \/>&#13;<br \/>\n  <br \/>&#13;<br \/>\n  Refiri\u00f3\u00a0 que al asumir el presidente \u00a0Leonel Fern\u00e1ndez la presidencia de la Rep\u00fablica las reservas  en d\u00f3lares del Banco Central eran de menos US$20.2 millones, mientras que en la  actualidad est\u00e1n en 1,579 millones de d\u00f3lares, superando las expectativas que  se fij\u00f3 el Fondo Monetario Internacional.<br \/>&#13;<br \/>\n  <br \/>&#13;<br \/>\n  El  Gobernador del Banco Central argument\u00f3 que al finalizar el presente a\u00f1o se  estima que el Producto Bruto Interno superar\u00e1 el 8 por ciento, mientras que en  los tres a\u00f1os de administraci\u00f3n del presidente Fern\u00e1ndez el promedio de  crecimiento del PBI se sit\u00faa en un 7.7 por ciento.<br \/>&#13;<br \/>\n  <br \/>&#13;<br \/>\n  <strong>Crece  cr\u00e9dito bancario<\/strong> <br \/>&#13;<br \/>\n  <br \/>&#13;<br \/>\n  De su lado,  el superintendente de Bancos, Rafael Camilo, sostuvo que gracias a las medidas  de control establecidas le han devuelto la confianza a la ciudadan\u00eda sobre el  sistema financiero nacional.<br \/>&#13;<br \/>\n  <br \/>&#13;<br \/>\n  Record\u00f3\u00a0 que en el 2004 s\u00f3lo 113 mil dominicanos  ten\u00edan acceso a cr\u00e9dito bancario para el sector de la peque\u00f1a y mediana  empresa, mientras que\u00a0 hoy 200 mil clientes de esa importante \u00e1rea de la  econom\u00eda tienen cr\u00e9ditos.<br \/>&#13;<br \/>\n  <br \/>&#13;<br \/>\nSostuvo que  igualmente se ha desarrollado el sector hipotecario, que hac\u00eda m\u00e1s de 30 a\u00f1os  que en la   Rep\u00fablica Dominicana no se prestaba a una tasa de un 10 a un 12 por ciento.<\/p>\n<h6> 2007-08-14 11:03:57 <\/h6>\n<p><!--\n<link rel=\"stylesheet\" href=\"css\/bootstrap.min.css\">\n\n\n<ul class=\"pagination\">\n\t    \n\t\n\n<li >\n\t<a href='?page_no=28755'>Previous<\/a>\n\t<\/li>\n\n\n       \n    \n\n<li><a href='?page_no=1'>1<\/a><\/li>\n\n\n\n<li><a href='?page_no=2'>2<\/a><\/li>\n\n\n\n<li><a>...<\/a><\/li>\n\n\n\n<li><a href='?page_no=28754'>28754<\/a><\/li>\n\n\n\n<li><a href='?page_no=28755'>28755<\/a><\/li>\n\n\n\n<li class='active'><a>28756<\/a><\/li>\n\n\n\n<li><a href='?page_no=28757'>28757<\/a><\/li>\n\n\n\n<li><a href='?page_no=28758'>28758<\/a><\/li>\n\n\n\n<li><a>...<\/a><\/li>\n\n\n\n<li><a href='?page_no=30472'>30472<\/a><\/li>\n\n\n\n<li><a href='?page_no=30473'>30473<\/a><\/li>\n\n    \n\t\n\n<li >\n\t<a href='?page_no=28757'>Next<\/a>\n\t<\/li>\n\n\n    \n\n<li><a href='?page_no=30473'>Last &rsaquo;&rsaquo;<\/a><\/li>\n\n<\/ul>\n\n\n--><br \/>\n<\/body><\/p>\n","protected":false},"excerpt":{"rendered":"<p>Gobernador del Banco Central destaca pol\u00edtica de recuperaci\u00f3n econ\u00f3mica &#13; &#13; Signific\u00f3 que otro indicador importante que apuntala la recuperaci\u00f3n econ\u00f3mica dominicana es la reducci\u00f3n de la tasa de inter\u00e9s de los certificados del Banco Central, que pasaron de un 58.45 a un 8.8 por ciento, gracias a la confianza y credibilidad que han logrado [&hellip;]<\/p>\n","protected":false},"author":3,"featured_media":0,"comment_status":"open","ping_status":"open","sticky":false,"template":"","format":"standard","meta":{"footnotes":""},"categories":[18],"tags":[],"class_list":["post-122876","post","type-post","status-publish","format-standard","hentry","category-economia"],"_links":{"self":[{"href":"https:\/\/diariodominicano.com\/index.php?rest_route=\/wp\/v2\/posts\/122876","targetHints":{"allow":["GET"]}}],"collection":[{"href":"https:\/\/diariodominicano.com\/index.php?rest_route=\/wp\/v2\/posts"}],"about":[{"href":"https:\/\/diariodominicano.com\/index.php?rest_route=\/wp\/v2\/types\/post"}],"author":[{"embeddable":true,"href":"https:\/\/diariodominicano.com\/index.php?rest_route=\/wp\/v2\/users\/3"}],"replies":[{"embeddable":true,"href":"https:\/\/diariodominicano.com\/index.php?rest_route=%2Fwp%2Fv2%2Fcomments&post=122876"}],"version-history":[{"count":0,"href":"https:\/\/diariodominicano.com\/index.php?rest_route=\/wp\/v2\/posts\/122876\/revisions"}],"wp:attachment":[{"href":"https:\/\/diariodominicano.com\/index.php?rest_route=%2Fwp%2Fv2%2Fmedia&parent=122876"}],"wp:term":[{"taxonomy":"category","embeddable":true,"href":"https:\/\/diariodominicano.com\/index.php?rest_route=%2Fwp%2Fv2%2Fcategories&post=122876"},{"taxonomy":"post_tag","embeddable":true,"href":"https:\/\/diariodominicano.com\/index.php?rest_route=%2Fwp%2Fv2%2Ftags&post=122876"}],"curies":[{"name":"wp","href":"https:\/\/api.w.org\/{rel}","templated":true}]}}