{"id":122875,"date":"2007-08-15T11:08:55","date_gmt":"2007-08-15T11:08:55","guid":{"rendered":"http:\/\/diariodominicano.ddns.net\/?p=122875"},"modified":"2007-08-15T11:08:55","modified_gmt":"2007-08-15T11:08:55","slug":"presidente-fernandez-inaugura-dos-acueductos-y-entrega-224-titulos-a-parceleros","status":"publish","type":"post","link":"https:\/\/diariodominicano.com\/?p=122875","title":{"rendered":"Presidente Fern\u00e1ndez inaugura dos acueductos y entrega 224 t\u00edtulos a parceleros"},"content":{"rendered":"<p><body><\/p>\n<p align=\"justify\" class=\"titulogrande1\">Presidente Fern\u00e1ndez inaugura dos acueductos y entrega 224 t\u00edtulos a  parceleros <\/p>\n<p>&#13;<\/p>\n<p align=\"justify\" class=\"text1noticias\"><strong><img loading=\"lazy\" decoding=\"async\" src=\"http:\/\/localhost:8080\/economia\/pictures\/leonel acueducto bani.jpg\" width=\"269\" height=\"341\" hspace=\"4\" align=\"left\" \/>Villa Sombrero,  Peravia.<\/strong> El  presidente Leonel Fern\u00e1ndez inaugur\u00f3 el martes dos acueductos en Villa  Sombrero-El Llano y la extensi\u00f3n a Sabana Larga del acueducto Santana-Catalina,  construidos a un costo de 68 millones 564 mil 49 de pesos.<br \/>&#13;<br \/>\n  <br \/>&#13;<br \/>\n  Tambi\u00e9n entreg\u00f3 tres  asentamientos y otorg\u00f3 224 t\u00edtulos de propiedad a igual n\u00famero de parceleros de  varias comunidades de la provincia Peravia.<br \/>&#13;<br \/>\n  <br \/>&#13;<br \/>\n  En el acto, el director  del Instituto Nacional de Aguas Potables y Alcantarillados,\u00a0 V\u00edctor D\u00edaz Rua, dijo \u00a0que en lo que va de la presente  administraci\u00f3n, el Gobierno ha entregado 93 acueductos en los que se han  invertido 21 mil millones de pesos.<br \/>&#13;<br \/>\n  <br \/>&#13;<br \/>\n  Anunci\u00f3 que en enero del  pr\u00f3ximo a\u00f1o se iniciar\u00e1 la construcci\u00f3n del acueducto de Peravia a un costo de  80 millones de d\u00f3lares y el de Barahona, con un costo de 4 mil millones de  pesos, estar\u00e1 en funcionamiento el pr\u00f3ximo 4 de septiembre. <br \/>&#13;<br \/>\n  <br \/>&#13;<br \/>\n  Destac\u00f3 que con esos 93  acueductos se beneficiar\u00e1n 3 millones 200 mil personas.<br \/>&#13;<br \/>\n  <br \/>&#13;<br \/>\n  El acueducto de Sombrero  \u2013Los Llanos tendr\u00e1 una capacidad de 300 mil galones, y beneficiar\u00e1 a 14 mil 258  habitantes, mientras que la extensi\u00f3n que va de Sabana Larga a Santana, servir\u00e1  agua a 1, 272 personas y tienen un almacenamiento de 39 mil 600 galones.<br \/>&#13;<br \/>\n  <br \/>&#13;<br \/>\n  En la inauguraci\u00f3n  tambi\u00e9n habl\u00f3 el director del Instituto Agrario Dominicano, \u00a0Kilvio Cabrera, quien dijo que en los  asentamientos, \u00a0con la adquisici\u00f3n de  maquinarias modernas y el mejoramiento de la tierra, el Gobierno ha invertido  31 millones de d\u00f3lares.<br \/>&#13;<br \/>\n  <br \/>&#13;<br \/>\n  Anunci\u00f3 que el pr\u00f3ximo  mes de noviembre, el Gobierno entregar\u00e1 13 asentamientos a campesinos de  diversas zonas del pa\u00eds.<br \/>&#13;<br \/>\n  <br \/>&#13;<br \/>\n  De su lado, el  gobernador de Peravia, Bienvenido Montero, resalt\u00f3 que de 14 acueductos que eran  demandados por los habitantes de la zona, ya hay 8 en funcionamiento.<br \/>&#13;<br \/>\n  <br \/>&#13;<br \/>\n  Anunci\u00f3 que RD$251  millones de pesos ser\u00e1n invertidos en Las Catalinas, Santa Rosa y otros  sectores.<br \/>&#13;<br \/>\nEn la inauguraci\u00f3n, el  presidente Leonel Fern\u00e1ndez estuvo acompa\u00f1ado por los secretarios de  Agricultura, Jos\u00e9 \u2013Ch\u00edo- Jim\u00e9nez, de Educaci\u00f3n, Alejandrina Germ\u00e1n, de la Mujer, Flavia Garc\u00eda, el  senador Wilton Guerrero y el director de la Oficina de Ingenieros Supervisores de Obras del  Estado, \u00a0F\u00e9lix Bautista.<\/p>\n<p>&#13;<\/p>\n<h6> 2007-08-15 11:08:55 <\/h6>\n<p><!--\n<link rel=\"stylesheet\" href=\"css\/bootstrap.min.css\">\n\n\n<ul class=\"pagination\">\n\t    \n\t\n\n<li >\n\t<a href='?page_no=28754'>Previous<\/a>\n\t<\/li>\n\n\n       \n    \n\n<li><a href='?page_no=1'>1<\/a><\/li>\n\n\n\n<li><a href='?page_no=2'>2<\/a><\/li>\n\n\n\n<li><a>...<\/a><\/li>\n\n\n\n<li><a href='?page_no=28753'>28753<\/a><\/li>\n\n\n\n<li><a href='?page_no=28754'>28754<\/a><\/li>\n\n\n\n<li class='active'><a>28755<\/a><\/li>\n\n\n\n<li><a href='?page_no=28756'>28756<\/a><\/li>\n\n\n\n<li><a href='?page_no=28757'>28757<\/a><\/li>\n\n\n\n<li><a>...<\/a><\/li>\n\n\n\n<li><a href='?page_no=30472'>30472<\/a><\/li>\n\n\n\n<li><a href='?page_no=30473'>30473<\/a><\/li>\n\n    \n\t\n\n<li >\n\t<a href='?page_no=28756'>Next<\/a>\n\t<\/li>\n\n\n    \n\n<li><a href='?page_no=30473'>Last &rsaquo;&rsaquo;<\/a><\/li>\n\n<\/ul>\n\n\n--><br \/>\n<\/body><\/p>\n","protected":false},"excerpt":{"rendered":"<p>Presidente Fern\u00e1ndez inaugura dos acueductos y entrega 224 t\u00edtulos a parceleros &#13; Villa Sombrero, Peravia. El presidente Leonel Fern\u00e1ndez inaugur\u00f3 el martes dos acueductos en Villa Sombrero-El Llano y la extensi\u00f3n a Sabana Larga del acueducto Santana-Catalina, construidos a un costo de 68 millones 564 mil 49 de pesos.&#13; &#13; Tambi\u00e9n entreg\u00f3 tres asentamientos y [&hellip;]<\/p>\n","protected":false},"author":3,"featured_media":0,"comment_status":"open","ping_status":"open","sticky":false,"template":"","format":"standard","meta":{"footnotes":""},"categories":[18],"tags":[],"class_list":["post-122875","post","type-post","status-publish","format-standard","hentry","category-economia"],"_links":{"self":[{"href":"https:\/\/diariodominicano.com\/index.php?rest_route=\/wp\/v2\/posts\/122875","targetHints":{"allow":["GET"]}}],"collection":[{"href":"https:\/\/diariodominicano.com\/index.php?rest_route=\/wp\/v2\/posts"}],"about":[{"href":"https:\/\/diariodominicano.com\/index.php?rest_route=\/wp\/v2\/types\/post"}],"author":[{"embeddable":true,"href":"https:\/\/diariodominicano.com\/index.php?rest_route=\/wp\/v2\/users\/3"}],"replies":[{"embeddable":true,"href":"https:\/\/diariodominicano.com\/index.php?rest_route=%2Fwp%2Fv2%2Fcomments&post=122875"}],"version-history":[{"count":0,"href":"https:\/\/diariodominicano.com\/index.php?rest_route=\/wp\/v2\/posts\/122875\/revisions"}],"wp:attachment":[{"href":"https:\/\/diariodominicano.com\/index.php?rest_route=%2Fwp%2Fv2%2Fmedia&parent=122875"}],"wp:term":[{"taxonomy":"category","embeddable":true,"href":"https:\/\/diariodominicano.com\/index.php?rest_route=%2Fwp%2Fv2%2Fcategories&post=122875"},{"taxonomy":"post_tag","embeddable":true,"href":"https:\/\/diariodominicano.com\/index.php?rest_route=%2Fwp%2Fv2%2Ftags&post=122875"}],"curies":[{"name":"wp","href":"https:\/\/api.w.org\/{rel}","templated":true}]}}