{"id":122864,"date":"2007-08-18T02:40:22","date_gmt":"2007-08-18T02:40:22","guid":{"rendered":"http:\/\/diariodominicano.ddns.net\/?p=122864"},"modified":"2007-08-18T02:40:22","modified_gmt":"2007-08-18T02:40:22","slug":"bengoa-reclama-a-congreso-aprobacion-de-presupuesto-complementario","status":"publish","type":"post","link":"https:\/\/diariodominicano.com\/?p=122864","title":{"rendered":"Bengoa reclama a Congreso aprobaci\u00f3n de Presupuesto Complementario"},"content":{"rendered":"<p><body><\/p>\n<p align=\"justify\" class=\"titulogrande1\">Bengoa  reclama a Congreso aprobaci\u00f3n de Presupuesto Complementario<\/p>\n<p>&#13;<\/p>\n<p align=\"justify\" class=\"text1noticias\"><img loading=\"lazy\" decoding=\"async\" src=\"http:\/\/localhost:8080\/economia\/pictures\/vicente bengoa.jpg\" width=\"269\" height=\"199\" hspace=\"4\" align=\"left\" \/>Santo Domingo-.El secretario  de Hacienda pidi\u00f3 \u00a0al Congreso Nacional  la aprobaci\u00f3n del proyecto de Presupuesto Complementario que le fue remitido  por el Ejecutivo hace ya varias semanas.<\/p>\n<p>&#13;<\/p>\n<p align=\"justify\" class=\"text1noticias\">Vicente Bengoa advirti\u00f3 que ante la eventualidad del paso del  hurac\u00e1n Dean, el gobierno carece de apropiaci\u00f3n presupuestaria para enfrentar  la eventualidad de que el fen\u00f3meno pueda afectar el territorio nacional.<br \/>&#13;<br \/>\n\u00a0\u00a0\u00a0\u00a0\u00a0\u00a0\u00a0 <br \/>&#13;<br \/>\nRecord\u00f3  que a causa de los da\u00f1os causados por tornados, lluvias y otras perturbaciones  naturales registradas en lo que va de a\u00f1o, se agot\u00f3 la reserva para enfrentar  desastres consignadas en el presupuesto, que era de RD$573 millones..<br \/>&#13;<br \/>\n\u00a0\u00a0\u00a0\u00a0\u00a0\u00a0\u00a0 <br \/>&#13;<br \/>\nDijo  que por esa raz\u00f3n, se consign\u00f3 para esos fines una partida de RD$1 mil millones  en el proyecto de Presupuesto Complementario que est\u00e1 en el Senado.<br \/>&#13;<br \/>\n\u00a0\u00a0\u00a0\u00a0\u00a0\u00a0\u00a0 <br \/>&#13;<br \/>\nA\u00f1adi\u00f3  que \u201capelo a la sensatez y a la buena disposici\u00f3n de nuestros legisladores para  que conozcan y sancionen ese proyecto en su pr\u00f3xima sesi\u00f3n, ya que ante la  eventualidad del paso del hurac\u00e1n Dean, podr\u00edamos tener problemas\u201d.<\/p>\n<p>&#13;<\/p>\n<p align=\"justify\" class=\"text1noticias\"> Reiter\u00f3 que si el hurac\u00e1n afectara el territorio nacional  ocasionando desastres y da\u00f1os, \u201cel gobierno podr\u00eda verse en dificultades  presupuestarias para hacer frente a la situaci\u00f3n\u201d.<\/p>\n<p>&#13;<\/p>\n<h6> 2007-08-18 02:40:22 <\/h6>\n<p><!--\n<link rel=\"stylesheet\" href=\"css\/bootstrap.min.css\">\n\n\n<ul class=\"pagination\">\n\t    \n\t\n\n<li >\n\t<a href='?page_no=28743'>Previous<\/a>\n\t<\/li>\n\n\n       \n    \n\n<li><a href='?page_no=1'>1<\/a><\/li>\n\n\n\n<li><a href='?page_no=2'>2<\/a><\/li>\n\n\n\n<li><a>...<\/a><\/li>\n\n\n\n<li><a href='?page_no=28742'>28742<\/a><\/li>\n\n\n\n<li><a href='?page_no=28743'>28743<\/a><\/li>\n\n\n\n<li class='active'><a>28744<\/a><\/li>\n\n\n\n<li><a href='?page_no=28745'>28745<\/a><\/li>\n\n\n\n<li><a href='?page_no=28746'>28746<\/a><\/li>\n\n\n\n<li><a>...<\/a><\/li>\n\n\n\n<li><a href='?page_no=30472'>30472<\/a><\/li>\n\n\n\n<li><a href='?page_no=30473'>30473<\/a><\/li>\n\n    \n\t\n\n<li >\n\t<a href='?page_no=28745'>Next<\/a>\n\t<\/li>\n\n\n    \n\n<li><a href='?page_no=30473'>Last &rsaquo;&rsaquo;<\/a><\/li>\n\n<\/ul>\n\n\n--><br \/>\n<\/body><\/p>\n","protected":false},"excerpt":{"rendered":"<p>Bengoa reclama a Congreso aprobaci\u00f3n de Presupuesto Complementario &#13; Santo Domingo-.El secretario de Hacienda pidi\u00f3 \u00a0al Congreso Nacional la aprobaci\u00f3n del proyecto de Presupuesto Complementario que le fue remitido por el Ejecutivo hace ya varias semanas. &#13; Vicente Bengoa advirti\u00f3 que ante la eventualidad del paso del hurac\u00e1n Dean, el gobierno carece de apropiaci\u00f3n presupuestaria [&hellip;]<\/p>\n","protected":false},"author":3,"featured_media":0,"comment_status":"open","ping_status":"open","sticky":false,"template":"","format":"standard","meta":{"footnotes":""},"categories":[18],"tags":[],"class_list":["post-122864","post","type-post","status-publish","format-standard","hentry","category-economia"],"_links":{"self":[{"href":"https:\/\/diariodominicano.com\/index.php?rest_route=\/wp\/v2\/posts\/122864","targetHints":{"allow":["GET"]}}],"collection":[{"href":"https:\/\/diariodominicano.com\/index.php?rest_route=\/wp\/v2\/posts"}],"about":[{"href":"https:\/\/diariodominicano.com\/index.php?rest_route=\/wp\/v2\/types\/post"}],"author":[{"embeddable":true,"href":"https:\/\/diariodominicano.com\/index.php?rest_route=\/wp\/v2\/users\/3"}],"replies":[{"embeddable":true,"href":"https:\/\/diariodominicano.com\/index.php?rest_route=%2Fwp%2Fv2%2Fcomments&post=122864"}],"version-history":[{"count":0,"href":"https:\/\/diariodominicano.com\/index.php?rest_route=\/wp\/v2\/posts\/122864\/revisions"}],"wp:attachment":[{"href":"https:\/\/diariodominicano.com\/index.php?rest_route=%2Fwp%2Fv2%2Fmedia&parent=122864"}],"wp:term":[{"taxonomy":"category","embeddable":true,"href":"https:\/\/diariodominicano.com\/index.php?rest_route=%2Fwp%2Fv2%2Fcategories&post=122864"},{"taxonomy":"post_tag","embeddable":true,"href":"https:\/\/diariodominicano.com\/index.php?rest_route=%2Fwp%2Fv2%2Ftags&post=122864"}],"curies":[{"name":"wp","href":"https:\/\/api.w.org\/{rel}","templated":true}]}}