{"id":122862,"date":"2007-08-19T23:39:47","date_gmt":"2007-08-19T23:39:47","guid":{"rendered":"http:\/\/diariodominicano.ddns.net\/?p=122862"},"modified":"2007-08-19T23:39:47","modified_gmt":"2007-08-19T23:39:47","slug":"aduanas-reconoce-labor-de-funcionario-embajada-eeu","status":"publish","type":"post","link":"https:\/\/diariodominicano.com\/?p=122862","title":{"rendered":"Aduanas reconoce labor de funcionario embajada EEU"},"content":{"rendered":"<p><body><\/p>\n<p class=\"titulogrande1\">Aduanas  reconoce labor de funcionario embajada EEU<\/p>\n<p>&#13;<\/p>\n<p align=\"justify\" class=\"text1noticias\"><strong>SANTO DOMINGO.- <\/strong>La Direcci\u00f3n General  de Aduanas (DGA) reconoci\u00f3 los aportes hechos al pa\u00eds por el agregado de Aduanas e Inmigraci\u00f3n de la Embajada de los Estados Unidos  en el pa\u00eds, Timothy Tubos.<\/p>\n<p>&#13;<\/p>\n<p align=\"justify\" class=\"text1noticias\">Aduanas dijo que sobre todo  esos aportes fueron \u00a0a favor de la  extensi\u00f3n del programa Iniciativa para la Protecci\u00f3n de Contenedores (CSI) a los puertos de  Haina Oriental y Puerto Plata, tras concluir su misi\u00f3n y previo a su partida  hacia Washington, luego de seis a\u00f1os en la Rep\u00fablica Dominicana. <\/p>\n<p>&#13;<\/p>\n<p align=\"justify\" class=\"text1noticias\">Miguel Cocco dijo que Timothy  Tubbs sirvi\u00f3 a su pa\u00eds\u00a0 y se convirti\u00f3 en  un aliado del proceso de modernidad de aduanas, lo cual es valorado por el  equipo que hoy dirige la instituci\u00f3n. <\/p>\n<p>&#13;<\/p>\n<p align=\"justify\" class=\"text1noticias\">Agreg\u00f3 que \u00abTimothy  siempre mantuvo una actitud fraterna, dispuesto a colaborar con la DGA en el proceso de  intercambio de informaci\u00f3n, por lo que lamentamos su partida\u00bb. <\/p>\n<p>&#13;<\/p>\n<p align=\"justify\" class=\"text1noticias\">De su lado, el funcionario  norteamericano agradeci\u00f3 el respaldo que Aduanas le dio a su gesti\u00f3n y expres\u00f3  su complacencia por haber trabajado junto al equipo de la instituci\u00f3n del que  aprendi\u00f3 mucho. <\/p>\n<p>&#13;<\/p>\n<p align=\"justify\" class=\"text1noticias\">Resalt\u00f3 la calidad  profesional de las personas de Aduanas con las que trabaj\u00f3 y sostuvo que  \u00abverdaderamente aprendi\u00f3 aduanas con ese equipo\u00bb y por haber hecho  que sintiera a la   Rep\u00fablica Dominicana como su pa\u00eds. <\/p>\n<p>&#13;<\/p>\n<p align=\"justify\" class=\"text1noticias\">Timothy ser\u00e1 reemplazado en  el cargo por \u00a0Rub\u00e9n Berm\u00fadez, quien dio  seguridades a la   Direcci\u00f3n General de Aduanas de que el trabajo emprendido por  Tubbs continuar\u00e1\u00a0\u00a0 porque\u00a0\u00a0 \u00abno ha cambiado, todo seguir\u00e1 igual,  ahora con una participaci\u00f3n un poco m\u00e1s amplia en el desarrollo de los  proyectos que se vienen trabajando\u00bb. <\/p>\n<p>&#13;<\/p>\n<p align=\"justify\" class=\"text1noticias\">Dijo que parte del plan de  trabajo de este a\u00f1o de la embajada de los Estados Unidos en el pa\u00eds, es lograr  la extensi\u00f3n\u00a0 del programa de iniciativa  para la Protecci\u00f3n  de Contenedores (CSI) a los puertos de Haina Oriental y Puerto Plata, por lo  que expres\u00f3 pondr\u00e1 todo su empe\u00f1o para lograrlo. <\/p>\n<p>&#13;<\/p>\n<h6> 2007-08-19 23:39:47 <\/h6>\n<p><!--\n<link rel=\"stylesheet\" href=\"css\/bootstrap.min.css\">\n\n\n<ul class=\"pagination\">\n\t    \n\t\n\n<li >\n\t<a href='?page_no=28741'>Previous<\/a>\n\t<\/li>\n\n\n       \n    \n\n<li><a href='?page_no=1'>1<\/a><\/li>\n\n\n\n<li><a href='?page_no=2'>2<\/a><\/li>\n\n\n\n<li><a>...<\/a><\/li>\n\n\n\n<li><a href='?page_no=28740'>28740<\/a><\/li>\n\n\n\n<li><a href='?page_no=28741'>28741<\/a><\/li>\n\n\n\n<li class='active'><a>28742<\/a><\/li>\n\n\n\n<li><a href='?page_no=28743'>28743<\/a><\/li>\n\n\n\n<li><a href='?page_no=28744'>28744<\/a><\/li>\n\n\n\n<li><a>...<\/a><\/li>\n\n\n\n<li><a href='?page_no=30472'>30472<\/a><\/li>\n\n\n\n<li><a href='?page_no=30473'>30473<\/a><\/li>\n\n    \n\t\n\n<li >\n\t<a href='?page_no=28743'>Next<\/a>\n\t<\/li>\n\n\n    \n\n<li><a href='?page_no=30473'>Last &rsaquo;&rsaquo;<\/a><\/li>\n\n<\/ul>\n\n\n--><br \/>\n<\/body><\/p>\n","protected":false},"excerpt":{"rendered":"<p>Aduanas reconoce labor de funcionario embajada EEU &#13; SANTO DOMINGO.- La Direcci\u00f3n General de Aduanas (DGA) reconoci\u00f3 los aportes hechos al pa\u00eds por el agregado de Aduanas e Inmigraci\u00f3n de la Embajada de los Estados Unidos en el pa\u00eds, Timothy Tubos. &#13; Aduanas dijo que sobre todo esos aportes fueron \u00a0a favor de la extensi\u00f3n [&hellip;]<\/p>\n","protected":false},"author":3,"featured_media":0,"comment_status":"open","ping_status":"open","sticky":false,"template":"","format":"standard","meta":{"footnotes":""},"categories":[18],"tags":[],"class_list":["post-122862","post","type-post","status-publish","format-standard","hentry","category-economia"],"_links":{"self":[{"href":"https:\/\/diariodominicano.com\/index.php?rest_route=\/wp\/v2\/posts\/122862","targetHints":{"allow":["GET"]}}],"collection":[{"href":"https:\/\/diariodominicano.com\/index.php?rest_route=\/wp\/v2\/posts"}],"about":[{"href":"https:\/\/diariodominicano.com\/index.php?rest_route=\/wp\/v2\/types\/post"}],"author":[{"embeddable":true,"href":"https:\/\/diariodominicano.com\/index.php?rest_route=\/wp\/v2\/users\/3"}],"replies":[{"embeddable":true,"href":"https:\/\/diariodominicano.com\/index.php?rest_route=%2Fwp%2Fv2%2Fcomments&post=122862"}],"version-history":[{"count":0,"href":"https:\/\/diariodominicano.com\/index.php?rest_route=\/wp\/v2\/posts\/122862\/revisions"}],"wp:attachment":[{"href":"https:\/\/diariodominicano.com\/index.php?rest_route=%2Fwp%2Fv2%2Fmedia&parent=122862"}],"wp:term":[{"taxonomy":"category","embeddable":true,"href":"https:\/\/diariodominicano.com\/index.php?rest_route=%2Fwp%2Fv2%2Fcategories&post=122862"},{"taxonomy":"post_tag","embeddable":true,"href":"https:\/\/diariodominicano.com\/index.php?rest_route=%2Fwp%2Fv2%2Ftags&post=122862"}],"curies":[{"name":"wp","href":"https:\/\/api.w.org\/{rel}","templated":true}]}}