{"id":122860,"date":"2007-08-19T23:43:21","date_gmt":"2007-08-19T23:43:21","guid":{"rendered":"http:\/\/diariodominicano.ddns.net\/?p=122860"},"modified":"2007-08-19T23:43:21","modified_gmt":"2007-08-19T23:43:21","slug":"autoridades-rd-se-mantienen-alertas-para-evitar-que-la-crisis-financiera-provoque-algun-tipo-de-contagio","status":"publish","type":"post","link":"https:\/\/diariodominicano.com\/?p=122860","title":{"rendered":"Autoridades RD se mantienen alertas para evitar que la crisis financiera provoque alg\u00fan tipo de contagio"},"content":{"rendered":"<p><body><\/p>\n<p align=\"justify\" class=\"titulogrande1\">Autoridades  RD se\u00a0  mantienen alertas para evitar que la crisis financiera provoque alg\u00fan  tipo de contagio<\/p>\n<p>&#13;<\/p>\n<p align=\"justify\" class=\"text1noticias\"><strong>SANTO DOMINGO.- <\/strong>El gobernador del Banco  Central,\u00a0 H\u00e9ctor Valdez Albizu, inform\u00f3 ayer que las autoridades del pa\u00eds  se mantienen alertas para evitar que la crisis financiera internacional,  generada por el mercado hipotecario de los Estados Unidos, provoque alg\u00fan tipo  de contagio en la   Rep\u00fablica Dominicana. Al ser abordado, mientras recib\u00eda en su  despacho a un grupo de ni\u00f1os de la revista infantil Tinmar\u00edn del peri\u00f3dico HOY.<br \/>&#13;<br \/>\n  <br \/>&#13;<br \/>\n  Valdez Albizu dijo, no  obstante,\u00a0\u00a0 que la Rep\u00fablica Dominicana todav\u00eda no tiene un mercado  de capitales y las operaciones en el mercado local de valores son m\u00ednimas, por  lo cual esa crisis no tendr\u00eda importantes repercusiones en la econom\u00eda  dominicana.<br \/>&#13;<br \/>\n  <br \/>&#13;<br \/>\n  Valdez Albizu dijo que los principales  bancos centrales del mundo, sobre todo la Reserva Federal de  los Estados Unidos y el Banco Central Europeo, han podido manejar la situaci\u00f3n  creada y evitar mayores complicaciones a trav\u00e9s de importantes inyecciones al  mercado de dinero.<br \/>&#13;<br \/>\n  <br \/>&#13;<br \/>\n  Por otro lado,\u00a0\u00a0 Valdez Albizu  afirm\u00f3 que las autoridades monetarias tienen en estos momentos el gran reto de  mantener la estabilidad de precios y evitar que el problema generado por el  alza de las materias primas tenga importantes implicaciones sobre los precios  internos.<br \/>&#13;<br \/>\n  <br \/>&#13;<br \/>\n  No obstante, dijo que la inflaci\u00f3n est\u00e1  totalmente controlada, como lo demuestra el hecho de que la tasa de inflaci\u00f3n  en julio solo fuera de 0.26% y la acumulada en el per\u00edodo enero-julio del  presente a\u00f1o de 4.65%.<br \/>&#13;<br \/>\n  <br \/>&#13;<br \/>\n  Consider\u00f3 que el comportamiento de los  precios no va a cambiar significativamente.<br \/>&#13;<br \/>\n  <br \/>&#13;<br \/>\n  Valdez Albizu plante\u00f3, sin embargo, la  necesidad de aprovechar los incrementos de las materias primas en el mercado  internacional para que el pa\u00eds puedan incrementar sus exportaciones.<br \/>&#13;<br \/>\n  <br \/>&#13;<br \/>\n  Consider\u00f3 que el tratado de libre  comercio entre los Estados Unidos, Centroam\u00e9rica y la Rep\u00fablica Dominicana  (DR-CAFTA) se podr\u00eda constituir en una herramienta clave para lograr un aumento  de las exportaciones.<br \/>&#13;<br \/>\n  <br \/>&#13;<br \/>\n  En respuesta a preguntas de los ni\u00f1os  que visitaron su despacho, Valdez Albizu tambi\u00e9n abog\u00f3 por un incremento del  ahorro de los dominicanos, lo cual consider\u00f3 fundamental para incrementar las  inversiones en el pa\u00eds\u00a0 y de esta manera enfrentar la pobreza.<br \/>&#13;<br \/>\n  <br \/>&#13;<br \/>\n  Hoy<\/p>\n<p>&#13;<\/p>\n<h6> 2007-08-19 23:43:21 <\/h6>\n<p><!--\n<link rel=\"stylesheet\" href=\"css\/bootstrap.min.css\">\n\n\n<ul class=\"pagination\">\n\t    \n\t\n\n<li >\n\t<a href='?page_no=28739'>Previous<\/a>\n\t<\/li>\n\n\n       \n    \n\n<li><a href='?page_no=1'>1<\/a><\/li>\n\n\n\n<li><a href='?page_no=2'>2<\/a><\/li>\n\n\n\n<li><a>...<\/a><\/li>\n\n\n\n<li><a href='?page_no=28738'>28738<\/a><\/li>\n\n\n\n<li><a href='?page_no=28739'>28739<\/a><\/li>\n\n\n\n<li class='active'><a>28740<\/a><\/li>\n\n\n\n<li><a href='?page_no=28741'>28741<\/a><\/li>\n\n\n\n<li><a href='?page_no=28742'>28742<\/a><\/li>\n\n\n\n<li><a>...<\/a><\/li>\n\n\n\n<li><a href='?page_no=30472'>30472<\/a><\/li>\n\n\n\n<li><a href='?page_no=30473'>30473<\/a><\/li>\n\n    \n\t\n\n<li >\n\t<a href='?page_no=28741'>Next<\/a>\n\t<\/li>\n\n\n    \n\n<li><a href='?page_no=30473'>Last &rsaquo;&rsaquo;<\/a><\/li>\n\n<\/ul>\n\n\n--><br \/>\n<\/body><\/p>\n","protected":false},"excerpt":{"rendered":"<p>Autoridades RD se\u00a0 mantienen alertas para evitar que la crisis financiera provoque alg\u00fan tipo de contagio &#13; SANTO DOMINGO.- El gobernador del Banco Central,\u00a0 H\u00e9ctor Valdez Albizu, inform\u00f3 ayer que las autoridades del pa\u00eds se mantienen alertas para evitar que la crisis financiera internacional, generada por el mercado hipotecario de los Estados Unidos, provoque alg\u00fan [&hellip;]<\/p>\n","protected":false},"author":3,"featured_media":0,"comment_status":"open","ping_status":"open","sticky":false,"template":"","format":"standard","meta":{"footnotes":""},"categories":[18],"tags":[],"class_list":["post-122860","post","type-post","status-publish","format-standard","hentry","category-economia"],"_links":{"self":[{"href":"https:\/\/diariodominicano.com\/index.php?rest_route=\/wp\/v2\/posts\/122860","targetHints":{"allow":["GET"]}}],"collection":[{"href":"https:\/\/diariodominicano.com\/index.php?rest_route=\/wp\/v2\/posts"}],"about":[{"href":"https:\/\/diariodominicano.com\/index.php?rest_route=\/wp\/v2\/types\/post"}],"author":[{"embeddable":true,"href":"https:\/\/diariodominicano.com\/index.php?rest_route=\/wp\/v2\/users\/3"}],"replies":[{"embeddable":true,"href":"https:\/\/diariodominicano.com\/index.php?rest_route=%2Fwp%2Fv2%2Fcomments&post=122860"}],"version-history":[{"count":0,"href":"https:\/\/diariodominicano.com\/index.php?rest_route=\/wp\/v2\/posts\/122860\/revisions"}],"wp:attachment":[{"href":"https:\/\/diariodominicano.com\/index.php?rest_route=%2Fwp%2Fv2%2Fmedia&parent=122860"}],"wp:term":[{"taxonomy":"category","embeddable":true,"href":"https:\/\/diariodominicano.com\/index.php?rest_route=%2Fwp%2Fv2%2Fcategories&post=122860"},{"taxonomy":"post_tag","embeddable":true,"href":"https:\/\/diariodominicano.com\/index.php?rest_route=%2Fwp%2Fv2%2Ftags&post=122860"}],"curies":[{"name":"wp","href":"https:\/\/api.w.org\/{rel}","templated":true}]}}