{"id":122856,"date":"2007-08-21T12:39:08","date_gmt":"2007-08-21T12:39:08","guid":{"rendered":"http:\/\/diariodominicano.ddns.net\/?p=122856"},"modified":"2007-08-21T12:39:08","modified_gmt":"2007-08-21T12:39:08","slug":"bengoa-analizara-hoy-economia-en-el-gobierno-leonel-fernandez","status":"publish","type":"post","link":"https:\/\/diariodominicano.com\/?p=122856","title":{"rendered":"Bengoa analizar\u00e1 hoy econom\u00eda en el gobierno Leonel Fern\u00e1ndez"},"content":{"rendered":"<p><body><\/p>\n<p class=\"titulogrande1\">Bengoa  analizar\u00e1 hoy econom\u00eda en el gobierno Leonel Fern\u00e1ndez <\/p>\n<p>&#13;<\/p>\n<p align=\"justify\"> <span class=\"text1noticias\"><strong>Santo Domingo.-<\/strong> El secretario de Hacienda ofrecer\u00e1 este \u00a0martes en la noche una disertaci\u00f3n en la que  analizar\u00e1 el desenvolvimiento econ\u00f3mico durante la presente administraci\u00f3n.<\/span><\/p>\n<p>&#13;<\/p>\n<p align=\"justify\" class=\"text1noticias\">An\u00e1lisis econ\u00f3mico de los 3  a\u00f1os de gobierno del doctor Leonel Fern\u00e1ndez es el t\u00edtulo de la conferencia que  dictar\u00e1 \u00a0Vicente Bengoa a partir de las 7  de la noche de este martes.<\/p>\n<p>&#13;<\/p>\n<p align=\"justify\" class=\"text1noticias\">La disertaci\u00f3n tendr\u00e1 lugar  en el sal\u00f3n Anacaona del hotel Jaragua Renaissance, de esta capital, seg\u00fan  informa la secretar\u00eda de Hacienda.<\/p>\n<p>&#13;<\/p>\n<p align=\"justify\" class=\"text1noticias\">A la conferencia de Bengoa  han sido invitados funcionarios, t\u00e9cnicos y servidores de la Administraci\u00f3n, as\u00ed  como p\u00fablico en general.<\/p>\n<p>&#13;<\/p>\n<p align=\"justify\" class=\"text1noticias\">El secretario Bengoa es un  reputado profesional de la econom\u00eda, pol\u00edtico y acad\u00e9mico de fuste, que ha sido  legislador y funcionario al m\u00e1s alto nivel, reconocido por su capacidad  anal\u00edtica y gerencial.<\/p>\n<p>&#13;<\/p>\n<h6> 2007-08-21 12:39:08 <\/h6>\n<p><!--\n<link rel=\"stylesheet\" href=\"css\/bootstrap.min.css\">\n\n\n<ul class=\"pagination\">\n\t    \n\t\n\n<li >\n\t<a href='?page_no=28735'>Previous<\/a>\n\t<\/li>\n\n\n       \n    \n\n<li><a href='?page_no=1'>1<\/a><\/li>\n\n\n\n<li><a href='?page_no=2'>2<\/a><\/li>\n\n\n\n<li><a>...<\/a><\/li>\n\n\n\n<li><a href='?page_no=28734'>28734<\/a><\/li>\n\n\n\n<li><a href='?page_no=28735'>28735<\/a><\/li>\n\n\n\n<li class='active'><a>28736<\/a><\/li>\n\n\n\n<li><a href='?page_no=28737'>28737<\/a><\/li>\n\n\n\n<li><a href='?page_no=28738'>28738<\/a><\/li>\n\n\n\n<li><a>...<\/a><\/li>\n\n\n\n<li><a href='?page_no=30472'>30472<\/a><\/li>\n\n\n\n<li><a href='?page_no=30473'>30473<\/a><\/li>\n\n    \n\t\n\n<li >\n\t<a href='?page_no=28737'>Next<\/a>\n\t<\/li>\n\n\n    \n\n<li><a href='?page_no=30473'>Last &rsaquo;&rsaquo;<\/a><\/li>\n\n<\/ul>\n\n\n--><br \/>\n<\/body><\/p>\n","protected":false},"excerpt":{"rendered":"<p>Bengoa analizar\u00e1 hoy econom\u00eda en el gobierno Leonel Fern\u00e1ndez &#13; Santo Domingo.- El secretario de Hacienda ofrecer\u00e1 este \u00a0martes en la noche una disertaci\u00f3n en la que analizar\u00e1 el desenvolvimiento econ\u00f3mico durante la presente administraci\u00f3n. &#13; An\u00e1lisis econ\u00f3mico de los 3 a\u00f1os de gobierno del doctor Leonel Fern\u00e1ndez es el t\u00edtulo de la conferencia que [&hellip;]<\/p>\n","protected":false},"author":3,"featured_media":0,"comment_status":"open","ping_status":"open","sticky":false,"template":"","format":"standard","meta":{"footnotes":""},"categories":[18],"tags":[],"class_list":["post-122856","post","type-post","status-publish","format-standard","hentry","category-economia"],"_links":{"self":[{"href":"https:\/\/diariodominicano.com\/index.php?rest_route=\/wp\/v2\/posts\/122856","targetHints":{"allow":["GET"]}}],"collection":[{"href":"https:\/\/diariodominicano.com\/index.php?rest_route=\/wp\/v2\/posts"}],"about":[{"href":"https:\/\/diariodominicano.com\/index.php?rest_route=\/wp\/v2\/types\/post"}],"author":[{"embeddable":true,"href":"https:\/\/diariodominicano.com\/index.php?rest_route=\/wp\/v2\/users\/3"}],"replies":[{"embeddable":true,"href":"https:\/\/diariodominicano.com\/index.php?rest_route=%2Fwp%2Fv2%2Fcomments&post=122856"}],"version-history":[{"count":0,"href":"https:\/\/diariodominicano.com\/index.php?rest_route=\/wp\/v2\/posts\/122856\/revisions"}],"wp:attachment":[{"href":"https:\/\/diariodominicano.com\/index.php?rest_route=%2Fwp%2Fv2%2Fmedia&parent=122856"}],"wp:term":[{"taxonomy":"category","embeddable":true,"href":"https:\/\/diariodominicano.com\/index.php?rest_route=%2Fwp%2Fv2%2Fcategories&post=122856"},{"taxonomy":"post_tag","embeddable":true,"href":"https:\/\/diariodominicano.com\/index.php?rest_route=%2Fwp%2Fv2%2Ftags&post=122856"}],"curies":[{"name":"wp","href":"https:\/\/api.w.org\/{rel}","templated":true}]}}