{"id":122855,"date":"2007-08-21T12:42:00","date_gmt":"2007-08-21T12:42:00","guid":{"rendered":"http:\/\/diariodominicano.ddns.net\/?p=122855"},"modified":"2007-08-21T12:42:00","modified_gmt":"2007-08-21T12:42:00","slug":"jaime-david-considera-la-economia-se-encuentra-estable","status":"publish","type":"post","link":"https:\/\/diariodominicano.com\/?p=122855","title":{"rendered":"Jaime David considera la econom\u00eda se encuentra estable"},"content":{"rendered":"<p><body><\/p>\n<p class=\"titulogrande1\">Jaime  David considera la econom\u00eda se encuentra estable<\/p>\n<p>&#13;<\/p>\n<p><strong>Por<\/strong> <span class=\"textogrande\">Roberto Rodr\u00edguez <\/span><\/p>\n<p>&#13;<\/p>\n<p align=\"justify\" class=\"text1noticias\"><strong>Santo Domingo.-<\/strong> El dirigente peledeista y ex  vicepresidente de la   Rep\u00fablica, Jaime\u00a0 David Fern\u00e1ndez Mirabal\u00a0 consider\u00f3\u00a0  que la econom\u00eda dominicana se encuentra \u00a0estable, ya que se ha controlado la inflaci\u00f3n  y la tasa de cambio,\u00a0 en tanto\u00a0 admiti\u00f3 la necesidad de otras medidas  que favorezcan a los sectores mas necesitados de la poblaci\u00f3n ..<br \/>&#13;<br \/>\n  \u00a0 <br \/>&#13;<br \/>\nIndic\u00f3 que de acuerdo a la publicaci\u00f3n la  poblaci\u00f3n esta de acuerdo con muchas de las acciones que han tomado las  autoridades en materia de estabilidad monetaria y financiera .<\/p>\n<p>&#13;<\/p>\n<p align=\"justify\" class=\"text1noticias\"> Agreg\u00f3 que una gran parte de la poblaci\u00f3n no  se siente a gusto con el gobierno con la encuesta que `publica la empresa Gallup,  a trav\u00e9s del diario Hoy, pero prefiere votar nuevamente por  el Presidente Leonel Fern\u00e1ndez ante que vuelva el partido blanco.<br \/>&#13;<br \/>\n  \u00a0 <br \/>&#13;<br \/>\n  Dijo que la gente desea que  haya estabilidad , ante que volver a los hechos econ\u00f3micos que ocurrieron en el  pasado.<\/p>\n<p>&#13;<\/p>\n<p align=\"justify\" class=\"text1noticias\"> Destac\u00f3 que el Gobierno debe tomar esos datos  en cuenta y evaluar cada a\u00f1o el desempe\u00f1o de secretar\u00edas y funcionarios para  hacer los cambios necesarios.<br \/>&#13;<br \/>\n  <br \/>&#13;<br \/>\n\u201dSi hay un porcentaje importante de  poblaci\u00f3n que dice que las cosas no van bien, hay que ponerle atenci\u00f3n y  tomarlo en cuenta\u201d expres\u00f3.<\/p>\n<p>&#13;<\/p>\n<h6> 2007-08-21 12:42:00 <\/h6>\n<p><!--\n<link rel=\"stylesheet\" href=\"css\/bootstrap.min.css\">\n\n\n<ul class=\"pagination\">\n\t    \n\t\n\n<li >\n\t<a href='?page_no=28734'>Previous<\/a>\n\t<\/li>\n\n\n       \n    \n\n<li><a href='?page_no=1'>1<\/a><\/li>\n\n\n\n<li><a href='?page_no=2'>2<\/a><\/li>\n\n\n\n<li><a>...<\/a><\/li>\n\n\n\n<li><a href='?page_no=28733'>28733<\/a><\/li>\n\n\n\n<li><a href='?page_no=28734'>28734<\/a><\/li>\n\n\n\n<li class='active'><a>28735<\/a><\/li>\n\n\n\n<li><a href='?page_no=28736'>28736<\/a><\/li>\n\n\n\n<li><a href='?page_no=28737'>28737<\/a><\/li>\n\n\n\n<li><a>...<\/a><\/li>\n\n\n\n<li><a href='?page_no=30472'>30472<\/a><\/li>\n\n\n\n<li><a href='?page_no=30473'>30473<\/a><\/li>\n\n    \n\t\n\n<li >\n\t<a href='?page_no=28736'>Next<\/a>\n\t<\/li>\n\n\n    \n\n<li><a href='?page_no=30473'>Last &rsaquo;&rsaquo;<\/a><\/li>\n\n<\/ul>\n\n\n--><br \/>\n<\/body><\/p>\n","protected":false},"excerpt":{"rendered":"<p>Jaime David considera la econom\u00eda se encuentra estable &#13; Por Roberto Rodr\u00edguez &#13; Santo Domingo.- El dirigente peledeista y ex vicepresidente de la Rep\u00fablica, Jaime\u00a0 David Fern\u00e1ndez Mirabal\u00a0 consider\u00f3\u00a0 que la econom\u00eda dominicana se encuentra \u00a0estable, ya que se ha controlado la inflaci\u00f3n y la tasa de cambio,\u00a0 en tanto\u00a0 admiti\u00f3 la necesidad de otras [&hellip;]<\/p>\n","protected":false},"author":3,"featured_media":0,"comment_status":"open","ping_status":"open","sticky":false,"template":"","format":"standard","meta":{"footnotes":""},"categories":[18],"tags":[],"class_list":["post-122855","post","type-post","status-publish","format-standard","hentry","category-economia"],"_links":{"self":[{"href":"https:\/\/diariodominicano.com\/index.php?rest_route=\/wp\/v2\/posts\/122855","targetHints":{"allow":["GET"]}}],"collection":[{"href":"https:\/\/diariodominicano.com\/index.php?rest_route=\/wp\/v2\/posts"}],"about":[{"href":"https:\/\/diariodominicano.com\/index.php?rest_route=\/wp\/v2\/types\/post"}],"author":[{"embeddable":true,"href":"https:\/\/diariodominicano.com\/index.php?rest_route=\/wp\/v2\/users\/3"}],"replies":[{"embeddable":true,"href":"https:\/\/diariodominicano.com\/index.php?rest_route=%2Fwp%2Fv2%2Fcomments&post=122855"}],"version-history":[{"count":0,"href":"https:\/\/diariodominicano.com\/index.php?rest_route=\/wp\/v2\/posts\/122855\/revisions"}],"wp:attachment":[{"href":"https:\/\/diariodominicano.com\/index.php?rest_route=%2Fwp%2Fv2%2Fmedia&parent=122855"}],"wp:term":[{"taxonomy":"category","embeddable":true,"href":"https:\/\/diariodominicano.com\/index.php?rest_route=%2Fwp%2Fv2%2Fcategories&post=122855"},{"taxonomy":"post_tag","embeddable":true,"href":"https:\/\/diariodominicano.com\/index.php?rest_route=%2Fwp%2Fv2%2Ftags&post=122855"}],"curies":[{"name":"wp","href":"https:\/\/api.w.org\/{rel}","templated":true}]}}