{"id":122854,"date":"2007-08-21T12:46:11","date_gmt":"2007-08-21T12:46:11","guid":{"rendered":"http:\/\/diariodominicano.ddns.net\/?p=122854"},"modified":"2007-08-21T12:46:11","modified_gmt":"2007-08-21T12:46:11","slug":"certifican-productores-criollos-de-macadamia","status":"publish","type":"post","link":"https:\/\/diariodominicano.com\/?p=122854","title":{"rendered":"Certifican productores criollos de macadamia"},"content":{"rendered":"<p><body><\/p>\n<p align=\"justify\"><span class=\"titulogrande1\">Certifican  productores criollos  de macadamia <\/span><br \/>&#13;<br \/>\n  \u00a0<br \/>&#13;<br \/>\n  <span class=\"text1noticias\"><strong>LAS LAGUNAS, Padre las Casas, Azua.-<\/strong>  El presidente del Cluster de Macadamia dijo aqu\u00ed que esta entidad implementa un  proceso de certificaci\u00f3n de los productores de esta nuez, que  incluye la creaci\u00f3n de viveros, transferencias tecnol\u00f3gicas y t\u00e9cnicas de  comercializaci\u00f3n, a fin de lograr que el pa\u00eds sea competitivo  internacionalmente y se logren recursos econ\u00f3micos para diversas  comunidades rurales del pa\u00eds.<br \/>&#13;<br \/>\n  \u00a0<br \/>&#13;<br \/>\n  Salvador Demallistre habl\u00f3 en una  reuni\u00f3n regional efectuada en esta comunidad, la cual fue coordinada por la Asociaci\u00f3n de Laguneros  Ausentes y la que asistieron m\u00e1s de 100 potenciales productores de macadamia.<br \/>&#13;<br \/>\n  \u00a0<br \/>&#13;<br \/>\n Destac\u00f3 el aporte que hace la empresa Los Montones en el fomento de  este cultivo, mediante la estimulaci\u00f3n de la siembra, apoyo al cluster en sus  actividades, asistencia t\u00e9cnica y la garant\u00eda de la compra.<br \/>&#13;<br \/>\n  \u00a0<br \/>&#13;<br \/>\n Estim\u00f3 que Las Lagunas es una zona con  caracter\u00edsticas muy apropiadas para este cultivo, debido a que est\u00e1 ubicada a  unos 800 metros  sobre el nivel del mar y el nivel  pluviom\u00e9trico de adapta a las exigencias de este \u00e1rbol.<br \/>&#13;<br \/>\n  \u00a0<br \/>&#13;<br \/>\n  Inform\u00f3 que el cluster y la empresa  Los Montones fomentan este cultivo con miras a la creaci\u00f3n de riquezas en el  campo y la \u00a0promoci\u00f3n de la sostenibilidad  a la cual aspira el pa\u00eds.<br \/>&#13;<br \/>\n  \u00a0<br \/>&#13;<br \/>\n  Se\u00f1al\u00f3 que en una zona como \u00e9sta donde  existen altos niveles de reforestaci\u00f3n, la macadamia podr\u00eda ser una alternativa  a este problema porque sus hojas forman un mantillo el cual sirve para la  formaci\u00f3n de capa vegetal.<br \/>&#13;<br \/>\n  \u00a0<br \/>&#13;<br \/>\n Explic\u00f3 que esta zona ofrece  condiciones favorables para el cultivo de macadamia, ya que para su siembra el  terreno debe tener una altura por encima de los 500 metros hasta los mil  200 y una pluviometr\u00eda de mil 200   a mil 500 mil\u00edmetros al  a\u00f1o, siendo ideal por lo menos 2 meses de sequ\u00eda.<br \/>&#13;<br \/>\n  \u00a0<br \/>&#13;<br \/>\n Expuso que la principal dificultad  para los productores de esta zona son los bajos niveles econ\u00f3micos, pero que el  cluster est\u00e1 buscando alternativas de  financiamientos a trav\u00e9s de la Agencia Agroempresarial  Dominicana (JAD), el Banco Interamericano, y otros organismos de financiamiento.<br \/>&#13;<br \/>\n  \u00a0<br \/>&#13;<br \/>\n Expuso que para lograr transferencia  tecnol\u00f3gica la empresa Los Montones y el Cluster de la Macadamia, est\u00e1n  contratando t\u00e9cnicos costarricenses, pa\u00eds que tiene una gran experiencia en  este cultivo.<br \/>&#13;<br \/>\n  \u00a0<br \/>&#13;<br \/>\n Manifest\u00f3 que la empresa Los Montones,  procesa y comercializa la macadamia, y  se est\u00e1 enfocando en transferencia tecnol\u00f3gica y de mercadeo de esta nuez, los  cuales, son las principales limitaciones de nuestro campo.<br \/>&#13;<br \/>\n  \u00a0<br \/>&#13;<br \/>\n Explic\u00f3 que la presencia del cluster o  conjuntos productivos est\u00e1 ayudando a la interacci\u00f3n de factores como  estrategia, demanda y enfoque en la creaci\u00f3n de mercados  nacionales e internacionales y la aplicaci\u00f3n de paquetes tecnol\u00f3gicos que  aseguren la producci\u00f3n de una nuez de macadamia de calidad mundial.<br \/>&#13;<br \/>\n  \u00a0<br \/>&#13;<br \/>\n  En este encuentro regional los  potenciales productores de macadamia mostraron su inter\u00e9s de insertarse en el  cultivo de este producto, el cual contribuir\u00eda con las  condiciones econ\u00f3micas de los campesinos de esta zona.<br \/>&#13;<br \/>\n  \u00a0<br \/>&#13;<br \/>\n Las Lagunas es una comunidad que se  dedica a cultivos menores, est\u00e1 ubicada a unos 170 kil\u00f3metros de  Santo Domingo, y est\u00e1 poblado por agricultores tradicionales que hacen de la  siembra su principal actividad productiva.<\/span><\/p>\n<p>&#13;<\/p>\n<h6> 2007-08-21 12:46:11 <\/h6>\n<p><!--\n<link rel=\"stylesheet\" href=\"css\/bootstrap.min.css\">\n\n\n<ul class=\"pagination\">\n\t    \n\t\n\n<li >\n\t<a href='?page_no=28733'>Previous<\/a>\n\t<\/li>\n\n\n       \n    \n\n<li><a href='?page_no=1'>1<\/a><\/li>\n\n\n\n<li><a href='?page_no=2'>2<\/a><\/li>\n\n\n\n<li><a>...<\/a><\/li>\n\n\n\n<li><a href='?page_no=28732'>28732<\/a><\/li>\n\n\n\n<li><a href='?page_no=28733'>28733<\/a><\/li>\n\n\n\n<li class='active'><a>28734<\/a><\/li>\n\n\n\n<li><a href='?page_no=28735'>28735<\/a><\/li>\n\n\n\n<li><a href='?page_no=28736'>28736<\/a><\/li>\n\n\n\n<li><a>...<\/a><\/li>\n\n\n\n<li><a href='?page_no=30472'>30472<\/a><\/li>\n\n\n\n<li><a href='?page_no=30473'>30473<\/a><\/li>\n\n    \n\t\n\n<li >\n\t<a href='?page_no=28735'>Next<\/a>\n\t<\/li>\n\n\n    \n\n<li><a href='?page_no=30473'>Last &rsaquo;&rsaquo;<\/a><\/li>\n\n<\/ul>\n\n\n--><br \/>\n<\/body><\/p>\n","protected":false},"excerpt":{"rendered":"<p>Certifican productores criollos de macadamia &#13; \u00a0&#13; LAS LAGUNAS, Padre las Casas, Azua.- El presidente del Cluster de Macadamia dijo aqu\u00ed que esta entidad implementa un proceso de certificaci\u00f3n de los productores de esta nuez, que incluye la creaci\u00f3n de viveros, transferencias tecnol\u00f3gicas y t\u00e9cnicas de comercializaci\u00f3n, a fin de lograr que el pa\u00eds sea [&hellip;]<\/p>\n","protected":false},"author":3,"featured_media":0,"comment_status":"open","ping_status":"open","sticky":false,"template":"","format":"standard","meta":{"footnotes":""},"categories":[18],"tags":[],"class_list":["post-122854","post","type-post","status-publish","format-standard","hentry","category-economia"],"_links":{"self":[{"href":"https:\/\/diariodominicano.com\/index.php?rest_route=\/wp\/v2\/posts\/122854","targetHints":{"allow":["GET"]}}],"collection":[{"href":"https:\/\/diariodominicano.com\/index.php?rest_route=\/wp\/v2\/posts"}],"about":[{"href":"https:\/\/diariodominicano.com\/index.php?rest_route=\/wp\/v2\/types\/post"}],"author":[{"embeddable":true,"href":"https:\/\/diariodominicano.com\/index.php?rest_route=\/wp\/v2\/users\/3"}],"replies":[{"embeddable":true,"href":"https:\/\/diariodominicano.com\/index.php?rest_route=%2Fwp%2Fv2%2Fcomments&post=122854"}],"version-history":[{"count":0,"href":"https:\/\/diariodominicano.com\/index.php?rest_route=\/wp\/v2\/posts\/122854\/revisions"}],"wp:attachment":[{"href":"https:\/\/diariodominicano.com\/index.php?rest_route=%2Fwp%2Fv2%2Fmedia&parent=122854"}],"wp:term":[{"taxonomy":"category","embeddable":true,"href":"https:\/\/diariodominicano.com\/index.php?rest_route=%2Fwp%2Fv2%2Fcategories&post=122854"},{"taxonomy":"post_tag","embeddable":true,"href":"https:\/\/diariodominicano.com\/index.php?rest_route=%2Fwp%2Fv2%2Ftags&post=122854"}],"curies":[{"name":"wp","href":"https:\/\/api.w.org\/{rel}","templated":true}]}}