{"id":122853,"date":"2007-08-22T11:12:01","date_gmt":"2007-08-22T11:12:01","guid":{"rendered":"http:\/\/diariodominicano.ddns.net\/?p=122853"},"modified":"2007-08-22T11:12:01","modified_gmt":"2007-08-22T11:12:01","slug":"cancilleria-recuerda-europa-aplicara-un-nuevo-regimen-del-azucar-libre-de-cuotas-y-de-aranceles","status":"publish","type":"post","link":"https:\/\/diariodominicano.com\/?p=122853","title":{"rendered":"Canciller\u00eda recuerda Europa aplicar\u00e1 un nuevo r\u00e9gimen del az\u00facar  libre de cuotas y de aranceles"},"content":{"rendered":"<p><body><\/p>\n<p align=\"justify\" class=\"titulogrande1\">Canciller\u00eda recuerda Europa aplicar\u00e1 un nuevo r\u00e9gimen  del az\u00facar\u00a0 libre de cuotas y de  aranceles<\/p>\n<p>&#13;<\/p>\n<p align=\"justify\" class=\"text1noticias\">SANTO DOMINGO.-La Comisi\u00f3n Europea  sustituir\u00e1 el Protocolo del Az\u00facar por un nuevo r\u00e9gimen libre de cuotas y de  aranceles.<\/p>\n<p>&#13;<\/p>\n<p align=\"justify\" class=\"text1noticias\">La Secretar\u00eda de Estado de  Relaciones Exteriores reiter\u00f3, en nota de prensa, que el nuevo r\u00e9gimen forma  parte de la oferta de acceso a mercados que plante\u00f3 la Comisi\u00f3n a los pa\u00edses  ACP, cuyas seis regiones negocian igual n\u00famero de Acuerdos de Asociaci\u00f3n  Econ\u00f3mica.<\/p>\n<p>&#13;<\/p>\n<p align=\"justify\" class=\"text1noticias\">Para que el nuevo r\u00e9gimen pueda entrar plenamente en  vigor, la Comisi\u00f3n  plante\u00f3 desde mayo pasado a los ACP dos alternativas: o renunciar conjuntamente  al Protocolo Azucarero o denunciarlo unilateralmente a m\u00e1s tardar para octubre  pr\u00f3ximo. As\u00ed se abre un per\u00edodo de transici\u00f3n de dos a\u00f1os, hasta el 2009,  durante el cual se mantendr\u00e1n las cuotas nacionales existentes que s\u00f3lo  benefician a los actuales miembros del Protocolo. <\/p>\n<p>&#13;<\/p>\n<p align=\"justify\" class=\"text1noticias\">Dichas cuotas coexistir\u00e1n con cuotas regionales  abiertas a las exportaciones de todos los pa\u00edses ACP productores de az\u00facar,  sean o no miembros del protocolo. Rep\u00fablica Dominicana exportar\u00e1 az\u00facar por vez  primera a Europa en el marco de esa cuota regional transitoria.<\/p>\n<p>&#13;<\/p>\n<p align=\"justify\" class=\"text1noticias\">Al t\u00e9rmino del per\u00edodo de transici\u00f3n, se har\u00e1 efectiva  la renuncia (o la denuncia, seg\u00fan sea el caso) del Protocolo. A partir de ese  momento se eliminar\u00e1n todas las cuotas y cualquier pa\u00eds ACP, fuera o no  beneficiario del Protocolo, podr\u00e1 exportar az\u00facar a la Uni\u00f3n Europea con  total libertad.<\/p>\n<p>&#13;<\/p>\n<p align=\"justify\" class=\"text1noticias\">El Canciller Carlos Morales Troncoso explic\u00f3 que \u00a0\u201cesta nueva situaci\u00f3n nos ofrece la  oportunidad de exportar a un mercado sumamente importante, al cual hasta ahora  no hab\u00edamos tenido acceso. Podremos exportar az\u00facar refino, a diferencia de la  situaci\u00f3n actual, en la que los miembros del Protocolo s\u00f3lo pueden vender  az\u00facar parda. Podremos incluso saltar los actuales canales de distribuci\u00f3n y  llegar directamente a clientes finales, como chocolateros, reposteros o  supermercados europeos, todos los cuales consumen az\u00facar\u201d.<\/p>\n<p>&#13;<\/p>\n<p align=\"justify\" class=\"text1noticias\">Cualquier intento previo de ingresar al Protocolo  Azucarero estaba destinado al fracaso, ya que al haber perdido un caso de  soluci\u00f3n de controversias en la   OMC, la   Comisi\u00f3n ha debido transformar radicalmente todo el r\u00e9gimen  de comercio y producci\u00f3n de az\u00facar. El nuevo r\u00e9gimen s\u00f3lo podr\u00e1 aplicarse con  certidumbre si cumple con las reglas multilaterales que administra el organismo  ginebrino.<\/p>\n<p>&#13;<\/p>\n<p align=\"justify\" class=\"text1noticias\">En ese tenor, la Comisi\u00f3n destin\u00f3 desde el 2005 unos 8 mil  millones de euros para financiar la sustituci\u00f3n acelerada de cultivos, a fin de  reducir a su m\u00ednima expresi\u00f3n la todav\u00eda subsidiada producci\u00f3n azucarera  europea. La continuaci\u00f3n l\u00f3gica de la reforma es la eliminaci\u00f3n gradual de los  precios preferenciales vinculados a las cuotas de importaci\u00f3n, lo cual s\u00f3lo  podr\u00e1 lograrse mediante la sustituci\u00f3n del Protocolo Azucarero por la nueva  situaci\u00f3n que imperar\u00e1 en el Acuerdo de Asociaci\u00f3n Econ\u00f3mica.<\/p>\n<p>&#13;<\/p>\n<h6> 2007-08-22 11:12:01 <\/h6>\n<p><!--\n<link rel=\"stylesheet\" href=\"css\/bootstrap.min.css\">\n\n\n<ul class=\"pagination\">\n\t    \n\t\n\n<li >\n\t<a href='?page_no=28732'>Previous<\/a>\n\t<\/li>\n\n\n       \n    \n\n<li><a href='?page_no=1'>1<\/a><\/li>\n\n\n\n<li><a href='?page_no=2'>2<\/a><\/li>\n\n\n\n<li><a>...<\/a><\/li>\n\n\n\n<li><a href='?page_no=28731'>28731<\/a><\/li>\n\n\n\n<li><a href='?page_no=28732'>28732<\/a><\/li>\n\n\n\n<li class='active'><a>28733<\/a><\/li>\n\n\n\n<li><a href='?page_no=28734'>28734<\/a><\/li>\n\n\n\n<li><a href='?page_no=28735'>28735<\/a><\/li>\n\n\n\n<li><a>...<\/a><\/li>\n\n\n\n<li><a href='?page_no=30472'>30472<\/a><\/li>\n\n\n\n<li><a href='?page_no=30473'>30473<\/a><\/li>\n\n    \n\t\n\n<li >\n\t<a href='?page_no=28734'>Next<\/a>\n\t<\/li>\n\n\n    \n\n<li><a href='?page_no=30473'>Last &rsaquo;&rsaquo;<\/a><\/li>\n\n<\/ul>\n\n\n--><br \/>\n<\/body><\/p>\n","protected":false},"excerpt":{"rendered":"<p>Canciller\u00eda recuerda Europa aplicar\u00e1 un nuevo r\u00e9gimen del az\u00facar\u00a0 libre de cuotas y de aranceles &#13; SANTO DOMINGO.-La Comisi\u00f3n Europea sustituir\u00e1 el Protocolo del Az\u00facar por un nuevo r\u00e9gimen libre de cuotas y de aranceles. &#13; La Secretar\u00eda de Estado de Relaciones Exteriores reiter\u00f3, en nota de prensa, que el nuevo r\u00e9gimen forma parte de [&hellip;]<\/p>\n","protected":false},"author":3,"featured_media":0,"comment_status":"open","ping_status":"open","sticky":false,"template":"","format":"standard","meta":{"footnotes":""},"categories":[18],"tags":[],"class_list":["post-122853","post","type-post","status-publish","format-standard","hentry","category-economia"],"_links":{"self":[{"href":"https:\/\/diariodominicano.com\/index.php?rest_route=\/wp\/v2\/posts\/122853","targetHints":{"allow":["GET"]}}],"collection":[{"href":"https:\/\/diariodominicano.com\/index.php?rest_route=\/wp\/v2\/posts"}],"about":[{"href":"https:\/\/diariodominicano.com\/index.php?rest_route=\/wp\/v2\/types\/post"}],"author":[{"embeddable":true,"href":"https:\/\/diariodominicano.com\/index.php?rest_route=\/wp\/v2\/users\/3"}],"replies":[{"embeddable":true,"href":"https:\/\/diariodominicano.com\/index.php?rest_route=%2Fwp%2Fv2%2Fcomments&post=122853"}],"version-history":[{"count":0,"href":"https:\/\/diariodominicano.com\/index.php?rest_route=\/wp\/v2\/posts\/122853\/revisions"}],"wp:attachment":[{"href":"https:\/\/diariodominicano.com\/index.php?rest_route=%2Fwp%2Fv2%2Fmedia&parent=122853"}],"wp:term":[{"taxonomy":"category","embeddable":true,"href":"https:\/\/diariodominicano.com\/index.php?rest_route=%2Fwp%2Fv2%2Fcategories&post=122853"},{"taxonomy":"post_tag","embeddable":true,"href":"https:\/\/diariodominicano.com\/index.php?rest_route=%2Fwp%2Fv2%2Ftags&post=122853"}],"curies":[{"name":"wp","href":"https:\/\/api.w.org\/{rel}","templated":true}]}}