{"id":122848,"date":"2007-08-23T15:52:01","date_gmt":"2007-08-23T15:52:01","guid":{"rendered":"http:\/\/diariodominicano.ddns.net\/?p=122848"},"modified":"2007-08-23T15:52:01","modified_gmt":"2007-08-23T15:52:01","slug":"montas-califica-al-prd-como-un-huracan-niega-que-el-gobierno-tenga-voracidad-fiscal","status":"publish","type":"post","link":"https:\/\/diariodominicano.com\/?p=122848","title":{"rendered":"Mont\u00e1s califica al PRD como un hurac\u00e1n; niega que el Gobierno tenga voracidad fiscal"},"content":{"rendered":"<p><body><\/p>\n<p align=\"justify\" class=\"titulogrande1\">Mont\u00e1s califica al PRD como  un hurac\u00e1n; niega que el Gobierno tenga voracidad fiscal <\/p>\n<p>&#13;<\/p>\n<p align=\"justify\" class=\"text1noticias\"><strong><img loading=\"lazy\" decoding=\"async\" src=\"http:\/\/localhost:8080\/economia\/pictures\/temistocles montas con periodistas.jpg\" width=\"269\" height=\"176\" hspace=\"4\" align=\"left\" \/>Santo Domingo.- <\/strong>El secretario  de Econom\u00eda, Planificaci\u00f3n y Desarrollo defini\u00f3 ayer al gobierno perrede\u00edsta de  Hip\u00f3lito Mej\u00eda como un \u00abhurac\u00e1n\u00bb para el pa\u00eds y lament\u00f3 que pese a los  esfuerzos tres a\u00f1os los efectos devastadores del cicl\u00f3n a\u00fan no han podido revertirse  en su totalidad.<\/p>\n<p>&#13;<\/p>\n<p align=\"justify\" class=\"text1noticias\">Tem\u00edstocles Mont\u00e1s neg\u00f3 que el Gobierno tenga  \u00abvoracidad fiscal\u00bb y se\u00f1al\u00f3 que esa denuncia es un \u00abinvento, una  demagogia pol\u00edtica\u00bb de los economistas del Partido Revolucionario  Dominicano (PRD). \u00abEse partido (el PRD) se hace llamar social dem\u00f3crata,  pero en vez de resolver problemas sociales, crea problemas sociales\u00bb. <\/p>\n<p>&#13;<\/p>\n<p align=\"justify\" class=\"text1noticias\">Descarta que la inversi\u00f3n en  el Metro de Santo Domingo sea mayor a lo que invierte el Gobierno en Educaci\u00f3n  y Salud.<\/p>\n<p>&#13;<\/p>\n<p align=\"justify\" class=\"text1noticias\">Al evaluar la gesti\u00f3n del  Partido de la   Liberaci\u00f3n Dominicana (PLD), en materia econ\u00f3mica ante la  \u00abRed de Comunicadores con Leonel\u00bb, Mont\u00e1s afirm\u00f3 que \u00abel PRD lo que  hace es crear problemas sociales, a Dios que reparta suerte con esos que se dicen  llamar socialdem\u00f3cratas\u00bb.<\/p>\n<p>&#13;<\/p>\n<p align=\"justify\" class=\"text1noticias\">Afirm\u00f3 que tiene una encuesta en que se afirma  el presidente Leonel Fern\u00e1ndez  ganar\u00eda las elecciones en una primera vuelta.<\/p>\n<p>&#13;<\/p>\n<p align=\"justify\" class=\"text1noticias\">En un acto repleto de comunicadores,  que manejan las relaciones p\u00fablicas de las instituciones estatales, en el Sal\u00f3n  Las Cari\u00e1tides del Palacio Nacional, y encabezado, adem\u00e1s, por  Rafael N\u00fa\u00f1ez, director de Informaci\u00f3n y Prensa de la Presidencia, Mont\u00e1s  hizo una relaci\u00f3n comparativa del manejo econ\u00f3mico de la administraci\u00f3n  encabezada por Hip\u00f3lito Mejia y la del presidente Leonel Fern\u00e1ndez.<\/p>\n<p>&#13;<\/p>\n<p align=\"justify\" class=\"text1noticias\">Al rechazar las criticas del  PRD, sobre la pol\u00edtica tributaria y la ejecuci\u00f3n del Metro de Santo Domingo, el  funcionario \u00a0inst\u00f3 a la Red de Comunicadores  \u00absaber defender los logros alcanzados en materia macroecon\u00f3mica y  social\u00bb. \u00abYo quiero llamar la atenci\u00f3n de ustedes para que tengamos  claro de que es lo que nos estamos jugando durante el pr\u00f3ximo torneo electoral,  lo que nos estamos jugando es, precisamente, volver a repetir estas situaciones  que ya no podemos permitir que se repitan en la Rep\u00fablica Dominicana\u00bb.<\/p>\n<p>&#13;<\/p>\n<p align=\"justify\" class=\"text1noticias\">Se\u00f1al\u00f3 que el pa\u00eds no est\u00e1 en  condiciones de seguir tolerando que se le viva, permanentemente, irrespetando,  como en su opini\u00f3n hace el PRD, \u00abeste partido viene y se presenta como un partido  preocupado por los problemas sociales, y al final lo que hace es generar  pobreza y desigualdad en la sociedad dominicana\u00bb.<\/p>\n<p>&#13;<\/p>\n<p align=\"justify\" class=\"text1noticias\">En ese sentido, dej\u00f3  claramente establecido que el gobierno y el PLD tiene mayor compromiso con la  sociedad y con los pobres de Rep\u00fablica Dominicana que el PRD, \u00abporque esta  es la evidencia clara de que este es un gobierno que su accionar est\u00e1 orientado  a enfrentar los verdaderos problemas sociales del pa\u00eds, que empieza por el desempleo\u00bb.<\/p>\n<p>&#13;<\/p>\n<p align=\"justify\" class=\"text1noticias\">Mont\u00e1s dijo que Hip\u00f3lito  Mej\u00eda dej\u00f3 un pueblo hambriento \u00abal punto que cuando en el 2004 est\u00e1bamos  en campa\u00f1a la gente no ped\u00eda obras, sino comida\u00bb.<\/p>\n<p>&#13;<\/p>\n<h6> 2007-08-23 15:52:01 <\/h6>\n<p><!--\n<link rel=\"stylesheet\" href=\"css\/bootstrap.min.css\">\n\n\n<ul class=\"pagination\">\n\t    \n\t\n\n<li >\n\t<a href='?page_no=28727'>Previous<\/a>\n\t<\/li>\n\n\n       \n    \n\n<li><a href='?page_no=1'>1<\/a><\/li>\n\n\n\n<li><a href='?page_no=2'>2<\/a><\/li>\n\n\n\n<li><a>...<\/a><\/li>\n\n\n\n<li><a href='?page_no=28726'>28726<\/a><\/li>\n\n\n\n<li><a href='?page_no=28727'>28727<\/a><\/li>\n\n\n\n<li class='active'><a>28728<\/a><\/li>\n\n\n\n<li><a href='?page_no=28729'>28729<\/a><\/li>\n\n\n\n<li><a href='?page_no=28730'>28730<\/a><\/li>\n\n\n\n<li><a>...<\/a><\/li>\n\n\n\n<li><a href='?page_no=30472'>30472<\/a><\/li>\n\n\n\n<li><a href='?page_no=30473'>30473<\/a><\/li>\n\n    \n\t\n\n<li >\n\t<a href='?page_no=28729'>Next<\/a>\n\t<\/li>\n\n\n    \n\n<li><a href='?page_no=30473'>Last &rsaquo;&rsaquo;<\/a><\/li>\n\n<\/ul>\n\n\n--><br \/>\n<\/body><\/p>\n","protected":false},"excerpt":{"rendered":"<p>Mont\u00e1s califica al PRD como un hurac\u00e1n; niega que el Gobierno tenga voracidad fiscal &#13; Santo Domingo.- El secretario de Econom\u00eda, Planificaci\u00f3n y Desarrollo defini\u00f3 ayer al gobierno perrede\u00edsta de Hip\u00f3lito Mej\u00eda como un \u00abhurac\u00e1n\u00bb para el pa\u00eds y lament\u00f3 que pese a los esfuerzos tres a\u00f1os los efectos devastadores del cicl\u00f3n a\u00fan no han [&hellip;]<\/p>\n","protected":false},"author":3,"featured_media":0,"comment_status":"open","ping_status":"open","sticky":false,"template":"","format":"standard","meta":{"footnotes":""},"categories":[18],"tags":[],"class_list":["post-122848","post","type-post","status-publish","format-standard","hentry","category-economia"],"_links":{"self":[{"href":"https:\/\/diariodominicano.com\/index.php?rest_route=\/wp\/v2\/posts\/122848","targetHints":{"allow":["GET"]}}],"collection":[{"href":"https:\/\/diariodominicano.com\/index.php?rest_route=\/wp\/v2\/posts"}],"about":[{"href":"https:\/\/diariodominicano.com\/index.php?rest_route=\/wp\/v2\/types\/post"}],"author":[{"embeddable":true,"href":"https:\/\/diariodominicano.com\/index.php?rest_route=\/wp\/v2\/users\/3"}],"replies":[{"embeddable":true,"href":"https:\/\/diariodominicano.com\/index.php?rest_route=%2Fwp%2Fv2%2Fcomments&post=122848"}],"version-history":[{"count":0,"href":"https:\/\/diariodominicano.com\/index.php?rest_route=\/wp\/v2\/posts\/122848\/revisions"}],"wp:attachment":[{"href":"https:\/\/diariodominicano.com\/index.php?rest_route=%2Fwp%2Fv2%2Fmedia&parent=122848"}],"wp:term":[{"taxonomy":"category","embeddable":true,"href":"https:\/\/diariodominicano.com\/index.php?rest_route=%2Fwp%2Fv2%2Fcategories&post=122848"},{"taxonomy":"post_tag","embeddable":true,"href":"https:\/\/diariodominicano.com\/index.php?rest_route=%2Fwp%2Fv2%2Ftags&post=122848"}],"curies":[{"name":"wp","href":"https:\/\/api.w.org\/{rel}","templated":true}]}}