{"id":122844,"date":"2007-08-26T22:56:29","date_gmt":"2007-08-26T22:56:29","guid":{"rendered":"http:\/\/diariodominicano.ddns.net\/?p=122844"},"modified":"2007-08-26T22:56:29","modified_gmt":"2007-08-26T22:56:29","slug":"el-gobierno-dominicano-cumple-con-requisitos-de-revision-del-acuerdo-con-fmi","status":"publish","type":"post","link":"https:\/\/diariodominicano.com\/?p=122844","title":{"rendered":"El gobierno dominicano cumple con requisitos de revisi\u00f3n del acuerdo con FMI"},"content":{"rendered":"<p><body><\/p>\n<p align=\"justify\" class=\"titulogrande1\">Decisi\u00f3n  de acuerdo con FMI la \u00a0tomar\u00e1 Presidente el  presidente Leonel Fern\u00e1ndez<\/p>\n<p>&#13;<\/p>\n<p align=\"justify\" class=\"text1noticias\"><strong>Santo Domingo.- <\/strong>El Equipo Econ\u00f3mico  el Gobierno anunci\u00f3 \u00a0que la \u00faltima  decisi\u00f3n sobre la continuaci\u00f3n del\u00a0  acuerdo con el Fondo Monetario Internacional (FMI) la tomar\u00e1 el presidente  Leonel Fern\u00e1ndez.<\/p>\n<p>&#13;<\/p>\n<p align=\"justify\" class=\"text1noticias\">El secretario de Hacienda  argument\u00f3 que en la pasada administraci\u00f3n del Partido de la Liberaci\u00f3n Dominicana  las cifras econ\u00f3micas demostraron que no es imprescindible una renovaci\u00f3n del  acuerdo.<\/p>\n<p>&#13;<\/p>\n<p align=\"justify\" class=\"text1noticias\">Vicente Bengoa \u00a0argument\u00f3 que ser\u00e1 el Presidente quien  finalmente tome una posici\u00f3n en este asunto y reiter\u00f3 que el Gobierno ha  cumplido con las metas establecidas por el FMI.<\/p>\n<p>&#13;<\/p>\n<p align=\"justify\" class=\"text1noticias\">Bengoa hizo el anunci\u00f3 en una  rueda de prensa del Equipo Econ\u00f3mico del Gobierno efectuada en el Banco Central,  en la que participaron su Gobernador, H\u00e9ctor Valdez Albizu, el secretario de  Econom\u00eda y Planificaci\u00f3n, Temistocles Montas, el\u00a0 Superintendente de Bancos, Rafael Camilo y el  propio Bengoa.<\/p>\n<p>&#13;<\/p>\n<p align=\"justify\" class=\"text1noticias\">De otro lado, Valdez  Albizu\u00a0 afirm\u00f3 que el Banco Central no se  contagiar\u00eda de la crisis financiera que en estos momentos afecta a Estados  Unidos a causa de los fondos sobre hipotecas de alto riesgo.<\/p>\n<p>&#13;<\/p>\n<h6> 2007-08-26 22:56:29 <\/h6>\n<p><!--\n<link rel=\"stylesheet\" href=\"css\/bootstrap.min.css\">\n\n\n<ul class=\"pagination\">\n\t    \n\t\n\n<li >\n\t<a href='?page_no=28723'>Previous<\/a>\n\t<\/li>\n\n\n       \n    \n\n<li><a href='?page_no=1'>1<\/a><\/li>\n\n\n\n<li><a href='?page_no=2'>2<\/a><\/li>\n\n\n\n<li><a>...<\/a><\/li>\n\n\n\n<li><a href='?page_no=28722'>28722<\/a><\/li>\n\n\n\n<li><a href='?page_no=28723'>28723<\/a><\/li>\n\n\n\n<li class='active'><a>28724<\/a><\/li>\n\n\n\n<li><a href='?page_no=28725'>28725<\/a><\/li>\n\n\n\n<li><a href='?page_no=28726'>28726<\/a><\/li>\n\n\n\n<li><a>...<\/a><\/li>\n\n\n\n<li><a href='?page_no=30472'>30472<\/a><\/li>\n\n\n\n<li><a href='?page_no=30473'>30473<\/a><\/li>\n\n    \n\t\n\n<li >\n\t<a href='?page_no=28725'>Next<\/a>\n\t<\/li>\n\n\n    \n\n<li><a href='?page_no=30473'>Last &rsaquo;&rsaquo;<\/a><\/li>\n\n<\/ul>\n\n\n--><br \/>\n<\/body><\/p>\n","protected":false},"excerpt":{"rendered":"<p>Decisi\u00f3n de acuerdo con FMI la \u00a0tomar\u00e1 Presidente el presidente Leonel Fern\u00e1ndez &#13; Santo Domingo.- El Equipo Econ\u00f3mico el Gobierno anunci\u00f3 \u00a0que la \u00faltima decisi\u00f3n sobre la continuaci\u00f3n del\u00a0 acuerdo con el Fondo Monetario Internacional (FMI) la tomar\u00e1 el presidente Leonel Fern\u00e1ndez. &#13; El secretario de Hacienda argument\u00f3 que en la pasada administraci\u00f3n del Partido [&hellip;]<\/p>\n","protected":false},"author":3,"featured_media":0,"comment_status":"open","ping_status":"open","sticky":false,"template":"","format":"standard","meta":{"footnotes":""},"categories":[18],"tags":[],"class_list":["post-122844","post","type-post","status-publish","format-standard","hentry","category-economia"],"_links":{"self":[{"href":"https:\/\/diariodominicano.com\/index.php?rest_route=\/wp\/v2\/posts\/122844","targetHints":{"allow":["GET"]}}],"collection":[{"href":"https:\/\/diariodominicano.com\/index.php?rest_route=\/wp\/v2\/posts"}],"about":[{"href":"https:\/\/diariodominicano.com\/index.php?rest_route=\/wp\/v2\/types\/post"}],"author":[{"embeddable":true,"href":"https:\/\/diariodominicano.com\/index.php?rest_route=\/wp\/v2\/users\/3"}],"replies":[{"embeddable":true,"href":"https:\/\/diariodominicano.com\/index.php?rest_route=%2Fwp%2Fv2%2Fcomments&post=122844"}],"version-history":[{"count":0,"href":"https:\/\/diariodominicano.com\/index.php?rest_route=\/wp\/v2\/posts\/122844\/revisions"}],"wp:attachment":[{"href":"https:\/\/diariodominicano.com\/index.php?rest_route=%2Fwp%2Fv2%2Fmedia&parent=122844"}],"wp:term":[{"taxonomy":"category","embeddable":true,"href":"https:\/\/diariodominicano.com\/index.php?rest_route=%2Fwp%2Fv2%2Fcategories&post=122844"},{"taxonomy":"post_tag","embeddable":true,"href":"https:\/\/diariodominicano.com\/index.php?rest_route=%2Fwp%2Fv2%2Ftags&post=122844"}],"curies":[{"name":"wp","href":"https:\/\/api.w.org\/{rel}","templated":true}]}}