{"id":122843,"date":"2007-08-26T23:06:06","date_gmt":"2007-08-26T23:06:06","guid":{"rendered":"http:\/\/diariodominicano.ddns.net\/?p=122843"},"modified":"2007-08-26T23:06:06","modified_gmt":"2007-08-26T23:06:06","slug":"jefe-pn-plantea-haya-menos-soldados-en-las-calles","status":"publish","type":"post","link":"https:\/\/diariodominicano.com\/?p=122843","title":{"rendered":"Jefe PN plantea haya menos soldados en las calles"},"content":{"rendered":"<p><body><\/p>\n<p class=\"titulogrande1\">Jefe  PN plantea haya menos soldados en las calles<\/p>\n<p>&#13;<\/p>\n<p align=\"justify\" class=\"text1noticias\"><strong>SANTO DOMINGO.-<\/strong> El jefe de la Polic\u00eda Nacional,  mayor general Rafael Guillermo Guzm\u00e1n Ferm\u00edn, se reuni\u00f3 \u00a0con el jefe de las Fuerzas Armadas (FFAA),  teniente general Ram\u00f3n Antonio Aquino Garc\u00eda, a quien le manifest\u00f3 la necesidad  de que a medida en que se vaya avanzando en la eficiencia del patrullaje  policial, haya menos soldados en las calles.<\/p>\n<p>&#13;<\/p>\n<p align=\"justify\" class=\"text1noticias\">Garc\u00eda Ferm\u00edn dijo que su  propuesta est\u00e1 hecha \u201cee suerte que nosotros podamos mantener la seguridad  ciudadana sin utilizar miembros de las FFAA y que ellos vayan a sus cuarteles\u201d.<\/p>\n<p>&#13;<\/p>\n<p align=\"justify\" class=\"text1noticias\">Reiter\u00f3 que trabajar\u00e1 para  que se ampl\u00ede el Plan de Seguridad Democr\u00e1tica y que actuar\u00e1 estrictamente  apegado al C\u00f3digo Procesal Penal y en todo lo referente al respeto de los  derechos humanos y apegado a la moral y a la \u00e9tica.<\/p>\n<p>&#13;<\/p>\n<p align=\"justify\" class=\"text1noticias\">Dijo que \u201cfue una visita de  cortes\u00eda para intercambiar temas y en una futura oportunidad haremos otra  visita para coordinar los esfuerzos encaminados a mantener la seguridad  ciudadana a nivel nacional\u201d.<\/p>\n<p>&#13;<\/p>\n<p align=\"justify\" class=\"text1noticias\">Asegur\u00f3 que la misi\u00f3n de la  jefatura es la formaci\u00f3n de una polic\u00eda nueva y moderada dentro de un r\u00e9gimen  democr\u00e1tico y donde se respeten las libertades p\u00fablicas.<\/p>\n<p>&#13;<\/p>\n<p align=\"justify\" class=\"text1noticias\">Dijo que la Polic\u00eda Nacional  se acercar\u00e1 a los barrios para coordinar acciones conjuntas, ya que el problema  de la delincuencia no es un asunto exclusivo de esa instituci\u00f3n, sino una  corresponsabilidad ciudadana.<\/p>\n<p>&#13;<\/p>\n<p align=\"justify\" class=\"text1noticias\">\u201cLa labor nuestra es rescatar  con la Polic\u00eda   Nacional el mantenimiento de la seguridad ciudadana para  decirle a los soldados: ya vamos a mantener el orden nosotros\u201d, indic\u00f3.<\/p>\n<p>&#13;<\/p>\n<p align=\"justify\" class=\"text1noticias\">Desde que asumi\u00f3 la jefatura  de la Polic\u00eda   Nacional, Garc\u00eda Ferm\u00edn ha realizado varios encuentros, entre  ellos una reuni\u00f3n con el rector de la Universidad Aut\u00f3noma  de Santo Domingo (UASD), un recorrido por el barrio Capotillo y zonas aleda\u00f1as  entre otros, a fin de conocer las necesidades de los sectores en lo referente a  la seguridad ciudadana.\u00a0 <\/p>\n<p>&#13;<\/p>\n<h6> 2007-08-26 23:06:06 <\/h6>\n<p><!--\n<link rel=\"stylesheet\" href=\"css\/bootstrap.min.css\">\n\n\n<ul class=\"pagination\">\n\t    \n\t\n\n<li >\n\t<a href='?page_no=28722'>Previous<\/a>\n\t<\/li>\n\n\n       \n    \n\n<li><a href='?page_no=1'>1<\/a><\/li>\n\n\n\n<li><a href='?page_no=2'>2<\/a><\/li>\n\n\n\n<li><a>...<\/a><\/li>\n\n\n\n<li><a href='?page_no=28721'>28721<\/a><\/li>\n\n\n\n<li><a href='?page_no=28722'>28722<\/a><\/li>\n\n\n\n<li class='active'><a>28723<\/a><\/li>\n\n\n\n<li><a href='?page_no=28724'>28724<\/a><\/li>\n\n\n\n<li><a href='?page_no=28725'>28725<\/a><\/li>\n\n\n\n<li><a>...<\/a><\/li>\n\n\n\n<li><a href='?page_no=30472'>30472<\/a><\/li>\n\n\n\n<li><a href='?page_no=30473'>30473<\/a><\/li>\n\n    \n\t\n\n<li >\n\t<a href='?page_no=28724'>Next<\/a>\n\t<\/li>\n\n\n    \n\n<li><a href='?page_no=30473'>Last &rsaquo;&rsaquo;<\/a><\/li>\n\n<\/ul>\n\n\n--><br \/>\n<\/body><\/p>\n","protected":false},"excerpt":{"rendered":"<p>Jefe PN plantea haya menos soldados en las calles &#13; SANTO DOMINGO.- El jefe de la Polic\u00eda Nacional, mayor general Rafael Guillermo Guzm\u00e1n Ferm\u00edn, se reuni\u00f3 \u00a0con el jefe de las Fuerzas Armadas (FFAA), teniente general Ram\u00f3n Antonio Aquino Garc\u00eda, a quien le manifest\u00f3 la necesidad de que a medida en que se vaya avanzando [&hellip;]<\/p>\n","protected":false},"author":3,"featured_media":0,"comment_status":"open","ping_status":"open","sticky":false,"template":"","format":"standard","meta":{"footnotes":""},"categories":[18],"tags":[],"class_list":["post-122843","post","type-post","status-publish","format-standard","hentry","category-economia"],"_links":{"self":[{"href":"https:\/\/diariodominicano.com\/index.php?rest_route=\/wp\/v2\/posts\/122843","targetHints":{"allow":["GET"]}}],"collection":[{"href":"https:\/\/diariodominicano.com\/index.php?rest_route=\/wp\/v2\/posts"}],"about":[{"href":"https:\/\/diariodominicano.com\/index.php?rest_route=\/wp\/v2\/types\/post"}],"author":[{"embeddable":true,"href":"https:\/\/diariodominicano.com\/index.php?rest_route=\/wp\/v2\/users\/3"}],"replies":[{"embeddable":true,"href":"https:\/\/diariodominicano.com\/index.php?rest_route=%2Fwp%2Fv2%2Fcomments&post=122843"}],"version-history":[{"count":0,"href":"https:\/\/diariodominicano.com\/index.php?rest_route=\/wp\/v2\/posts\/122843\/revisions"}],"wp:attachment":[{"href":"https:\/\/diariodominicano.com\/index.php?rest_route=%2Fwp%2Fv2%2Fmedia&parent=122843"}],"wp:term":[{"taxonomy":"category","embeddable":true,"href":"https:\/\/diariodominicano.com\/index.php?rest_route=%2Fwp%2Fv2%2Fcategories&post=122843"},{"taxonomy":"post_tag","embeddable":true,"href":"https:\/\/diariodominicano.com\/index.php?rest_route=%2Fwp%2Fv2%2Ftags&post=122843"}],"curies":[{"name":"wp","href":"https:\/\/api.w.org\/{rel}","templated":true}]}}