{"id":122841,"date":"2007-08-26T23:14:18","date_gmt":"2007-08-26T23:14:18","guid":{"rendered":"http:\/\/diariodominicano.ddns.net\/?p=122841"},"modified":"2007-08-26T23:14:18","modified_gmt":"2007-08-26T23:14:18","slug":"presidente-leonel-fernandez-ordena-dejar-sin-efecto-aumento-de-los-marbetes-de-las-placas-de-vehiculos","status":"publish","type":"post","link":"https:\/\/diariodominicano.com\/?p=122841","title":{"rendered":"Presidente Leonel Fern\u00e1ndez ordena dejar sin efecto aumento de los marbetes de las placas de veh\u00edculos"},"content":{"rendered":"<p><body><\/p>\n<p align=\"justify\" class=\"titulogrande1\">Presidente Leonel\u00a0 Fern\u00e1ndez ordena dejar sin efecto aumento de  los marbetes de las placas de veh\u00edculos<\/p>\n<p>&#13;<\/p>\n<p align=\"justify\" class=\"text1noticias\">Dijo \u00a0que a partir de este momento, ha impartido las  instrucciones al secretario de Hacienda y al director de Impuestos Internos  para que tomen las medidas pertinentes de suspender inmediatamente el proceso  de renovaci\u00f3n de marbetes, hasta tanto el Congreso Nacional conozca de un  proyecto de ley que elimina ese aumento, que fuera dispuesto por esta \u00faltima  instituci\u00f3n.<\/p>\n<p>&#13;<\/p>\n<p align=\"justify\" class=\"text1noticias\"><strong>SANTO DOMINGO.-<\/strong> El  presidente de la Rep\u00fablica,  orden\u00f3 este jueves a la   Direcci\u00f3n de Impuestos Internos y a la Secretar\u00eda de Hacienda \u00a0dejar sin efecto el incremento de los marbetes  de renovaci\u00f3n de las \u00a0placas de veh\u00edculos  de motor y anunci\u00f3 que someter\u00e1 un proyecto de ley \u00a0al Congreso Nacional para eliminar el alza en  los precios de esa medida fiscal.<br \/>&#13;<br \/>\n  <br \/>&#13;<br \/>\n\u00abDespu\u00e9s de un  an\u00e1lisis sobre la situaci\u00f3n fiscal del Gobierno hecha por el secretario de  Hacienda, Vicente Bengoa y el director  general de Impuestos Internos, Juan Hern\u00e1ndez, hemos llegado a la conclusi\u00f3n de  que la implementaci\u00f3n de los comprobantes fiscales ha tenido como consecuencia  un incremento sostenido de las recaudaciones\u00bb, explica una declaraci\u00f3n del  Jefe del Estado.<br \/>&#13;<br \/>\n<br \/>&#13;<br \/>\nDestac\u00f3 que el nuevo  sistema de control ha propiciado una mejor\u00eda en las recaudaciones, por lo que  el Gobierno dispuso recientemente la reducci\u00f3n de las tasas de los Impuestos  Sobre la Renta  y los del Selectivo a los cigarrillos y los alcoholes.<br \/>&#13;<br \/>\n<br \/>&#13;<br \/>\nOtro de los puntos que  fue ponderado como positivo es que la presente administraci\u00f3n gubernamental ha  cumplido todas las metas y compromisos con el Fondo Monetario Internacional  (FMI).<br \/>&#13;<br \/>\n<br \/>&#13;<br \/>\n\u00abLuego de estudiar  la situaci\u00f3n fiscal descrita, hemos tomado la decisi\u00f3n de dejar \u00a0sin efecto el incremento de los marbetes o  placas de veh\u00edculos de motor\u00bb, indic\u00f3 \u00a0el Presidente Fern\u00e1ndez.<br \/>&#13;<br \/>\n<br \/>&#13;<br \/>\nDijo \u00a0que a partir de este momento, ha impartido las  instrucciones al secretario de Hacienda y al director de Impuestos Internos  para que tomen las medidas pertinentes de suspender inmediatamente el proceso  de renovaci\u00f3n de marbetes, hasta tanto el Congreso Nacional conozca de un  proyecto de ley que elimina ese aumento, que fuera dispuesto por esta \u00faltima  instituci\u00f3n.<br \/>&#13;<br \/>\n<br \/>&#13;<br \/>\nEn ese sentido, el  Gobernante anunci\u00f3 que someter\u00e1 a consideraci\u00f3n del Congreso Nacional un proyecto  de ley \u00a0para modificar el art\u00edculo 9 de  la ley 241, a  fin de que en lo adelante quede sin efecto el alza en los precios de las placas  de los veh\u00edculos de motor.<br \/>&#13;<br \/>\n<br \/>&#13;<br \/>\n\u00abUna vez aprobado  este proyecto de ley que estoy sometiendo a la consideraci\u00f3n de las c\u00e1maras  legislativas, la   Direcci\u00f3n General de Impuestos Internos proceder\u00e1 diez d\u00edas  despu\u00e9s a devolver la diferencia del importe pagado por los contribuyentes que  a la fecha hayan adquirido sus marbetes\u00bb, asegur\u00f3 expres\u00f3 el Jefe del  Estado.<br \/>&#13;<br \/>\n<br \/>&#13;<br \/>\nPrecis\u00f3 que la medida se  debe a que el Gobierno est\u00e1 consciente de que la poblaci\u00f3n dominicana se ha  venido recuperando de una profunda crisis econ\u00f3mica, por lo que considera, que  no se le puede cargar con otros impuestos o grav\u00e1menes que afecten sus  ingresos.<\/p>\n<p>&#13;<\/p>\n<h6> 2007-08-26 23:14:18 <\/h6>\n<p><!--\n<link rel=\"stylesheet\" href=\"css\/bootstrap.min.css\">\n\n\n<ul class=\"pagination\">\n\t    \n\t\n\n<li >\n\t<a href='?page_no=28720'>Previous<\/a>\n\t<\/li>\n\n\n       \n    \n\n<li><a href='?page_no=1'>1<\/a><\/li>\n\n\n\n<li><a href='?page_no=2'>2<\/a><\/li>\n\n\n\n<li><a>...<\/a><\/li>\n\n\n\n<li><a href='?page_no=28719'>28719<\/a><\/li>\n\n\n\n<li><a href='?page_no=28720'>28720<\/a><\/li>\n\n\n\n<li class='active'><a>28721<\/a><\/li>\n\n\n\n<li><a href='?page_no=28722'>28722<\/a><\/li>\n\n\n\n<li><a href='?page_no=28723'>28723<\/a><\/li>\n\n\n\n<li><a>...<\/a><\/li>\n\n\n\n<li><a href='?page_no=30472'>30472<\/a><\/li>\n\n\n\n<li><a href='?page_no=30473'>30473<\/a><\/li>\n\n    \n\t\n\n<li >\n\t<a href='?page_no=28722'>Next<\/a>\n\t<\/li>\n\n\n    \n\n<li><a href='?page_no=30473'>Last &rsaquo;&rsaquo;<\/a><\/li>\n\n<\/ul>\n\n\n--><br \/>\n<\/body><\/p>\n","protected":false},"excerpt":{"rendered":"<p>Presidente Leonel\u00a0 Fern\u00e1ndez ordena dejar sin efecto aumento de los marbetes de las placas de veh\u00edculos &#13; Dijo \u00a0que a partir de este momento, ha impartido las instrucciones al secretario de Hacienda y al director de Impuestos Internos para que tomen las medidas pertinentes de suspender inmediatamente el proceso de renovaci\u00f3n de marbetes, hasta tanto [&hellip;]<\/p>\n","protected":false},"author":3,"featured_media":0,"comment_status":"open","ping_status":"open","sticky":false,"template":"","format":"standard","meta":{"footnotes":""},"categories":[18],"tags":[],"class_list":["post-122841","post","type-post","status-publish","format-standard","hentry","category-economia"],"_links":{"self":[{"href":"https:\/\/diariodominicano.com\/index.php?rest_route=\/wp\/v2\/posts\/122841","targetHints":{"allow":["GET"]}}],"collection":[{"href":"https:\/\/diariodominicano.com\/index.php?rest_route=\/wp\/v2\/posts"}],"about":[{"href":"https:\/\/diariodominicano.com\/index.php?rest_route=\/wp\/v2\/types\/post"}],"author":[{"embeddable":true,"href":"https:\/\/diariodominicano.com\/index.php?rest_route=\/wp\/v2\/users\/3"}],"replies":[{"embeddable":true,"href":"https:\/\/diariodominicano.com\/index.php?rest_route=%2Fwp%2Fv2%2Fcomments&post=122841"}],"version-history":[{"count":0,"href":"https:\/\/diariodominicano.com\/index.php?rest_route=\/wp\/v2\/posts\/122841\/revisions"}],"wp:attachment":[{"href":"https:\/\/diariodominicano.com\/index.php?rest_route=%2Fwp%2Fv2%2Fmedia&parent=122841"}],"wp:term":[{"taxonomy":"category","embeddable":true,"href":"https:\/\/diariodominicano.com\/index.php?rest_route=%2Fwp%2Fv2%2Fcategories&post=122841"},{"taxonomy":"post_tag","embeddable":true,"href":"https:\/\/diariodominicano.com\/index.php?rest_route=%2Fwp%2Fv2%2Ftags&post=122841"}],"curies":[{"name":"wp","href":"https:\/\/api.w.org\/{rel}","templated":true}]}}