{"id":122839,"date":"2007-08-26T23:21:48","date_gmt":"2007-08-26T23:21:48","guid":{"rendered":"http:\/\/diariodominicano.ddns.net\/?p=122839"},"modified":"2007-08-26T23:21:48","modified_gmt":"2007-08-26T23:21:48","slug":"secretario-industria-y-comercio-consejo-de-competitividad-y-lideres-industriales-impulsaran-ley-industrial-y-de-sistema-de-calidad","status":"publish","type":"post","link":"https:\/\/diariodominicano.com\/?p=122839","title":{"rendered":"Secretario Industria y Comercio, Consejo de Competitividad, y l\u00edderes Industriales, impulsar\u00e1n ley Industrial y de Sistema de Calidad"},"content":{"rendered":"<p><body><\/p>\n<p align=\"justify\" class=\"titulogrande1\">Secretario Industria y Comercio, Consejo de  Competitividad, y l\u00edderes Industriales, impulsar\u00e1n ley Industrial y de Sistema  de Calidad<\/p>\n<p>&#13;<\/p>\n<p align=\"justify\" class=\"text1noticias\">Melanio  Paredes dijo \u00a0que trabajando en equipo  con los industriales y el CNC \u201cen seis meses tendremos resultados favorables\u201d  en apoyo a este sector que emplea a m\u00e1s de 500 mil dominicanos y aporta un 24  por ciento del Producto Bruto Interno de la naci\u00f3n.<\/p>\n<p>&#13;<\/p>\n<p align=\"justify\" class=\"text1noticias\"><strong>Santo  Domingo.- <\/strong>El Secretario de Industria y Comercio, Melanio Paredes se  comprometi\u00f3\u00a0 con el Consejo Nacional de  Competitividad y los l\u00edderes del sector empresarial e industrial en impulsar la  aprobaci\u00f3n de la ley de Competitividad Industrial, ya que esta ser\u00e1 la  herramienta para que los empresarios puedan competir en la apertura comercial.<\/p>\n<p>&#13;<\/p>\n<p align=\"justify\" class=\"text1noticias\">El  encuentro fue auspiciado por Andr\u00e9s van der Horst \u00c1lvarez, director ejecutivo  del CNC. Participaron adem\u00e1s\u00a0 Antonio Isa  Conde, Asesor Industrial del Poder Ejecutivo, Lisandro Macarrulla, presidente  del CONEP, Rafael Menicucci, presidente de ADOFACE, as\u00ed como Circe Alm\u00e1nzar,  Ligia Bonetti de Valiente, Celso Marranzini y Francisco Garc\u00eda, en  representaci\u00f3n de la   Asociaci\u00f3n de Industrias.\u00a0 <\/p>\n<p>&#13;<\/p>\n<p align=\"justify\" class=\"text1noticias\">Tambi\u00e9n  estuvieron, Ignacio M\u00e9ndez, presidente de la Federaci\u00f3n de  Asociaciones Industriales, Jes\u00fas   Moreno, presidente de la Asociaci\u00f3n de  Industriales de Herrera, y directivos de la Asociaci\u00f3n de  Industriales de Haina y de la   Regi\u00f3n Norte.<\/p>\n<p>&#13;<\/p>\n<p align=\"justify\" class=\"text1noticias\">En  ese marco Van Der Horst \u00c1lvarez, le  solicit\u00f3 a Paredes que enfoque su gesti\u00f3n en la mejor\u00eda de la calidad de las  empresas dominicanas, a trav\u00e9s del impulso de la reconversi\u00f3n industrial, el  proceso de innovaci\u00f3n y el mejoramiento de la calidad a trav\u00e9s de un nuevo  marco legal e institucional conseguido en el anteproyecto de Competitividad e  Innovaci\u00f3n Industrial que reposa en el Congreso.\u00a0\u00a0 \u00a0\u00a0\u00a0\u00a0<\/p>\n<p>&#13;<\/p>\n<p align=\"justify\" class=\"text1noticias\">De  su lado, el nuevo Ministro de Comercio dijo que ser\u00e1 un interlocutor entre el  gobierno y los industriales, \u201cser\u00e9 una persona que tender\u00e1 puentes\u201d, al tiempo  que se comprometi\u00f3 a acudir al Congreso en coordinaci\u00f3n con el CNC y los  industriales para apoyar la pronta aprobaci\u00f3n de la ley de competitividad  industrial.<\/p>\n<p>&#13;<\/p>\n<p align=\"justify\" class=\"text1noticias\">Se\u00f1al\u00f3  que estar\u00e1 presente cuando le soliciten porque \u201cno creo en el ausentismo\u201d,  sentenci\u00f3. <\/p>\n<p>&#13;<\/p>\n<p align=\"justify\" class=\"text1noticias\">Dijo  que trabajando en equipo con los industriales y el CNC \u201cen seis meses tendremos  resultados favorables\u201d en apoyo a este sector que emplea a m\u00e1s de 500 mil  dominicanos y aporta un 24 por ciento del Producto Bruto Interno de la naci\u00f3n.<\/p>\n<p>&#13;<\/p>\n<p align=\"justify\" class=\"text1noticias\">Expres\u00f3  adem\u00e1s que los funcionarios p\u00fablicos deben ser \u201cfacilitadores\u201d y que ese ser\u00e1  su rol en este reto que le encomend\u00f3 el Presidente Leonel Fern\u00e1ndez. En el  encuentro dijo en tono jovial y usando el argot beisbolero\u00a0 \u201che tomado la se\u00f1a y aunque entr\u00e9 al juego en  el noveno inning s\u00e9 que lograremos resultados favorables\u201d.<\/p>\n<p>&#13;<\/p>\n<p align=\"justify\" class=\"text1noticias\">El  segundo vicepresidente de la   Asociaci\u00f3n de Industrias, Francisco Garc\u00eda, defendi\u00f3 esta  propuesta de ley \u201cporque aunque no es perfeccionista es integral y es la  primera vez que se dise\u00f1a un documento de este tipo que incentiva la  exportaci\u00f3n de los sectores industriales dominicanos\u201d. Fue muy espec\u00edfico  indic\u00e1ndole a Paredes que \u201csi se aprueba o no este proyecto se medir\u00e1 el \u00e9xito  o el fracaso de su gesti\u00f3n\u201d.<\/p>\n<p>&#13;<\/p>\n<p align=\"justify\" class=\"text1noticias\">El  Asesor Industrial del Poder Ejecutivo, Antonio Isa Conde, dijo que todo lo que  ha logrado el Consejo Nacional de Competitividad ha sido gracias al consenso  con los sectores productivos \u201ccomo lo estamos haciendo aqu\u00ed en este escenario  en que los industriales le est\u00e1n exponiendo sus necesidades\u201d. <\/p>\n<p>&#13;<\/p>\n<div align=\"justify\" class=\"text1noticias\">Destac\u00f3 que para elaborar la ley de competitividad  industrial se llev\u00f3 a cabo un proceso de discusi\u00f3n amplio, al tiempo que  subray\u00f3 que \u201clos argumentos en contra de esta propuesta son balad\u00edes. Hay que  darle la oportunidad a que se cree Proindustria para que organice un nuevo  esquema a favor de la industria local\u201d.<\/div>\n<p>&#13;<\/p>\n<h6> 2007-08-26 23:21:48 <\/h6>\n<p><!--\n<link rel=\"stylesheet\" href=\"css\/bootstrap.min.css\">\n\n\n<ul class=\"pagination\">\n\t    \n\t\n\n<li >\n\t<a href='?page_no=28718'>Previous<\/a>\n\t<\/li>\n\n\n       \n    \n\n<li><a href='?page_no=1'>1<\/a><\/li>\n\n\n\n<li><a href='?page_no=2'>2<\/a><\/li>\n\n\n\n<li><a>...<\/a><\/li>\n\n\n\n<li><a href='?page_no=28717'>28717<\/a><\/li>\n\n\n\n<li><a href='?page_no=28718'>28718<\/a><\/li>\n\n\n\n<li class='active'><a>28719<\/a><\/li>\n\n\n\n<li><a href='?page_no=28720'>28720<\/a><\/li>\n\n\n\n<li><a href='?page_no=28721'>28721<\/a><\/li>\n\n\n\n<li><a>...<\/a><\/li>\n\n\n\n<li><a href='?page_no=30472'>30472<\/a><\/li>\n\n\n\n<li><a href='?page_no=30473'>30473<\/a><\/li>\n\n    \n\t\n\n<li >\n\t<a href='?page_no=28720'>Next<\/a>\n\t<\/li>\n\n\n    \n\n<li><a href='?page_no=30473'>Last &rsaquo;&rsaquo;<\/a><\/li>\n\n<\/ul>\n\n\n--><br \/>\n<\/body><\/p>\n","protected":false},"excerpt":{"rendered":"<p>Secretario Industria y Comercio, Consejo de Competitividad, y l\u00edderes Industriales, impulsar\u00e1n ley Industrial y de Sistema de Calidad &#13; Melanio Paredes dijo \u00a0que trabajando en equipo con los industriales y el CNC \u201cen seis meses tendremos resultados favorables\u201d en apoyo a este sector que emplea a m\u00e1s de 500 mil dominicanos y aporta un 24 [&hellip;]<\/p>\n","protected":false},"author":3,"featured_media":0,"comment_status":"open","ping_status":"open","sticky":false,"template":"","format":"standard","meta":{"footnotes":""},"categories":[18],"tags":[],"class_list":["post-122839","post","type-post","status-publish","format-standard","hentry","category-economia"],"_links":{"self":[{"href":"https:\/\/diariodominicano.com\/index.php?rest_route=\/wp\/v2\/posts\/122839","targetHints":{"allow":["GET"]}}],"collection":[{"href":"https:\/\/diariodominicano.com\/index.php?rest_route=\/wp\/v2\/posts"}],"about":[{"href":"https:\/\/diariodominicano.com\/index.php?rest_route=\/wp\/v2\/types\/post"}],"author":[{"embeddable":true,"href":"https:\/\/diariodominicano.com\/index.php?rest_route=\/wp\/v2\/users\/3"}],"replies":[{"embeddable":true,"href":"https:\/\/diariodominicano.com\/index.php?rest_route=%2Fwp%2Fv2%2Fcomments&post=122839"}],"version-history":[{"count":0,"href":"https:\/\/diariodominicano.com\/index.php?rest_route=\/wp\/v2\/posts\/122839\/revisions"}],"wp:attachment":[{"href":"https:\/\/diariodominicano.com\/index.php?rest_route=%2Fwp%2Fv2%2Fmedia&parent=122839"}],"wp:term":[{"taxonomy":"category","embeddable":true,"href":"https:\/\/diariodominicano.com\/index.php?rest_route=%2Fwp%2Fv2%2Fcategories&post=122839"},{"taxonomy":"post_tag","embeddable":true,"href":"https:\/\/diariodominicano.com\/index.php?rest_route=%2Fwp%2Fv2%2Ftags&post=122839"}],"curies":[{"name":"wp","href":"https:\/\/api.w.org\/{rel}","templated":true}]}}