{"id":122835,"date":"2007-08-29T14:42:05","date_gmt":"2007-08-29T14:42:05","guid":{"rendered":"http:\/\/diariodominicano.ddns.net\/?p=122835"},"modified":"2007-08-29T14:42:05","modified_gmt":"2007-08-29T14:42:05","slug":"fmi-cree-rd-debe-mantener-politica-fiscal-ayude-a-reducir-la-carga-de-la-deuda","status":"publish","type":"post","link":"https:\/\/diariodominicano.com\/?p=122835","title":{"rendered":"FMI cree RD debe mantener pol\u00edtica fiscal ayude a reducir la carga de la deuda"},"content":{"rendered":"<p><body><\/p>\n<p align=\"justify\" class=\"titulogrande1\">FMI  cree RD debe mantener pol\u00edtica fiscal ayude a reducir la carga de la deuda<\/p>\n<p>&#13;<\/p>\n<p align=\"justify\" class=\"text1noticias\"><strong><img loading=\"lazy\" decoding=\"async\" src=\"http:\/\/localhost:8080\/economia\/pictures\/erik c offerdal.jpg\" width=\"269\" height=\"402\" hspace=\"4\" align=\"left\" \/>SANTO DOMINGO.-<\/strong> Los desaf\u00edos que tiene  el pa\u00eds a mediano plazo, es mantener una postura en la pol\u00edtica fiscal, que  ayude a reducir la carga de la deuda p\u00fablica en la econom\u00eda, para reducir la  vulnerabilidad externa, afirm\u00f3 el representante residente del Fondo Monetario  Internacional (FMI) en el pa\u00eds, Erik C. Offerdal.<br \/>&#13;<br \/>\n  <br \/>&#13;<br \/>\n  Offerdal favoreci\u00f3 que la carga de la  deuda sea reducida, como est\u00e1 previsto en el acuerdo con el FMI, para que\u00a0  en diez a\u00f1os se coloque a un nivel equivalente al\u00a0 30% del Producto  Interno Bruto (PIB), desde un 45% en que se encuentra actualmente.<br \/>&#13;<br \/>\n    <br \/>&#13;<br \/>\n  El funcionario del FMI explic\u00f3 que  reducir la carga de la deuda apunta a la necesidad de continuar el esfuerzo que  ya est\u00e1 en marcha para manejar la situaci\u00f3n financiera del sector el\u00e9ctrico, a  fin de reducir la transferencias del gobierno al sector.<br \/>&#13;<br \/>\n  <br \/>&#13;<br \/>\n  Dijo que el objetivo es que\u00a0 en el  mediano plazo el sector el\u00e9ctrico se autofinancie.<br \/>&#13;<br \/>\n  <br \/>&#13;<br \/>\n  Dijo que ya est\u00e1 en marcha un esfuerzo  por parte de las compa\u00f1\u00edas distribuidoras, CDEEE y Comisi\u00f3n nacional de  energ\u00eda, para reducir p\u00e9rdidas financieras de las distribuidoras,\u00a0renegociar los contratos de Madrid y reducir los niveles de costos a las empresas  distribuidoras de electricidad.<br \/>&#13;<br \/>\n  <br \/>&#13;<br \/>\n  Inform\u00f3 que ya la CDEEE logr\u00f3 una  renegociaci\u00f3n de un contrato con una empresa generadora y que est\u00e1n en  marcha negociaciones\u00a0 con otras empresas, y espera que en el a\u00f1o entrante  haya resultados significativos. <br \/>&#13;<br \/>\n  <br \/>&#13;<br \/>\n  \u201cEsto va a reducir los costos, a mejorar  las inversiones en el sector de distribuci\u00f3n, lo cual va a\u00a0 reducir las  p\u00e9rdidas y, consecuentemente,\u00a0 disminuir\u00e1n las necesidades de  transferencias desde el gobierno central\u201d, explic\u00f3.<br \/>&#13;<br \/>\n  <br \/>&#13;<br \/>\n  Dijo que esto crear\u00e1 espacio para una  mayor inversi\u00f3n social y\u00a0 en infraestructura, \u00e1reas en que hay muchas  necesidades en el pa\u00eds.<br \/>&#13;<br \/>\n  <br \/>&#13;<br \/>\n  Particularmente, se\u00f1al\u00f3 que fortalecer  la educaci\u00f3n es clave para que la Rep\u00fablica Dominicana  pueda competir en el futuro con los pa\u00edses asi\u00e1ticos, en los cuales el nivel de  educaci\u00f3n es mucho m\u00e1s elevado.<br \/>&#13;<br \/>\n  <br \/>&#13;<br \/>\n  Por otro lado, Offerdal dijo que espera  que el Directorio del FMI apruebe en septiembre la carta de intenci\u00f3n  presentada por el pa\u00eds, ya que la Rep\u00fablica Dominicana  ha cumplido con todos los compromisos respecto a los criterios de desempe\u00f1o  cuantitativo. Dijo que los temas pendientes, que son el reglamento de la  gesti\u00f3n financiera del sector p\u00fablico y la nueva reglamentaci\u00f3n del sector  el\u00e9ctrico, podr\u00edan ser entregado hoy listos al Presidente de la Rep\u00fablica, con lo cual  el pa\u00eds cumplir\u00eda con todos los requisitos para la aprobaci\u00f3n de la carta de  intenci\u00f3n.<br \/>&#13;<br \/>\n  <br \/>&#13;<br \/>\n  En cuanto a la volatilidad de los  mercados financieros internacional, Offerdal que no tendr\u00e1 consecuencias  significativas para el pa\u00eds.<br \/>&#13;<br \/>\n  <br \/>&#13;<br \/>\n  Dijo que si el efecto ser\u00eda m\u00ednimo y se  reducir\u00eda a las consecuencias de un menor crecimiento al que se esperaba en la  econom\u00eda de los Estados Unidos.<br \/>&#13;<br \/>\n  <br \/>&#13;<br \/>\n  No obstante, dijo que la lecci\u00f3n que  debe sacar el pa\u00eds de esa volatilidad es que debe reducir el nivel de su deuda  para disminuir su vulvulnerabilidad externa y transparentar el sistema  financiero.<br \/>&#13;<br \/>\n  <br \/>&#13;<br \/>\n  En lo que respecta a este \u00faltimo,  consider\u00f3 muy importante para los inversiones contar con informaciones  actualizadas sobre la realidad del sistema financiero dominicano, lo cual har\u00eda  mucho m\u00e1s confiable en el manejo de la econom\u00eda de la Rep\u00fablica Dominicana.<\/p>\n<p>&#13;<\/p>\n<h6> 2007-08-29 14:42:05 <\/h6>\n<p><!--\n<link rel=\"stylesheet\" href=\"css\/bootstrap.min.css\">\n\n\n<ul class=\"pagination\">\n\t    \n\t\n\n<li >\n\t<a href='?page_no=28714'>Previous<\/a>\n\t<\/li>\n\n\n       \n    \n\n<li><a href='?page_no=1'>1<\/a><\/li>\n\n\n\n<li><a href='?page_no=2'>2<\/a><\/li>\n\n\n\n<li><a>...<\/a><\/li>\n\n\n\n<li><a href='?page_no=28713'>28713<\/a><\/li>\n\n\n\n<li><a href='?page_no=28714'>28714<\/a><\/li>\n\n\n\n<li class='active'><a>28715<\/a><\/li>\n\n\n\n<li><a href='?page_no=28716'>28716<\/a><\/li>\n\n\n\n<li><a href='?page_no=28717'>28717<\/a><\/li>\n\n\n\n<li><a>...<\/a><\/li>\n\n\n\n<li><a href='?page_no=30472'>30472<\/a><\/li>\n\n\n\n<li><a href='?page_no=30473'>30473<\/a><\/li>\n\n    \n\t\n\n<li >\n\t<a href='?page_no=28716'>Next<\/a>\n\t<\/li>\n\n\n    \n\n<li><a href='?page_no=30473'>Last &rsaquo;&rsaquo;<\/a><\/li>\n\n<\/ul>\n\n\n--><br \/>\n<\/body><\/p>\n","protected":false},"excerpt":{"rendered":"<p>FMI cree RD debe mantener pol\u00edtica fiscal ayude a reducir la carga de la deuda &#13; SANTO DOMINGO.- Los desaf\u00edos que tiene el pa\u00eds a mediano plazo, es mantener una postura en la pol\u00edtica fiscal, que ayude a reducir la carga de la deuda p\u00fablica en la econom\u00eda, para reducir la vulnerabilidad externa, afirm\u00f3 el [&hellip;]<\/p>\n","protected":false},"author":3,"featured_media":0,"comment_status":"open","ping_status":"open","sticky":false,"template":"","format":"standard","meta":{"footnotes":""},"categories":[18],"tags":[],"class_list":["post-122835","post","type-post","status-publish","format-standard","hentry","category-economia"],"_links":{"self":[{"href":"https:\/\/diariodominicano.com\/index.php?rest_route=\/wp\/v2\/posts\/122835","targetHints":{"allow":["GET"]}}],"collection":[{"href":"https:\/\/diariodominicano.com\/index.php?rest_route=\/wp\/v2\/posts"}],"about":[{"href":"https:\/\/diariodominicano.com\/index.php?rest_route=\/wp\/v2\/types\/post"}],"author":[{"embeddable":true,"href":"https:\/\/diariodominicano.com\/index.php?rest_route=\/wp\/v2\/users\/3"}],"replies":[{"embeddable":true,"href":"https:\/\/diariodominicano.com\/index.php?rest_route=%2Fwp%2Fv2%2Fcomments&post=122835"}],"version-history":[{"count":0,"href":"https:\/\/diariodominicano.com\/index.php?rest_route=\/wp\/v2\/posts\/122835\/revisions"}],"wp:attachment":[{"href":"https:\/\/diariodominicano.com\/index.php?rest_route=%2Fwp%2Fv2%2Fmedia&parent=122835"}],"wp:term":[{"taxonomy":"category","embeddable":true,"href":"https:\/\/diariodominicano.com\/index.php?rest_route=%2Fwp%2Fv2%2Fcategories&post=122835"},{"taxonomy":"post_tag","embeddable":true,"href":"https:\/\/diariodominicano.com\/index.php?rest_route=%2Fwp%2Fv2%2Ftags&post=122835"}],"curies":[{"name":"wp","href":"https:\/\/api.w.org\/{rel}","templated":true}]}}